{"id":941,"date":"2021-09-26T01:28:57","date_gmt":"2021-09-26T04:28:57","guid":{"rendered":"https:\/\/rosarinos.edu.uy\/?p=941"},"modified":"2021-09-26T01:30:00","modified_gmt":"2021-09-26T04:30:00","slug":"dia-1-de-la-novena","status":"publish","type":"post","link":"https:\/\/rosarinos.edu.uy\/index.php\/2021\/09\/26\/dia-1-de-la-novena\/","title":{"rendered":"28 de setiembre"},"content":{"rendered":"<h5>Oraci\u00f3n inicial<\/h5>\n<p>Oh Virgen Mar\u00eda dulce refugio y consuelo de nuestra vida, seas tu mi estrella que ilumine y gu\u00ede mis pasos, ll\u00e9vame siempre de la mano para agradar a Dios toda mi vida. Que el Rosario sea mi escudo en las batallas, en las tristezas y en la alegr\u00eda. Am\u00e9n.<\/p>\n<p>&nbsp;<\/p>\n<h5>D\u00cdA PRIMERO DE LA NOVENA<\/h5>\n<p>Oh dulce Virgen Mar\u00eda, mi alma se llena de alegr\u00eda al repetir el Ave Mar\u00eda. Te damos gracias por la divina oraci\u00f3n del Rosario, te queremos acompa\u00f1ar en el gozo que inund\u00f3 tu alma en la concepci\u00f3n al sentirte llena de Dios. Que el Esp\u00edritu Santo nos una a todos con esta hermosa oraci\u00f3n.<\/p>\n<h5>Intenci\u00f3n:<br \/>\nPor todas las familias.<\/h5>\n<h5>Rezo: Padre Nuestro, Ave Mar\u00eda.<br \/>\nNuestra Se\u00f1ora del Rosario ruega por nosotros.<\/h5>\n","protected":false},"excerpt":{"rendered":"<p>Oraci\u00f3n inicial Oh Virgen Mar\u00eda dulce refugio y consuelo de nuestra vida, seas tu mi estrella que ilumine y gu\u00ede mis pasos, ll\u00e9vame siempre de la mano para agradar a Dios toda mi vida. Que el Rosario sea mi escudo en las batallas, en las tristezas y en la alegr\u00eda. Am\u00e9n. &nbsp; D\u00cdA PRIMERO DE &hellip; <a href=\"https:\/\/rosarinos.edu.uy\/index.php\/2021\/09\/26\/dia-1-de-la-novena\/\" class=\"more-link\">Continue reading<span class=\"screen-reader-text\"> \u00ab28 de setiembre\u00bb<\/span><\/a><\/p>\n","protected":false},"author":4,"featured_media":937,"comment_status":"closed","ping_status":"closed","sticky":false,"template":"","format":"standard","meta":{"footnotes":""},"categories":[1],"tags":[],"class_list":["post-941","post","type-post","status-publish","format-standard","has-post-thumbnail","hentry","category-sin-categoria"],"yoast_head":"<!-- This site is optimized with the Yoast SEO plugin v27.5 - https:\/\/yoast.com\/product\/yoast-seo-wordpress\/ -->\n<title>28 de setiembre - Colegio Nuestra Se\u00f1ora del Rosario<\/title>\n<meta name=\"robots\" content=\"index, follow, max-snippet:-1, max-image-preview:large, max-video-preview:-1\" \/>\n<link rel=\"canonical\" href=\"https:\/\/rosarinos.edu.uy\/index.php\/2021\/09\/26\/dia-1-de-la-novena\/\" \/>\n<meta property=\"og:locale\" content=\"es_ES\" \/>\n<meta property=\"og:type\" content=\"article\" \/>\n<meta property=\"og:title\" content=\"28 de setiembre - Colegio Nuestra Se\u00f1ora del Rosario\" \/>\n<meta property=\"og:description\" content=\"Oraci\u00f3n inicial Oh Virgen Mar\u00eda dulce refugio y consuelo de nuestra vida, seas tu mi estrella que ilumine y gu\u00ede mis pasos, ll\u00e9vame siempre de la mano para agradar a Dios toda mi vida. Que el Rosario sea mi escudo en las batallas, en las tristezas y en la alegr\u00eda. Am\u00e9n. &nbsp; D\u00cdA PRIMERO DE &hellip; Continue reading &quot;28 de setiembre&quot;\" \/>\n<meta property=\"og:url\" content=\"https:\/\/rosarinos.edu.uy\/index.php\/2021\/09\/26\/dia-1-de-la-novena\/\" \/>\n<meta property=\"og:site_name\" content=\"Colegio Nuestra Se\u00f1ora del Rosario\" \/>\n<meta property=\"article:published_time\" content=\"2021-09-26T04:28:57+00:00\" \/>\n<meta property=\"article:modified_time\" content=\"2021-09-26T04:30:00+00:00\" \/>\n<meta property=\"og:image\" content=\"https:\/\/rosarinos.edu.uy\/wp-content\/uploads\/2021\/09\/destacada-web.png\" \/>\n\t<meta property=\"og:image:width\" content=\"854\" \/>\n\t<meta property=\"og:image:height\" content=\"480\" \/>\n\t<meta property=\"og:image:type\" content=\"image\/png\" \/>\n<meta name=\"author\" content=\"Jos\u00e9 Castro\" \/>\n<meta name=\"twitter:card\" content=\"summary_large_image\" \/>\n<meta name=\"twitter:label1\" content=\"Escrito por\" \/>\n\t<meta name=\"twitter:data1\" content=\"Jos\u00e9 Castro\" \/>\n\t<meta name=\"twitter:label2\" content=\"Tiempo de lectura\" \/>\n\t<meta name=\"twitter:data2\" content=\"1 minuto\" \/>\n<script type=\"application\/ld+json\" class=\"yoast-schema-graph\">{\"@context\":\"https:\\\/\\\/schema.org\",\"@graph\":[{\"@type\":\"Article\",\"@id\":\"https:\\\/\\\/rosarinos.edu.uy\\\/index.php\\\/2021\\\/09\\\/26\\\/dia-1-de-la-novena\\\/#article\",\"isPartOf\":{\"@id\":\"https:\\\/\\\/rosarinos.edu.uy\\\/index.php\\\/2021\\\/09\\\/26\\\/dia-1-de-la-novena\\\/\"},\"author\":{\"name\":\"Jos\u00e9 Castro\",\"@id\":\"https:\\\/\\\/rosarinos.edu.uy\\\/#\\\/schema\\\/person\\\/1f4852d1637b54b6aaf7c0699ee37537\"},\"headline\":\"28 de setiembre\",\"datePublished\":\"2021-09-26T04:28:57+00:00\",\"dateModified\":\"2021-09-26T04:30:00+00:00\",\"mainEntityOfPage\":{\"@id\":\"https:\\\/\\\/rosarinos.edu.uy\\\/index.php\\\/2021\\\/09\\\/26\\\/dia-1-de-la-novena\\\/\"},\"wordCount\":148,\"image\":{\"@id\":\"https:\\\/\\\/rosarinos.edu.uy\\\/index.php\\\/2021\\\/09\\\/26\\\/dia-1-de-la-novena\\\/#primaryimage\"},\"thumbnailUrl\":\"https:\\\/\\\/rosarinos.edu.uy\\\/wp-content\\\/uploads\\\/2021\\\/09\\\/destacada-web.png\",\"inLanguage\":\"es\"},{\"@type\":\"WebPage\",\"@id\":\"https:\\\/\\\/rosarinos.edu.uy\\\/index.php\\\/2021\\\/09\\\/26\\\/dia-1-de-la-novena\\\/\",\"url\":\"https:\\\/\\\/rosarinos.edu.uy\\\/index.php\\\/2021\\\/09\\\/26\\\/dia-1-de-la-novena\\\/\",\"name\":\"28 de setiembre - Colegio Nuestra Se\u00f1ora del Rosario\",\"isPartOf\":{\"@id\":\"https:\\\/\\\/rosarinos.edu.uy\\\/#website\"},\"primaryImageOfPage\":{\"@id\":\"https:\\\/\\\/rosarinos.edu.uy\\\/index.php\\\/2021\\\/09\\\/26\\\/dia-1-de-la-novena\\\/#primaryimage\"},\"image\":{\"@id\":\"https:\\\/\\\/rosarinos.edu.uy\\\/index.php\\\/2021\\\/09\\\/26\\\/dia-1-de-la-novena\\\/#primaryimage\"},\"thumbnailUrl\":\"https:\\\/\\\/rosarinos.edu.uy\\\/wp-content\\\/uploads\\\/2021\\\/09\\\/destacada-web.png\",\"datePublished\":\"2021-09-26T04:28:57+00:00\",\"dateModified\":\"2021-09-26T04:30:00+00:00\",\"author\":{\"@id\":\"https:\\\/\\\/rosarinos.edu.uy\\\/#\\\/schema\\\/person\\\/1f4852d1637b54b6aaf7c0699ee37537\"},\"breadcrumb\":{\"@id\":\"https:\\\/\\\/rosarinos.edu.uy\\\/index.php\\\/2021\\\/09\\\/26\\\/dia-1-de-la-novena\\\/#breadcrumb\"},\"inLanguage\":\"es\",\"potentialAction\":[{\"@type\":\"ReadAction\",\"target\":[\"https:\\\/\\\/rosarinos.edu.uy\\\/index.php\\\/2021\\\/09\\\/26\\\/dia-1-de-la-novena\\\/\"]}]},{\"@type\":\"ImageObject\",\"inLanguage\":\"es\",\"@id\":\"https:\\\/\\\/rosarinos.edu.uy\\\/index.php\\\/2021\\\/09\\\/26\\\/dia-1-de-la-novena\\\/#primaryimage\",\"url\":\"https:\\\/\\\/rosarinos.edu.uy\\\/wp-content\\\/uploads\\\/2021\\\/09\\\/destacada-web.png\",\"contentUrl\":\"https:\\\/\\\/rosarinos.edu.uy\\\/wp-content\\\/uploads\\\/2021\\\/09\\\/destacada-web.png\",\"width\":854,\"height\":480},{\"@type\":\"BreadcrumbList\",\"@id\":\"https:\\\/\\\/rosarinos.edu.uy\\\/index.php\\\/2021\\\/09\\\/26\\\/dia-1-de-la-novena\\\/#breadcrumb\",\"itemListElement\":[{\"@type\":\"ListItem\",\"position\":1,\"name\":\"Home\",\"item\":\"https:\\\/\\\/rosarinos.edu.uy\\\/\"},{\"@type\":\"ListItem\",\"position\":2,\"name\":\"28 de setiembre\"}]},{\"@type\":\"WebSite\",\"@id\":\"https:\\\/\\\/rosarinos.edu.uy\\\/#website\",\"url\":\"https:\\\/\\\/rosarinos.edu.uy\\\/\",\"name\":\"Colegio Nuestra Se\u00f1ora del Rosario\",\"description\":\"Nuestra identidad como Colegio se compone de la suma de distintos aspectos que nos hacen una instituci\u00f3n educativa con caracter\u00edsticas propias, donde toda la comunidad educativa vive una experiencia \u00fanica.\",\"potentialAction\":[{\"@type\":\"SearchAction\",\"target\":{\"@type\":\"EntryPoint\",\"urlTemplate\":\"https:\\\/\\\/rosarinos.edu.uy\\\/?s={search_term_string}\"},\"query-input\":{\"@type\":\"PropertyValueSpecification\",\"valueRequired\":true,\"valueName\":\"search_term_string\"}}],\"inLanguage\":\"es\"},{\"@type\":\"Person\",\"@id\":\"https:\\\/\\\/rosarinos.edu.uy\\\/#\\\/schema\\\/person\\\/1f4852d1637b54b6aaf7c0699ee37537\",\"name\":\"Jos\u00e9 Castro\",\"url\":\"https:\\\/\\\/rosarinos.edu.uy\\\/index.php\\\/author\\\/jcastro\\\/\"}]}<\/script>\n<!-- \/ Yoast SEO plugin. -->","yoast_head_json":{"title":"28 de setiembre - Colegio Nuestra Se\u00f1ora del Rosario","robots":{"index":"index","follow":"follow","max-snippet":"max-snippet:-1","max-image-preview":"max-image-preview:large","max-video-preview":"max-video-preview:-1"},"canonical":"https:\/\/rosarinos.edu.uy\/index.php\/2021\/09\/26\/dia-1-de-la-novena\/","og_locale":"es_ES","og_type":"article","og_title":"28 de setiembre - Colegio Nuestra Se\u00f1ora del Rosario","og_description":"Oraci\u00f3n inicial Oh Virgen Mar\u00eda dulce refugio y consuelo de nuestra vida, seas tu mi estrella que ilumine y gu\u00ede mis pasos, ll\u00e9vame siempre de la mano para agradar a Dios toda mi vida. Que el Rosario sea mi escudo en las batallas, en las tristezas y en la alegr\u00eda. Am\u00e9n. &nbsp; D\u00cdA PRIMERO DE &hellip; Continue reading \"28 de setiembre\"","og_url":"https:\/\/rosarinos.edu.uy\/index.php\/2021\/09\/26\/dia-1-de-la-novena\/","og_site_name":"Colegio Nuestra Se\u00f1ora del Rosario","article_published_time":"2021-09-26T04:28:57+00:00","article_modified_time":"2021-09-26T04:30:00+00:00","og_image":[{"width":854,"height":480,"url":"https:\/\/rosarinos.edu.uy\/wp-content\/uploads\/2021\/09\/destacada-web.png","type":"image\/png"}],"author":"Jos\u00e9 Castro","twitter_card":"summary_large_image","twitter_misc":{"Escrito por":"Jos\u00e9 Castro","Tiempo de lectura":"1 minuto"},"schema":{"@context":"https:\/\/schema.org","@graph":[{"@type":"Article","@id":"https:\/\/rosarinos.edu.uy\/index.php\/2021\/09\/26\/dia-1-de-la-novena\/#article","isPartOf":{"@id":"https:\/\/rosarinos.edu.uy\/index.php\/2021\/09\/26\/dia-1-de-la-novena\/"},"author":{"name":"Jos\u00e9 Castro","@id":"https:\/\/rosarinos.edu.uy\/#\/schema\/person\/1f4852d1637b54b6aaf7c0699ee37537"},"headline":"28 de setiembre","datePublished":"2021-09-26T04:28:57+00:00","dateModified":"2021-09-26T04:30:00+00:00","mainEntityOfPage":{"@id":"https:\/\/rosarinos.edu.uy\/index.php\/2021\/09\/26\/dia-1-de-la-novena\/"},"wordCount":148,"image":{"@id":"https:\/\/rosarinos.edu.uy\/index.php\/2021\/09\/26\/dia-1-de-la-novena\/#primaryimage"},"thumbnailUrl":"https:\/\/rosarinos.edu.uy\/wp-content\/uploads\/2021\/09\/destacada-web.png","inLanguage":"es"},{"@type":"WebPage","@id":"https:\/\/rosarinos.edu.uy\/index.php\/2021\/09\/26\/dia-1-de-la-novena\/","url":"https:\/\/rosarinos.edu.uy\/index.php\/2021\/09\/26\/dia-1-de-la-novena\/","name":"28 de setiembre - Colegio Nuestra Se\u00f1ora del Rosario","isPartOf":{"@id":"https:\/\/rosarinos.edu.uy\/#website"},"primaryImageOfPage":{"@id":"https:\/\/rosarinos.edu.uy\/index.php\/2021\/09\/26\/dia-1-de-la-novena\/#primaryimage"},"image":{"@id":"https:\/\/rosarinos.edu.uy\/index.php\/2021\/09\/26\/dia-1-de-la-novena\/#primaryimage"},"thumbnailUrl":"https:\/\/rosarinos.edu.uy\/wp-content\/uploads\/2021\/09\/destacada-web.png","datePublished":"2021-09-26T04:28:57+00:00","dateModified":"2021-09-26T04:30:00+00:00","author":{"@id":"https:\/\/rosarinos.edu.uy\/#\/schema\/person\/1f4852d1637b54b6aaf7c0699ee37537"},"breadcrumb":{"@id":"https:\/\/rosarinos.edu.uy\/index.php\/2021\/09\/26\/dia-1-de-la-novena\/#breadcrumb"},"inLanguage":"es","potentialAction":[{"@type":"ReadAction","target":["https:\/\/rosarinos.edu.uy\/index.php\/2021\/09\/26\/dia-1-de-la-novena\/"]}]},{"@type":"ImageObject","inLanguage":"es","@id":"https:\/\/rosarinos.edu.uy\/index.php\/2021\/09\/26\/dia-1-de-la-novena\/#primaryimage","url":"https:\/\/rosarinos.edu.uy\/wp-content\/uploads\/2021\/09\/destacada-web.png","contentUrl":"https:\/\/rosarinos.edu.uy\/wp-content\/uploads\/2021\/09\/destacada-web.png","width":854,"height":480},{"@type":"BreadcrumbList","@id":"https:\/\/rosarinos.edu.uy\/index.php\/2021\/09\/26\/dia-1-de-la-novena\/#breadcrumb","itemListElement":[{"@type":"ListItem","position":1,"name":"Home","item":"https:\/\/rosarinos.edu.uy\/"},{"@type":"ListItem","position":2,"name":"28 de setiembre"}]},{"@type":"WebSite","@id":"https:\/\/rosarinos.edu.uy\/#website","url":"https:\/\/rosarinos.edu.uy\/","name":"Colegio Nuestra Se\u00f1ora del Rosario","description":"Nuestra identidad como Colegio se compone de la suma de distintos aspectos que nos hacen una instituci\u00f3n educativa con caracter\u00edsticas propias, donde toda la comunidad educativa vive una experiencia \u00fanica.","potentialAction":[{"@type":"SearchAction","target":{"@type":"EntryPoint","urlTemplate":"https:\/\/rosarinos.edu.uy\/?s={search_term_string}"},"query-input":{"@type":"PropertyValueSpecification","valueRequired":true,"valueName":"search_term_string"}}],"inLanguage":"es"},{"@type":"Person","@id":"https:\/\/rosarinos.edu.uy\/#\/schema\/person\/1f4852d1637b54b6aaf7c0699ee37537","name":"Jos\u00e9 Castro","url":"https:\/\/rosarinos.edu.uy\/index.php\/author\/jcastro\/"}]}},"_links":{"self":[{"href":"https:\/\/rosarinos.edu.uy\/index.php\/wp-json\/wp\/v2\/posts\/941","targetHints":{"allow":["GET"]}}],"collection":[{"href":"https:\/\/rosarinos.edu.uy\/index.php\/wp-json\/wp\/v2\/posts"}],"about":[{"href":"https:\/\/rosarinos.edu.uy\/index.php\/wp-json\/wp\/v2\/types\/post"}],"author":[{"embeddable":true,"href":"https:\/\/rosarinos.edu.uy\/index.php\/wp-json\/wp\/v2\/users\/4"}],"replies":[{"embeddable":true,"href":"https:\/\/rosarinos.edu.uy\/index.php\/wp-json\/wp\/v2\/comments?post=941"}],"version-history":[{"count":2,"href":"https:\/\/rosarinos.edu.uy\/index.php\/wp-json\/wp\/v2\/posts\/941\/revisions"}],"predecessor-version":[{"id":943,"href":"https:\/\/rosarinos.edu.uy\/index.php\/wp-json\/wp\/v2\/posts\/941\/revisions\/943"}],"wp:featuredmedia":[{"embeddable":true,"href":"https:\/\/rosarinos.edu.uy\/index.php\/wp-json\/wp\/v2\/media\/937"}],"wp:attachment":[{"href":"https:\/\/rosarinos.edu.uy\/index.php\/wp-json\/wp\/v2\/media?parent=941"}],"wp:term":[{"taxonomy":"category","embeddable":true,"href":"https:\/\/rosarinos.edu.uy\/index.php\/wp-json\/wp\/v2\/categories?post=941"},{"taxonomy":"post_tag","embeddable":true,"href":"https:\/\/rosarinos.edu.uy\/index.php\/wp-json\/wp\/v2\/tags?post=941"}],"curies":[{"name":"wp","href":"https:\/\/api.w.org\/{rel}","templated":true}]}}