{"id":936,"date":"2023-09-27T01:57:01","date_gmt":"2023-09-27T04:57:01","guid":{"rendered":"https:\/\/rosarinos.edu.uy\/?p=936"},"modified":"2023-09-27T11:10:54","modified_gmt":"2023-09-27T14:10:54","slug":"segui-la-novena-rosarina","status":"publish","type":"post","link":"https:\/\/rosarinos.edu.uy\/index.php\/2023\/09\/27\/segui-la-novena-rosarina\/","title":{"rendered":"Novena Rosarina 2023"},"content":{"rendered":"<h5>\u00a1Nos preparamos para nuestras fiestas patronales\u00a0 del 7 de octubre, D\u00eda de Nuestra Se\u00f1ora del Rosario!<\/h5>\n<p>&nbsp;<\/p>\n<h5>Puedes seguir la novena haciendo clic en el enlace de cada d\u00eda:<\/h5>\n<p>&nbsp;<\/p>\n<h5><a href=\"https:\/\/rosarinos.edu.uy\/index.php\/2021\/09\/26\/dia-1-de-la-novena\/\">D\u00eda 1 &#8211; Jueves 28\u00a0 de setiembre<\/a><\/h5>\n<h5><a href=\"https:\/\/rosarinos.edu.uy\/index.php\/2021\/09\/26\/29-de-setiembre\/\">D\u00eda 2 &#8211; Viernes 29 de setiembre<\/a><\/h5>\n<h5><a href=\"https:\/\/rosarinos.edu.uy\/index.php\/2021\/09\/26\/30-de-setiembre\/\">D\u00eda 3 &#8211; S\u00e1bado 30 de setiembre<\/a><\/h5>\n<h5><a href=\"https:\/\/rosarinos.edu.uy\/index.php\/2021\/09\/26\/1-de-octubre\/\">D\u00eda 4 &#8211; Domingo 1 de octubre<\/a><\/h5>\n<h5><a href=\"https:\/\/rosarinos.edu.uy\/index.php\/2021\/09\/26\/2-de-octubre\/\">D\u00eda 5 &#8211; Lunes 2 de octubre<\/a><\/h5>\n<h5><a href=\"https:\/\/rosarinos.edu.uy\/index.php\/2021\/09\/26\/3-de-octubre\/\">D\u00eda 6 &#8211; Martes 3 de octubre<\/a><\/h5>\n<h5><a href=\"https:\/\/rosarinos.edu.uy\/index.php\/2021\/09\/26\/4-de-octubre\/\">D\u00eda 7 &#8211; Mi\u00e9rcoles 4 de octubre<\/a><\/h5>\n<h5><a href=\"https:\/\/rosarinos.edu.uy\/index.php\/2021\/09\/26\/5-de-octubre\/\">D\u00eda 8 &#8211; Jueves 5 de octubre<\/a><\/h5>\n<h5><a href=\"https:\/\/rosarinos.edu.uy\/index.php\/2021\/09\/26\/6-de-octubre\/\">D\u00eda 9 &#8211; Viernes 6 de octubre<\/a><\/h5>\n<p>&nbsp;<\/p>\n<h5>S\u00e1bado 7 de octubre &#8211; D\u00eda de Nuestra Se\u00f1ora del Rosario<\/h5>\n<h5>Lunes 9 de octubre &#8211; 14:00 hs. &#8211; Misa en Iglesia Cristo Obrero a cargo del Obispo de Canelones Monse\u00f1or Heriberto Bodeant<\/h5>\n<p>&nbsp;<\/p>\n<p><img loading=\"lazy\" decoding=\"async\" class=\"alignnone size-large wp-image-2888\" src=\"https:\/\/rosarinos.edu.uy\/wp-content\/uploads\/2021\/09\/2-1-840x840.png\" alt=\"\" width=\"840\" height=\"840\" srcset=\"https:\/\/rosarinos.edu.uy\/wp-content\/uploads\/2021\/09\/2-1-840x840.png 840w, https:\/\/rosarinos.edu.uy\/wp-content\/uploads\/2021\/09\/2-1-300x300.png 300w, https:\/\/rosarinos.edu.uy\/wp-content\/uploads\/2021\/09\/2-1-150x150.png 150w, https:\/\/rosarinos.edu.uy\/wp-content\/uploads\/2021\/09\/2-1-768x768.png 768w, https:\/\/rosarinos.edu.uy\/wp-content\/uploads\/2021\/09\/2-1.png 1080w\" sizes=\"auto, (max-width: 709px) 85vw, (max-width: 909px) 67vw, (max-width: 1362px) 62vw, 840px\" \/><\/p>\n<p><img loading=\"lazy\" decoding=\"async\" class=\"alignnone size-large wp-image-2887\" src=\"https:\/\/rosarinos.edu.uy\/wp-content\/uploads\/2021\/09\/1-2-840x840.png\" alt=\"\" width=\"840\" height=\"840\" srcset=\"https:\/\/rosarinos.edu.uy\/wp-content\/uploads\/2021\/09\/1-2-840x840.png 840w, https:\/\/rosarinos.edu.uy\/wp-content\/uploads\/2021\/09\/1-2-300x300.png 300w, https:\/\/rosarinos.edu.uy\/wp-content\/uploads\/2021\/09\/1-2-150x150.png 150w, https:\/\/rosarinos.edu.uy\/wp-content\/uploads\/2021\/09\/1-2-768x768.png 768w, https:\/\/rosarinos.edu.uy\/wp-content\/uploads\/2021\/09\/1-2.png 1080w\" sizes=\"auto, (max-width: 709px) 85vw, (max-width: 909px) 67vw, (max-width: 1362px) 62vw, 840px\" \/><\/p>\n<p>&nbsp;<\/p>\n<h5>Himno a la Virgen del Rosario<\/h5>\n<p><iframe loading=\"lazy\" title=\"Himno a la Virgen del Rosario\" width=\"1140\" height=\"641\" src=\"https:\/\/www.youtube.com\/embed\/cTUK1AVKGH4?feature=oembed\" frameborder=\"0\" allow=\"accelerometer; autoplay; clipboard-write; encrypted-media; gyroscope; picture-in-picture; web-share\" allowfullscreen><\/iframe><\/p>\n<h5>Letra<\/h5>\n<p>\u00abTu rosario es mi escudo y fortaleza,<br \/>\nla cadena que a ti nos enlaz\u00f3,<br \/>\nno hay blas\u00f3n que supere mi nobleza,<br \/>\nhija soy del rosal de Jeric\u00f3.<br \/>\nComo gajos de lirios y de rosas<br \/>\ndesprendidos de nuestro coraz\u00f3n,<br \/>\nhoy elevan tus hijas cari\u00f1osas<br \/>\na los pies de tu trono, su oraci\u00f3n.<br \/>\nEs aquella plegaria que aprendimos,<br \/>\nde tus labios tan puros a rezar,<br \/>\nla oraci\u00f3n que mil veces repetimos<br \/>\na la sombra bendita de tu altar:<br \/>\nDios te salve dulc\u00edsima Mar\u00eda<br \/>\nde los cielos y tierra emperatriz<br \/>\nen la dicha, sost\u00e9n y en la agon\u00eda,<br \/>\nfiel presagio de un tr\u00e1nsito feliz&#8230;\u00bb<\/p>\n","protected":false},"excerpt":{"rendered":"<p>\u00a1Nos preparamos para nuestras fiestas patronales\u00a0 del 7 de octubre, D\u00eda de Nuestra Se\u00f1ora del Rosario! &nbsp; Puedes seguir la novena haciendo clic en el enlace de cada d\u00eda: &nbsp; D\u00eda 1 &#8211; Jueves 28\u00a0 de setiembre D\u00eda 2 &#8211; Viernes 29 de setiembre D\u00eda 3 &#8211; S\u00e1bado 30 de setiembre D\u00eda 4 &#8211; Domingo &hellip; <a href=\"https:\/\/rosarinos.edu.uy\/index.php\/2023\/09\/27\/segui-la-novena-rosarina\/\" class=\"more-link\">Continue reading<span class=\"screen-reader-text\"> \u00abNovena Rosarina 2023\u00bb<\/span><\/a><\/p>\n","protected":false},"author":4,"featured_media":937,"comment_status":"closed","ping_status":"closed","sticky":false,"template":"","format":"standard","meta":{"footnotes":""},"categories":[4,1],"tags":[],"class_list":["post-936","post","type-post","status-publish","format-standard","has-post-thumbnail","hentry","category-noticias","category-sin-categoria"],"yoast_head":"<!-- This site is optimized with the Yoast SEO plugin v27.5 - https:\/\/yoast.com\/product\/yoast-seo-wordpress\/ -->\n<title>Novena Rosarina 2023 - Colegio Nuestra Se\u00f1ora del Rosario<\/title>\n<meta name=\"robots\" content=\"index, follow, max-snippet:-1, max-image-preview:large, max-video-preview:-1\" \/>\n<link rel=\"canonical\" href=\"https:\/\/rosarinos.edu.uy\/index.php\/2023\/09\/27\/segui-la-novena-rosarina\/\" \/>\n<meta property=\"og:locale\" content=\"es_ES\" \/>\n<meta property=\"og:type\" content=\"article\" \/>\n<meta property=\"og:title\" content=\"Novena Rosarina 2023 - Colegio Nuestra Se\u00f1ora del Rosario\" \/>\n<meta property=\"og:description\" content=\"\u00a1Nos preparamos para nuestras fiestas patronales\u00a0 del 7 de octubre, D\u00eda de Nuestra Se\u00f1ora del Rosario! &nbsp; Puedes seguir la novena haciendo clic en el enlace de cada d\u00eda: &nbsp; D\u00eda 1 &#8211; Jueves 28\u00a0 de setiembre D\u00eda 2 &#8211; Viernes 29 de setiembre D\u00eda 3 &#8211; S\u00e1bado 30 de setiembre D\u00eda 4 &#8211; Domingo &hellip; Continue reading &quot;Novena Rosarina 2023&quot;\" \/>\n<meta property=\"og:url\" content=\"https:\/\/rosarinos.edu.uy\/index.php\/2023\/09\/27\/segui-la-novena-rosarina\/\" \/>\n<meta property=\"og:site_name\" content=\"Colegio Nuestra Se\u00f1ora del Rosario\" \/>\n<meta property=\"article:published_time\" content=\"2023-09-27T04:57:01+00:00\" \/>\n<meta property=\"article:modified_time\" content=\"2023-09-27T14:10:54+00:00\" \/>\n<meta property=\"og:image\" content=\"https:\/\/rosarinos.edu.uy\/wp-content\/uploads\/2021\/09\/destacada-web.png\" \/>\n\t<meta property=\"og:image:width\" content=\"854\" \/>\n\t<meta property=\"og:image:height\" content=\"480\" \/>\n\t<meta property=\"og:image:type\" content=\"image\/png\" \/>\n<meta name=\"author\" content=\"Jos\u00e9 Castro\" \/>\n<meta name=\"twitter:card\" content=\"summary_large_image\" \/>\n<meta name=\"twitter:label1\" content=\"Escrito por\" \/>\n\t<meta name=\"twitter:data1\" content=\"Jos\u00e9 Castro\" \/>\n\t<meta name=\"twitter:label2\" content=\"Tiempo de lectura\" \/>\n\t<meta name=\"twitter:data2\" content=\"2 minutos\" \/>\n<script type=\"application\/ld+json\" class=\"yoast-schema-graph\">{\"@context\":\"https:\\\/\\\/schema.org\",\"@graph\":[{\"@type\":\"Article\",\"@id\":\"https:\\\/\\\/rosarinos.edu.uy\\\/index.php\\\/2023\\\/09\\\/27\\\/segui-la-novena-rosarina\\\/#article\",\"isPartOf\":{\"@id\":\"https:\\\/\\\/rosarinos.edu.uy\\\/index.php\\\/2023\\\/09\\\/27\\\/segui-la-novena-rosarina\\\/\"},\"author\":{\"name\":\"Jos\u00e9 Castro\",\"@id\":\"https:\\\/\\\/rosarinos.edu.uy\\\/#\\\/schema\\\/person\\\/1f4852d1637b54b6aaf7c0699ee37537\"},\"headline\":\"Novena Rosarina 2023\",\"datePublished\":\"2023-09-27T04:57:01+00:00\",\"dateModified\":\"2023-09-27T14:10:54+00:00\",\"mainEntityOfPage\":{\"@id\":\"https:\\\/\\\/rosarinos.edu.uy\\\/index.php\\\/2023\\\/09\\\/27\\\/segui-la-novena-rosarina\\\/\"},\"wordCount\":255,\"image\":{\"@id\":\"https:\\\/\\\/rosarinos.edu.uy\\\/index.php\\\/2023\\\/09\\\/27\\\/segui-la-novena-rosarina\\\/#primaryimage\"},\"thumbnailUrl\":\"https:\\\/\\\/rosarinos.edu.uy\\\/wp-content\\\/uploads\\\/2021\\\/09\\\/destacada-web.png\",\"articleSection\":[\"Noticias\"],\"inLanguage\":\"es\"},{\"@type\":\"WebPage\",\"@id\":\"https:\\\/\\\/rosarinos.edu.uy\\\/index.php\\\/2023\\\/09\\\/27\\\/segui-la-novena-rosarina\\\/\",\"url\":\"https:\\\/\\\/rosarinos.edu.uy\\\/index.php\\\/2023\\\/09\\\/27\\\/segui-la-novena-rosarina\\\/\",\"name\":\"Novena Rosarina 2023 - Colegio Nuestra Se\u00f1ora del Rosario\",\"isPartOf\":{\"@id\":\"https:\\\/\\\/rosarinos.edu.uy\\\/#website\"},\"primaryImageOfPage\":{\"@id\":\"https:\\\/\\\/rosarinos.edu.uy\\\/index.php\\\/2023\\\/09\\\/27\\\/segui-la-novena-rosarina\\\/#primaryimage\"},\"image\":{\"@id\":\"https:\\\/\\\/rosarinos.edu.uy\\\/index.php\\\/2023\\\/09\\\/27\\\/segui-la-novena-rosarina\\\/#primaryimage\"},\"thumbnailUrl\":\"https:\\\/\\\/rosarinos.edu.uy\\\/wp-content\\\/uploads\\\/2021\\\/09\\\/destacada-web.png\",\"datePublished\":\"2023-09-27T04:57:01+00:00\",\"dateModified\":\"2023-09-27T14:10:54+00:00\",\"author\":{\"@id\":\"https:\\\/\\\/rosarinos.edu.uy\\\/#\\\/schema\\\/person\\\/1f4852d1637b54b6aaf7c0699ee37537\"},\"breadcrumb\":{\"@id\":\"https:\\\/\\\/rosarinos.edu.uy\\\/index.php\\\/2023\\\/09\\\/27\\\/segui-la-novena-rosarina\\\/#breadcrumb\"},\"inLanguage\":\"es\",\"potentialAction\":[{\"@type\":\"ReadAction\",\"target\":[\"https:\\\/\\\/rosarinos.edu.uy\\\/index.php\\\/2023\\\/09\\\/27\\\/segui-la-novena-rosarina\\\/\"]}]},{\"@type\":\"ImageObject\",\"inLanguage\":\"es\",\"@id\":\"https:\\\/\\\/rosarinos.edu.uy\\\/index.php\\\/2023\\\/09\\\/27\\\/segui-la-novena-rosarina\\\/#primaryimage\",\"url\":\"https:\\\/\\\/rosarinos.edu.uy\\\/wp-content\\\/uploads\\\/2021\\\/09\\\/destacada-web.png\",\"contentUrl\":\"https:\\\/\\\/rosarinos.edu.uy\\\/wp-content\\\/uploads\\\/2021\\\/09\\\/destacada-web.png\",\"width\":854,\"height\":480},{\"@type\":\"BreadcrumbList\",\"@id\":\"https:\\\/\\\/rosarinos.edu.uy\\\/index.php\\\/2023\\\/09\\\/27\\\/segui-la-novena-rosarina\\\/#breadcrumb\",\"itemListElement\":[{\"@type\":\"ListItem\",\"position\":1,\"name\":\"Home\",\"item\":\"https:\\\/\\\/rosarinos.edu.uy\\\/\"},{\"@type\":\"ListItem\",\"position\":2,\"name\":\"Novena Rosarina 2023\"}]},{\"@type\":\"WebSite\",\"@id\":\"https:\\\/\\\/rosarinos.edu.uy\\\/#website\",\"url\":\"https:\\\/\\\/rosarinos.edu.uy\\\/\",\"name\":\"Colegio Nuestra Se\u00f1ora del Rosario\",\"description\":\"Nuestra identidad como Colegio se compone de la suma de distintos aspectos que nos hacen una instituci\u00f3n educativa con caracter\u00edsticas propias, donde toda la comunidad educativa vive una experiencia \u00fanica.\",\"potentialAction\":[{\"@type\":\"SearchAction\",\"target\":{\"@type\":\"EntryPoint\",\"urlTemplate\":\"https:\\\/\\\/rosarinos.edu.uy\\\/?s={search_term_string}\"},\"query-input\":{\"@type\":\"PropertyValueSpecification\",\"valueRequired\":true,\"valueName\":\"search_term_string\"}}],\"inLanguage\":\"es\"},{\"@type\":\"Person\",\"@id\":\"https:\\\/\\\/rosarinos.edu.uy\\\/#\\\/schema\\\/person\\\/1f4852d1637b54b6aaf7c0699ee37537\",\"name\":\"Jos\u00e9 Castro\",\"url\":\"https:\\\/\\\/rosarinos.edu.uy\\\/index.php\\\/author\\\/jcastro\\\/\"}]}<\/script>\n<!-- \/ Yoast SEO plugin. -->","yoast_head_json":{"title":"Novena Rosarina 2023 - Colegio Nuestra Se\u00f1ora del Rosario","robots":{"index":"index","follow":"follow","max-snippet":"max-snippet:-1","max-image-preview":"max-image-preview:large","max-video-preview":"max-video-preview:-1"},"canonical":"https:\/\/rosarinos.edu.uy\/index.php\/2023\/09\/27\/segui-la-novena-rosarina\/","og_locale":"es_ES","og_type":"article","og_title":"Novena Rosarina 2023 - Colegio Nuestra Se\u00f1ora del Rosario","og_description":"\u00a1Nos preparamos para nuestras fiestas patronales\u00a0 del 7 de octubre, D\u00eda de Nuestra Se\u00f1ora del Rosario! &nbsp; Puedes seguir la novena haciendo clic en el enlace de cada d\u00eda: &nbsp; D\u00eda 1 &#8211; Jueves 28\u00a0 de setiembre D\u00eda 2 &#8211; Viernes 29 de setiembre D\u00eda 3 &#8211; S\u00e1bado 30 de setiembre D\u00eda 4 &#8211; Domingo &hellip; Continue reading \"Novena Rosarina 2023\"","og_url":"https:\/\/rosarinos.edu.uy\/index.php\/2023\/09\/27\/segui-la-novena-rosarina\/","og_site_name":"Colegio Nuestra Se\u00f1ora del Rosario","article_published_time":"2023-09-27T04:57:01+00:00","article_modified_time":"2023-09-27T14:10:54+00:00","og_image":[{"width":854,"height":480,"url":"https:\/\/rosarinos.edu.uy\/wp-content\/uploads\/2021\/09\/destacada-web.png","type":"image\/png"}],"author":"Jos\u00e9 Castro","twitter_card":"summary_large_image","twitter_misc":{"Escrito por":"Jos\u00e9 Castro","Tiempo de lectura":"2 minutos"},"schema":{"@context":"https:\/\/schema.org","@graph":[{"@type":"Article","@id":"https:\/\/rosarinos.edu.uy\/index.php\/2023\/09\/27\/segui-la-novena-rosarina\/#article","isPartOf":{"@id":"https:\/\/rosarinos.edu.uy\/index.php\/2023\/09\/27\/segui-la-novena-rosarina\/"},"author":{"name":"Jos\u00e9 Castro","@id":"https:\/\/rosarinos.edu.uy\/#\/schema\/person\/1f4852d1637b54b6aaf7c0699ee37537"},"headline":"Novena Rosarina 2023","datePublished":"2023-09-27T04:57:01+00:00","dateModified":"2023-09-27T14:10:54+00:00","mainEntityOfPage":{"@id":"https:\/\/rosarinos.edu.uy\/index.php\/2023\/09\/27\/segui-la-novena-rosarina\/"},"wordCount":255,"image":{"@id":"https:\/\/rosarinos.edu.uy\/index.php\/2023\/09\/27\/segui-la-novena-rosarina\/#primaryimage"},"thumbnailUrl":"https:\/\/rosarinos.edu.uy\/wp-content\/uploads\/2021\/09\/destacada-web.png","articleSection":["Noticias"],"inLanguage":"es"},{"@type":"WebPage","@id":"https:\/\/rosarinos.edu.uy\/index.php\/2023\/09\/27\/segui-la-novena-rosarina\/","url":"https:\/\/rosarinos.edu.uy\/index.php\/2023\/09\/27\/segui-la-novena-rosarina\/","name":"Novena Rosarina 2023 - Colegio Nuestra Se\u00f1ora del Rosario","isPartOf":{"@id":"https:\/\/rosarinos.edu.uy\/#website"},"primaryImageOfPage":{"@id":"https:\/\/rosarinos.edu.uy\/index.php\/2023\/09\/27\/segui-la-novena-rosarina\/#primaryimage"},"image":{"@id":"https:\/\/rosarinos.edu.uy\/index.php\/2023\/09\/27\/segui-la-novena-rosarina\/#primaryimage"},"thumbnailUrl":"https:\/\/rosarinos.edu.uy\/wp-content\/uploads\/2021\/09\/destacada-web.png","datePublished":"2023-09-27T04:57:01+00:00","dateModified":"2023-09-27T14:10:54+00:00","author":{"@id":"https:\/\/rosarinos.edu.uy\/#\/schema\/person\/1f4852d1637b54b6aaf7c0699ee37537"},"breadcrumb":{"@id":"https:\/\/rosarinos.edu.uy\/index.php\/2023\/09\/27\/segui-la-novena-rosarina\/#breadcrumb"},"inLanguage":"es","potentialAction":[{"@type":"ReadAction","target":["https:\/\/rosarinos.edu.uy\/index.php\/2023\/09\/27\/segui-la-novena-rosarina\/"]}]},{"@type":"ImageObject","inLanguage":"es","@id":"https:\/\/rosarinos.edu.uy\/index.php\/2023\/09\/27\/segui-la-novena-rosarina\/#primaryimage","url":"https:\/\/rosarinos.edu.uy\/wp-content\/uploads\/2021\/09\/destacada-web.png","contentUrl":"https:\/\/rosarinos.edu.uy\/wp-content\/uploads\/2021\/09\/destacada-web.png","width":854,"height":480},{"@type":"BreadcrumbList","@id":"https:\/\/rosarinos.edu.uy\/index.php\/2023\/09\/27\/segui-la-novena-rosarina\/#breadcrumb","itemListElement":[{"@type":"ListItem","position":1,"name":"Home","item":"https:\/\/rosarinos.edu.uy\/"},{"@type":"ListItem","position":2,"name":"Novena Rosarina 2023"}]},{"@type":"WebSite","@id":"https:\/\/rosarinos.edu.uy\/#website","url":"https:\/\/rosarinos.edu.uy\/","name":"Colegio Nuestra Se\u00f1ora del Rosario","description":"Nuestra identidad como Colegio se compone de la suma de distintos aspectos que nos hacen una instituci\u00f3n educativa con caracter\u00edsticas propias, donde toda la comunidad educativa vive una experiencia \u00fanica.","potentialAction":[{"@type":"SearchAction","target":{"@type":"EntryPoint","urlTemplate":"https:\/\/rosarinos.edu.uy\/?s={search_term_string}"},"query-input":{"@type":"PropertyValueSpecification","valueRequired":true,"valueName":"search_term_string"}}],"inLanguage":"es"},{"@type":"Person","@id":"https:\/\/rosarinos.edu.uy\/#\/schema\/person\/1f4852d1637b54b6aaf7c0699ee37537","name":"Jos\u00e9 Castro","url":"https:\/\/rosarinos.edu.uy\/index.php\/author\/jcastro\/"}]}},"_links":{"self":[{"href":"https:\/\/rosarinos.edu.uy\/index.php\/wp-json\/wp\/v2\/posts\/936","targetHints":{"allow":["GET"]}}],"collection":[{"href":"https:\/\/rosarinos.edu.uy\/index.php\/wp-json\/wp\/v2\/posts"}],"about":[{"href":"https:\/\/rosarinos.edu.uy\/index.php\/wp-json\/wp\/v2\/types\/post"}],"author":[{"embeddable":true,"href":"https:\/\/rosarinos.edu.uy\/index.php\/wp-json\/wp\/v2\/users\/4"}],"replies":[{"embeddable":true,"href":"https:\/\/rosarinos.edu.uy\/index.php\/wp-json\/wp\/v2\/comments?post=936"}],"version-history":[{"count":12,"href":"https:\/\/rosarinos.edu.uy\/index.php\/wp-json\/wp\/v2\/posts\/936\/revisions"}],"predecessor-version":[{"id":2894,"href":"https:\/\/rosarinos.edu.uy\/index.php\/wp-json\/wp\/v2\/posts\/936\/revisions\/2894"}],"wp:featuredmedia":[{"embeddable":true,"href":"https:\/\/rosarinos.edu.uy\/index.php\/wp-json\/wp\/v2\/media\/937"}],"wp:attachment":[{"href":"https:\/\/rosarinos.edu.uy\/index.php\/wp-json\/wp\/v2\/media?parent=936"}],"wp:term":[{"taxonomy":"category","embeddable":true,"href":"https:\/\/rosarinos.edu.uy\/index.php\/wp-json\/wp\/v2\/categories?post=936"},{"taxonomy":"post_tag","embeddable":true,"href":"https:\/\/rosarinos.edu.uy\/index.php\/wp-json\/wp\/v2\/tags?post=936"}],"curies":[{"name":"wp","href":"https:\/\/api.w.org\/{rel}","templated":true}]}}