{"id":872,"date":"2021-07-27T16:26:52","date_gmt":"2021-07-27T19:26:52","guid":{"rendered":"http:\/\/039-cnsr.isf-uy.com\/?p=872"},"modified":"2021-09-21T13:23:42","modified_gmt":"2021-09-21T16:23:42","slug":"orgullosos-embajadores-del-patrimonio-mundial","status":"publish","type":"post","link":"https:\/\/rosarinos.edu.uy\/index.php\/2021\/07\/27\/orgullosos-embajadores-del-patrimonio-mundial\/","title":{"rendered":"Orgullosos embajadores del Patrimonio Mundial"},"content":{"rendered":"<p><span style=\"font-weight: 400;\">El d\u00eda 27 de julio de 2021 quedar\u00e1 marcado en la historia de la Costa de Oro y del Uruguay. Por tercera vez, la UNESCO inclu\u00eda un bien de valor material en territorio uruguayo en la Lista de Patrimonio Mundial. La Iglesia Cristo Obrero, obra maestra del Ing. Eladio Dieste y s\u00edmbolo de vanguardia arquitect\u00f3nica, engalana desde ese d\u00eda la presencia de Uruguay en esa lista.<\/span><\/p>\n<p><span style=\"font-weight: 400;\">Sobre las 9:30 de la ma\u00f1ana aproximadamente, muy cerca de la Iglesia, decenas de alumnos rosarinos siguieron en vivo la transmisi\u00f3n de la Asamblea de la UNESCO en pantalla gigante. Sesionando desde China y con una agenda regida por la hora francesa, la Asamblea representaba en los alumnos y docentes del Colegio una ansiedad que repentinamente se transform\u00f3 en gritos de felicidad y algarab\u00eda, como si Uruguay hubiera sido campe\u00f3n del mundo.<\/span><\/p>\n<p><img loading=\"lazy\" decoding=\"async\" class=\"alignnone size-full wp-image-873\" src=\"https:\/\/rosarinos.edu.uy\/wp-content\/uploads\/2021\/09\/DDA1.jpeg\" alt=\"\" width=\"853\" height=\"480\" srcset=\"https:\/\/rosarinos.edu.uy\/wp-content\/uploads\/2021\/09\/DDA1.jpeg 853w, https:\/\/rosarinos.edu.uy\/wp-content\/uploads\/2021\/09\/DDA1-300x169.jpeg 300w, https:\/\/rosarinos.edu.uy\/wp-content\/uploads\/2021\/09\/DDA1-840x473.jpeg 840w, https:\/\/rosarinos.edu.uy\/wp-content\/uploads\/2021\/09\/DDA1-768x432.jpeg 768w\" sizes=\"auto, (max-width: 709px) 85vw, (max-width: 909px) 67vw, (max-width: 1362px) 62vw, 840px\" \/><\/p>\n<p><span style=\"font-weight: 400;\">Los alumnos del Colegio y Liceo Nuestra Se\u00f1ora del Rosario en Estaci\u00f3n Atl\u00e1ntida crecen y se educan corriendo y jugando entre los ladrillos de Dieste. All\u00ed tambi\u00e9n reciben su formaci\u00f3n cristiana y reciben el sacramento de la Comuni\u00f3n. Desde ahora, su paisaje cotidiano, ser\u00e1 una meta m\u00e1s en los viajes de miles de personas del mundo.<\/span><\/p>\n<p><img loading=\"lazy\" decoding=\"async\" class=\"alignnone size-full wp-image-877\" src=\"https:\/\/rosarinos.edu.uy\/wp-content\/uploads\/2021\/09\/DDA5.jpg\" alt=\"\" width=\"720\" height=\"480\" srcset=\"https:\/\/rosarinos.edu.uy\/wp-content\/uploads\/2021\/09\/DDA5.jpg 720w, https:\/\/rosarinos.edu.uy\/wp-content\/uploads\/2021\/09\/DDA5-300x200.jpg 300w\" sizes=\"auto, (max-width: 709px) 85vw, (max-width: 909px) 67vw, (max-width: 984px) 61vw, (max-width: 1362px) 45vw, 600px\" \/><\/p>\n<p><span style=\"font-weight: 400;\">Ese momento, que quedar\u00e1 marcado para siempre en la historia del centro educativo, fue captado a trav\u00e9s de un video que dio la vuelta al mundo. El equipo del Colegio ha recibido saludos por parte de autoridades nacionales, departamentales, asesores internacionales, la familia Dieste, todos quienes vieron las im\u00e1genes en sus tel\u00e9fonos celulares y redes sociales. La felicidad de esos ni\u00f1os y j\u00f3venes dio el toque humano a los protocolos y ceremoniales de ese d\u00eda.<\/span><\/p>\n<p><iframe loading=\"lazy\" title=\"As\u00ed vivimos en el Cole la sesi\u00f3n de la UNESCO\" width=\"1140\" height=\"641\" src=\"https:\/\/www.youtube.com\/embed\/94w7IPkS9MQ?feature=oembed\" frameborder=\"0\" allow=\"accelerometer; autoplay; clipboard-write; encrypted-media; gyroscope; picture-in-picture\" allowfullscreen><\/iframe><\/p>\n<p><span style=\"font-weight: 400;\">El s\u00e1bado 31 de julio, con la presencia del Obispo Heriberto Bodeant, el Padre Luis D\u00edaz, el Ministro de Educaci\u00f3n Pablo Da Silveira, la viceministra Ana Ribeiro, el Intendente de Canelones Yamand\u00fa Orsi, el Alcalde Gustavo Gonz\u00e1lez, el Arq. Esteban Dieste, el experto Ciro Caraballo y dem\u00e1s referentes en el tema, dos delegaciones de alumnos del Colegio representaron a la instituci\u00f3n en la Misa y en el Acto Oficial en conmemoraci\u00f3n del hito hist\u00f3rico.<\/span><\/p>\n<p><span style=\"font-weight: 400;\">El Colegio ya se prepara para los desaf\u00edos y responsabilidades que este nombramiento representa en su proyecto educativo. Se preparan para ser \u201cembajadores\u201d de clase mundial de un patrimonio que los llena de orgullo y felicidad.<\/span><\/p>\n<p><img loading=\"lazy\" decoding=\"async\" class=\"alignnone size-full wp-image-875\" src=\"https:\/\/rosarinos.edu.uy\/wp-content\/uploads\/2021\/09\/DDA3.jpg\" alt=\"\" width=\"719\" height=\"480\" srcset=\"https:\/\/rosarinos.edu.uy\/wp-content\/uploads\/2021\/09\/DDA3.jpg 719w, https:\/\/rosarinos.edu.uy\/wp-content\/uploads\/2021\/09\/DDA3-300x200.jpg 300w\" sizes=\"auto, (max-width: 709px) 85vw, (max-width: 909px) 67vw, (max-width: 984px) 61vw, (max-width: 1362px) 45vw, 600px\" \/> <img loading=\"lazy\" decoding=\"async\" class=\"alignnone size-full wp-image-874\" src=\"https:\/\/rosarinos.edu.uy\/wp-content\/uploads\/2021\/09\/DDA2.jpg\" alt=\"\" width=\"719\" height=\"480\" srcset=\"https:\/\/rosarinos.edu.uy\/wp-content\/uploads\/2021\/09\/DDA2.jpg 719w, https:\/\/rosarinos.edu.uy\/wp-content\/uploads\/2021\/09\/DDA2-300x200.jpg 300w\" sizes=\"auto, (max-width: 709px) 85vw, (max-width: 909px) 67vw, (max-width: 984px) 61vw, (max-width: 1362px) 45vw, 600px\" \/><\/p>\n<p><img loading=\"lazy\" decoding=\"async\" class=\"alignnone size-full wp-image-915\" src=\"https:\/\/rosarinos.edu.uy\/wp-content\/uploads\/2021\/09\/IMG3478.jpg\" alt=\"\" width=\"719\" height=\"480\" srcset=\"https:\/\/rosarinos.edu.uy\/wp-content\/uploads\/2021\/09\/IMG3478.jpg 719w, https:\/\/rosarinos.edu.uy\/wp-content\/uploads\/2021\/09\/IMG3478-300x200.jpg 300w\" sizes=\"auto, (max-width: 709px) 85vw, (max-width: 909px) 67vw, (max-width: 984px) 61vw, (max-width: 1362px) 45vw, 600px\" \/> <img loading=\"lazy\" decoding=\"async\" class=\"alignnone size-full wp-image-916\" src=\"https:\/\/rosarinos.edu.uy\/wp-content\/uploads\/2021\/09\/IMG3531.jpg\" alt=\"\" width=\"719\" height=\"480\" srcset=\"https:\/\/rosarinos.edu.uy\/wp-content\/uploads\/2021\/09\/IMG3531.jpg 719w, https:\/\/rosarinos.edu.uy\/wp-content\/uploads\/2021\/09\/IMG3531-300x200.jpg 300w\" sizes=\"auto, (max-width: 709px) 85vw, (max-width: 909px) 67vw, (max-width: 984px) 61vw, (max-width: 1362px) 45vw, 600px\" \/> <img loading=\"lazy\" decoding=\"async\" class=\"alignnone size-full wp-image-917\" src=\"https:\/\/rosarinos.edu.uy\/wp-content\/uploads\/2021\/09\/2012-07-31-Est-Atlantida-1-de-29.jpg\" alt=\"\" width=\"720\" height=\"480\" srcset=\"https:\/\/rosarinos.edu.uy\/wp-content\/uploads\/2021\/09\/2012-07-31-Est-Atlantida-1-de-29.jpg 720w, https:\/\/rosarinos.edu.uy\/wp-content\/uploads\/2021\/09\/2012-07-31-Est-Atlantida-1-de-29-300x200.jpg 300w\" sizes=\"auto, (max-width: 709px) 85vw, (max-width: 909px) 67vw, (max-width: 984px) 61vw, (max-width: 1362px) 45vw, 600px\" \/> <img loading=\"lazy\" decoding=\"async\" class=\"alignnone size-full wp-image-918\" src=\"https:\/\/rosarinos.edu.uy\/wp-content\/uploads\/2021\/09\/2012-07-31-Est-Atlantida-8-de-29.jpg\" alt=\"\" width=\"720\" height=\"480\" srcset=\"https:\/\/rosarinos.edu.uy\/wp-content\/uploads\/2021\/09\/2012-07-31-Est-Atlantida-8-de-29.jpg 720w, https:\/\/rosarinos.edu.uy\/wp-content\/uploads\/2021\/09\/2012-07-31-Est-Atlantida-8-de-29-300x200.jpg 300w\" sizes=\"auto, (max-width: 709px) 85vw, (max-width: 909px) 67vw, (max-width: 984px) 61vw, (max-width: 1362px) 45vw, 600px\" \/> <img loading=\"lazy\" decoding=\"async\" class=\"alignnone size-full wp-image-919\" src=\"https:\/\/rosarinos.edu.uy\/wp-content\/uploads\/2021\/09\/2012-07-31-Est-Atlantida-15-de-29.jpg\" alt=\"\" width=\"720\" height=\"480\" srcset=\"https:\/\/rosarinos.edu.uy\/wp-content\/uploads\/2021\/09\/2012-07-31-Est-Atlantida-15-de-29.jpg 720w, https:\/\/rosarinos.edu.uy\/wp-content\/uploads\/2021\/09\/2012-07-31-Est-Atlantida-15-de-29-300x200.jpg 300w\" sizes=\"auto, (max-width: 709px) 85vw, (max-width: 909px) 67vw, (max-width: 984px) 61vw, (max-width: 1362px) 45vw, 600px\" \/> <img loading=\"lazy\" decoding=\"async\" class=\"alignnone size-full wp-image-920\" src=\"https:\/\/rosarinos.edu.uy\/wp-content\/uploads\/2021\/09\/2012-07-31-Est-Atlantida-20-de-29.jpg\" alt=\"\" width=\"720\" height=\"480\" srcset=\"https:\/\/rosarinos.edu.uy\/wp-content\/uploads\/2021\/09\/2012-07-31-Est-Atlantida-20-de-29.jpg 720w, https:\/\/rosarinos.edu.uy\/wp-content\/uploads\/2021\/09\/2012-07-31-Est-Atlantida-20-de-29-300x200.jpg 300w\" sizes=\"auto, (max-width: 709px) 85vw, (max-width: 909px) 67vw, (max-width: 984px) 61vw, (max-width: 1362px) 45vw, 600px\" \/><img loading=\"lazy\" decoding=\"async\" class=\"alignnone size-full wp-image-922\" src=\"https:\/\/rosarinos.edu.uy\/wp-content\/uploads\/2021\/09\/DDA4-1.jpg\" alt=\"\" width=\"720\" height=\"480\" srcset=\"https:\/\/rosarinos.edu.uy\/wp-content\/uploads\/2021\/09\/DDA4-1.jpg 720w, https:\/\/rosarinos.edu.uy\/wp-content\/uploads\/2021\/09\/DDA4-1-300x200.jpg 300w\" sizes=\"auto, (max-width: 709px) 85vw, (max-width: 909px) 67vw, (max-width: 984px) 61vw, (max-width: 1362px) 45vw, 600px\" \/><\/p>\n","protected":false},"excerpt":{"rendered":"<p>El d\u00eda 27 de julio de 2021 quedar\u00e1 marcado en la historia de la Costa de Oro y del Uruguay. Por tercera vez, la UNESCO inclu\u00eda un bien de valor material en territorio uruguayo en la Lista de Patrimonio Mundial. La Iglesia Cristo Obrero, obra maestra del Ing. Eladio Dieste y s\u00edmbolo de vanguardia arquitect\u00f3nica, &hellip; <a href=\"https:\/\/rosarinos.edu.uy\/index.php\/2021\/07\/27\/orgullosos-embajadores-del-patrimonio-mundial\/\" class=\"more-link\">Continue reading<span class=\"screen-reader-text\"> \u00abOrgullosos embajadores del Patrimonio Mundial\u00bb<\/span><\/a><\/p>\n","protected":false},"author":4,"featured_media":921,"comment_status":"closed","ping_status":"closed","sticky":false,"template":"","format":"standard","meta":{"footnotes":""},"categories":[4],"tags":[],"class_list":["post-872","post","type-post","status-publish","format-standard","has-post-thumbnail","hentry","category-noticias"],"yoast_head":"<!-- This site is optimized with the Yoast SEO plugin v27.5 - https:\/\/yoast.com\/product\/yoast-seo-wordpress\/ -->\n<title>Orgullosos embajadores del Patrimonio Mundial - Colegio Nuestra Se\u00f1ora del Rosario<\/title>\n<meta name=\"robots\" content=\"index, follow, max-snippet:-1, max-image-preview:large, max-video-preview:-1\" \/>\n<link rel=\"canonical\" href=\"https:\/\/rosarinos.edu.uy\/index.php\/2021\/07\/27\/orgullosos-embajadores-del-patrimonio-mundial\/\" \/>\n<meta property=\"og:locale\" content=\"es_ES\" \/>\n<meta property=\"og:type\" content=\"article\" \/>\n<meta property=\"og:title\" content=\"Orgullosos embajadores del Patrimonio Mundial - Colegio Nuestra Se\u00f1ora del Rosario\" \/>\n<meta property=\"og:description\" content=\"El d\u00eda 27 de julio de 2021 quedar\u00e1 marcado en la historia de la Costa de Oro y del Uruguay. Por tercera vez, la UNESCO inclu\u00eda un bien de valor material en territorio uruguayo en la Lista de Patrimonio Mundial. La Iglesia Cristo Obrero, obra maestra del Ing. Eladio Dieste y s\u00edmbolo de vanguardia arquitect\u00f3nica, &hellip; Continue reading &quot;Orgullosos embajadores del Patrimonio Mundial&quot;\" \/>\n<meta property=\"og:url\" content=\"https:\/\/rosarinos.edu.uy\/index.php\/2021\/07\/27\/orgullosos-embajadores-del-patrimonio-mundial\/\" \/>\n<meta property=\"og:site_name\" content=\"Colegio Nuestra Se\u00f1ora del Rosario\" \/>\n<meta property=\"article:published_time\" content=\"2021-07-27T19:26:52+00:00\" \/>\n<meta property=\"article:modified_time\" content=\"2021-09-21T16:23:42+00:00\" \/>\n<meta property=\"og:image\" content=\"https:\/\/rosarinos.edu.uy\/wp-content\/uploads\/2021\/09\/IMG3316.jpg\" \/>\n\t<meta property=\"og:image:width\" content=\"720\" \/>\n\t<meta property=\"og:image:height\" content=\"480\" \/>\n\t<meta property=\"og:image:type\" content=\"image\/jpeg\" \/>\n<meta name=\"author\" content=\"Jos\u00e9 Castro\" \/>\n<meta name=\"twitter:card\" content=\"summary_large_image\" \/>\n<meta name=\"twitter:label1\" content=\"Escrito por\" \/>\n\t<meta name=\"twitter:data1\" content=\"Jos\u00e9 Castro\" \/>\n\t<meta name=\"twitter:label2\" content=\"Tiempo de lectura\" \/>\n\t<meta name=\"twitter:data2\" content=\"2 minutos\" \/>\n<script type=\"application\/ld+json\" class=\"yoast-schema-graph\">{\"@context\":\"https:\\\/\\\/schema.org\",\"@graph\":[{\"@type\":\"Article\",\"@id\":\"https:\\\/\\\/rosarinos.edu.uy\\\/index.php\\\/2021\\\/07\\\/27\\\/orgullosos-embajadores-del-patrimonio-mundial\\\/#article\",\"isPartOf\":{\"@id\":\"https:\\\/\\\/rosarinos.edu.uy\\\/index.php\\\/2021\\\/07\\\/27\\\/orgullosos-embajadores-del-patrimonio-mundial\\\/\"},\"author\":{\"name\":\"Jos\u00e9 Castro\",\"@id\":\"https:\\\/\\\/rosarinos.edu.uy\\\/#\\\/schema\\\/person\\\/1f4852d1637b54b6aaf7c0699ee37537\"},\"headline\":\"Orgullosos embajadores del Patrimonio Mundial\",\"datePublished\":\"2021-07-27T19:26:52+00:00\",\"dateModified\":\"2021-09-21T16:23:42+00:00\",\"mainEntityOfPage\":{\"@id\":\"https:\\\/\\\/rosarinos.edu.uy\\\/index.php\\\/2021\\\/07\\\/27\\\/orgullosos-embajadores-del-patrimonio-mundial\\\/\"},\"wordCount\":419,\"image\":{\"@id\":\"https:\\\/\\\/rosarinos.edu.uy\\\/index.php\\\/2021\\\/07\\\/27\\\/orgullosos-embajadores-del-patrimonio-mundial\\\/#primaryimage\"},\"thumbnailUrl\":\"https:\\\/\\\/rosarinos.edu.uy\\\/wp-content\\\/uploads\\\/2021\\\/09\\\/IMG3316.jpg\",\"articleSection\":[\"Noticias\"],\"inLanguage\":\"es\"},{\"@type\":\"WebPage\",\"@id\":\"https:\\\/\\\/rosarinos.edu.uy\\\/index.php\\\/2021\\\/07\\\/27\\\/orgullosos-embajadores-del-patrimonio-mundial\\\/\",\"url\":\"https:\\\/\\\/rosarinos.edu.uy\\\/index.php\\\/2021\\\/07\\\/27\\\/orgullosos-embajadores-del-patrimonio-mundial\\\/\",\"name\":\"Orgullosos embajadores del Patrimonio Mundial - Colegio Nuestra Se\u00f1ora del Rosario\",\"isPartOf\":{\"@id\":\"https:\\\/\\\/rosarinos.edu.uy\\\/#website\"},\"primaryImageOfPage\":{\"@id\":\"https:\\\/\\\/rosarinos.edu.uy\\\/index.php\\\/2021\\\/07\\\/27\\\/orgullosos-embajadores-del-patrimonio-mundial\\\/#primaryimage\"},\"image\":{\"@id\":\"https:\\\/\\\/rosarinos.edu.uy\\\/index.php\\\/2021\\\/07\\\/27\\\/orgullosos-embajadores-del-patrimonio-mundial\\\/#primaryimage\"},\"thumbnailUrl\":\"https:\\\/\\\/rosarinos.edu.uy\\\/wp-content\\\/uploads\\\/2021\\\/09\\\/IMG3316.jpg\",\"datePublished\":\"2021-07-27T19:26:52+00:00\",\"dateModified\":\"2021-09-21T16:23:42+00:00\",\"author\":{\"@id\":\"https:\\\/\\\/rosarinos.edu.uy\\\/#\\\/schema\\\/person\\\/1f4852d1637b54b6aaf7c0699ee37537\"},\"breadcrumb\":{\"@id\":\"https:\\\/\\\/rosarinos.edu.uy\\\/index.php\\\/2021\\\/07\\\/27\\\/orgullosos-embajadores-del-patrimonio-mundial\\\/#breadcrumb\"},\"inLanguage\":\"es\",\"potentialAction\":[{\"@type\":\"ReadAction\",\"target\":[\"https:\\\/\\\/rosarinos.edu.uy\\\/index.php\\\/2021\\\/07\\\/27\\\/orgullosos-embajadores-del-patrimonio-mundial\\\/\"]}]},{\"@type\":\"ImageObject\",\"inLanguage\":\"es\",\"@id\":\"https:\\\/\\\/rosarinos.edu.uy\\\/index.php\\\/2021\\\/07\\\/27\\\/orgullosos-embajadores-del-patrimonio-mundial\\\/#primaryimage\",\"url\":\"https:\\\/\\\/rosarinos.edu.uy\\\/wp-content\\\/uploads\\\/2021\\\/09\\\/IMG3316.jpg\",\"contentUrl\":\"https:\\\/\\\/rosarinos.edu.uy\\\/wp-content\\\/uploads\\\/2021\\\/09\\\/IMG3316.jpg\",\"width\":720,\"height\":480},{\"@type\":\"BreadcrumbList\",\"@id\":\"https:\\\/\\\/rosarinos.edu.uy\\\/index.php\\\/2021\\\/07\\\/27\\\/orgullosos-embajadores-del-patrimonio-mundial\\\/#breadcrumb\",\"itemListElement\":[{\"@type\":\"ListItem\",\"position\":1,\"name\":\"Home\",\"item\":\"https:\\\/\\\/rosarinos.edu.uy\\\/\"},{\"@type\":\"ListItem\",\"position\":2,\"name\":\"Orgullosos embajadores del Patrimonio Mundial\"}]},{\"@type\":\"WebSite\",\"@id\":\"https:\\\/\\\/rosarinos.edu.uy\\\/#website\",\"url\":\"https:\\\/\\\/rosarinos.edu.uy\\\/\",\"name\":\"Colegio Nuestra Se\u00f1ora del Rosario\",\"description\":\"Nuestra identidad como Colegio se compone de la suma de distintos aspectos que nos hacen una instituci\u00f3n educativa con caracter\u00edsticas propias, donde toda la comunidad educativa vive una experiencia \u00fanica.\",\"potentialAction\":[{\"@type\":\"SearchAction\",\"target\":{\"@type\":\"EntryPoint\",\"urlTemplate\":\"https:\\\/\\\/rosarinos.edu.uy\\\/?s={search_term_string}\"},\"query-input\":{\"@type\":\"PropertyValueSpecification\",\"valueRequired\":true,\"valueName\":\"search_term_string\"}}],\"inLanguage\":\"es\"},{\"@type\":\"Person\",\"@id\":\"https:\\\/\\\/rosarinos.edu.uy\\\/#\\\/schema\\\/person\\\/1f4852d1637b54b6aaf7c0699ee37537\",\"name\":\"Jos\u00e9 Castro\",\"url\":\"https:\\\/\\\/rosarinos.edu.uy\\\/index.php\\\/author\\\/jcastro\\\/\"}]}<\/script>\n<!-- \/ Yoast SEO plugin. -->","yoast_head_json":{"title":"Orgullosos embajadores del Patrimonio Mundial - Colegio Nuestra Se\u00f1ora del Rosario","robots":{"index":"index","follow":"follow","max-snippet":"max-snippet:-1","max-image-preview":"max-image-preview:large","max-video-preview":"max-video-preview:-1"},"canonical":"https:\/\/rosarinos.edu.uy\/index.php\/2021\/07\/27\/orgullosos-embajadores-del-patrimonio-mundial\/","og_locale":"es_ES","og_type":"article","og_title":"Orgullosos embajadores del Patrimonio Mundial - Colegio Nuestra Se\u00f1ora del Rosario","og_description":"El d\u00eda 27 de julio de 2021 quedar\u00e1 marcado en la historia de la Costa de Oro y del Uruguay. Por tercera vez, la UNESCO inclu\u00eda un bien de valor material en territorio uruguayo en la Lista de Patrimonio Mundial. La Iglesia Cristo Obrero, obra maestra del Ing. Eladio Dieste y s\u00edmbolo de vanguardia arquitect\u00f3nica, &hellip; Continue reading \"Orgullosos embajadores del Patrimonio Mundial\"","og_url":"https:\/\/rosarinos.edu.uy\/index.php\/2021\/07\/27\/orgullosos-embajadores-del-patrimonio-mundial\/","og_site_name":"Colegio Nuestra Se\u00f1ora del Rosario","article_published_time":"2021-07-27T19:26:52+00:00","article_modified_time":"2021-09-21T16:23:42+00:00","og_image":[{"width":720,"height":480,"url":"https:\/\/rosarinos.edu.uy\/wp-content\/uploads\/2021\/09\/IMG3316.jpg","type":"image\/jpeg"}],"author":"Jos\u00e9 Castro","twitter_card":"summary_large_image","twitter_misc":{"Escrito por":"Jos\u00e9 Castro","Tiempo de lectura":"2 minutos"},"schema":{"@context":"https:\/\/schema.org","@graph":[{"@type":"Article","@id":"https:\/\/rosarinos.edu.uy\/index.php\/2021\/07\/27\/orgullosos-embajadores-del-patrimonio-mundial\/#article","isPartOf":{"@id":"https:\/\/rosarinos.edu.uy\/index.php\/2021\/07\/27\/orgullosos-embajadores-del-patrimonio-mundial\/"},"author":{"name":"Jos\u00e9 Castro","@id":"https:\/\/rosarinos.edu.uy\/#\/schema\/person\/1f4852d1637b54b6aaf7c0699ee37537"},"headline":"Orgullosos embajadores del Patrimonio Mundial","datePublished":"2021-07-27T19:26:52+00:00","dateModified":"2021-09-21T16:23:42+00:00","mainEntityOfPage":{"@id":"https:\/\/rosarinos.edu.uy\/index.php\/2021\/07\/27\/orgullosos-embajadores-del-patrimonio-mundial\/"},"wordCount":419,"image":{"@id":"https:\/\/rosarinos.edu.uy\/index.php\/2021\/07\/27\/orgullosos-embajadores-del-patrimonio-mundial\/#primaryimage"},"thumbnailUrl":"https:\/\/rosarinos.edu.uy\/wp-content\/uploads\/2021\/09\/IMG3316.jpg","articleSection":["Noticias"],"inLanguage":"es"},{"@type":"WebPage","@id":"https:\/\/rosarinos.edu.uy\/index.php\/2021\/07\/27\/orgullosos-embajadores-del-patrimonio-mundial\/","url":"https:\/\/rosarinos.edu.uy\/index.php\/2021\/07\/27\/orgullosos-embajadores-del-patrimonio-mundial\/","name":"Orgullosos embajadores del Patrimonio Mundial - Colegio Nuestra Se\u00f1ora del Rosario","isPartOf":{"@id":"https:\/\/rosarinos.edu.uy\/#website"},"primaryImageOfPage":{"@id":"https:\/\/rosarinos.edu.uy\/index.php\/2021\/07\/27\/orgullosos-embajadores-del-patrimonio-mundial\/#primaryimage"},"image":{"@id":"https:\/\/rosarinos.edu.uy\/index.php\/2021\/07\/27\/orgullosos-embajadores-del-patrimonio-mundial\/#primaryimage"},"thumbnailUrl":"https:\/\/rosarinos.edu.uy\/wp-content\/uploads\/2021\/09\/IMG3316.jpg","datePublished":"2021-07-27T19:26:52+00:00","dateModified":"2021-09-21T16:23:42+00:00","author":{"@id":"https:\/\/rosarinos.edu.uy\/#\/schema\/person\/1f4852d1637b54b6aaf7c0699ee37537"},"breadcrumb":{"@id":"https:\/\/rosarinos.edu.uy\/index.php\/2021\/07\/27\/orgullosos-embajadores-del-patrimonio-mundial\/#breadcrumb"},"inLanguage":"es","potentialAction":[{"@type":"ReadAction","target":["https:\/\/rosarinos.edu.uy\/index.php\/2021\/07\/27\/orgullosos-embajadores-del-patrimonio-mundial\/"]}]},{"@type":"ImageObject","inLanguage":"es","@id":"https:\/\/rosarinos.edu.uy\/index.php\/2021\/07\/27\/orgullosos-embajadores-del-patrimonio-mundial\/#primaryimage","url":"https:\/\/rosarinos.edu.uy\/wp-content\/uploads\/2021\/09\/IMG3316.jpg","contentUrl":"https:\/\/rosarinos.edu.uy\/wp-content\/uploads\/2021\/09\/IMG3316.jpg","width":720,"height":480},{"@type":"BreadcrumbList","@id":"https:\/\/rosarinos.edu.uy\/index.php\/2021\/07\/27\/orgullosos-embajadores-del-patrimonio-mundial\/#breadcrumb","itemListElement":[{"@type":"ListItem","position":1,"name":"Home","item":"https:\/\/rosarinos.edu.uy\/"},{"@type":"ListItem","position":2,"name":"Orgullosos embajadores del Patrimonio Mundial"}]},{"@type":"WebSite","@id":"https:\/\/rosarinos.edu.uy\/#website","url":"https:\/\/rosarinos.edu.uy\/","name":"Colegio Nuestra Se\u00f1ora del Rosario","description":"Nuestra identidad como Colegio se compone de la suma de distintos aspectos que nos hacen una instituci\u00f3n educativa con caracter\u00edsticas propias, donde toda la comunidad educativa vive una experiencia \u00fanica.","potentialAction":[{"@type":"SearchAction","target":{"@type":"EntryPoint","urlTemplate":"https:\/\/rosarinos.edu.uy\/?s={search_term_string}"},"query-input":{"@type":"PropertyValueSpecification","valueRequired":true,"valueName":"search_term_string"}}],"inLanguage":"es"},{"@type":"Person","@id":"https:\/\/rosarinos.edu.uy\/#\/schema\/person\/1f4852d1637b54b6aaf7c0699ee37537","name":"Jos\u00e9 Castro","url":"https:\/\/rosarinos.edu.uy\/index.php\/author\/jcastro\/"}]}},"_links":{"self":[{"href":"https:\/\/rosarinos.edu.uy\/index.php\/wp-json\/wp\/v2\/posts\/872","targetHints":{"allow":["GET"]}}],"collection":[{"href":"https:\/\/rosarinos.edu.uy\/index.php\/wp-json\/wp\/v2\/posts"}],"about":[{"href":"https:\/\/rosarinos.edu.uy\/index.php\/wp-json\/wp\/v2\/types\/post"}],"author":[{"embeddable":true,"href":"https:\/\/rosarinos.edu.uy\/index.php\/wp-json\/wp\/v2\/users\/4"}],"replies":[{"embeddable":true,"href":"https:\/\/rosarinos.edu.uy\/index.php\/wp-json\/wp\/v2\/comments?post=872"}],"version-history":[{"count":5,"href":"https:\/\/rosarinos.edu.uy\/index.php\/wp-json\/wp\/v2\/posts\/872\/revisions"}],"predecessor-version":[{"id":923,"href":"https:\/\/rosarinos.edu.uy\/index.php\/wp-json\/wp\/v2\/posts\/872\/revisions\/923"}],"wp:featuredmedia":[{"embeddable":true,"href":"https:\/\/rosarinos.edu.uy\/index.php\/wp-json\/wp\/v2\/media\/921"}],"wp:attachment":[{"href":"https:\/\/rosarinos.edu.uy\/index.php\/wp-json\/wp\/v2\/media?parent=872"}],"wp:term":[{"taxonomy":"category","embeddable":true,"href":"https:\/\/rosarinos.edu.uy\/index.php\/wp-json\/wp\/v2\/categories?post=872"},{"taxonomy":"post_tag","embeddable":true,"href":"https:\/\/rosarinos.edu.uy\/index.php\/wp-json\/wp\/v2\/tags?post=872"}],"curies":[{"name":"wp","href":"https:\/\/api.w.org\/{rel}","templated":true}]}}