{"id":3723,"date":"2024-03-12T18:38:08","date_gmt":"2024-03-12T21:38:08","guid":{"rendered":"https:\/\/rosarinos.edu.uy\/?p=3723"},"modified":"2024-03-12T18:38:08","modified_gmt":"2024-03-12T21:38:08","slug":"rosarinos-en-ccifa-se-inauguro-espacio-cowork","status":"publish","type":"post","link":"https:\/\/rosarinos.edu.uy\/index.php\/2024\/03\/12\/rosarinos-en-ccifa-se-inauguro-espacio-cowork\/","title":{"rendered":"Rosarinos en CCIFA: se inaugur\u00f3 espacio Cowork"},"content":{"rendered":"<p>El d\u00eda 12 de marzo de 2024, una delegaci\u00f3n de Rosarinos, compuesta por Jos\u00e9 Castro (director general), Marcelo Mart\u00ednez (finanzas), Gimena S\u00e1nchez (orientaci\u00f3n educacional) y Sof\u00eda Vidal (secretar\u00eda), particip\u00f3 junto a organizaciones sociales, autoridades y todos quienes hacen al Centro Comercial, Industrial y de Fomento de Atl\u00e1ntida, de la inauguraci\u00f3n del nuevo Espacio Cowork de la instituci\u00f3n.<\/p>\n<p>Rosarinos hizo entrega de una placa destacando el compromiso de CCIFA y renovando el deseo de seguir colaborando juntos con el desarrollo integral de Atl\u00e1ntida y la Costa de Oro.<\/p>\n<div id='gallery-1' class='gallery galleryid-3723 gallery-columns-3 gallery-size-medium'><figure class='gallery-item'>\n\t\t\t<div class='gallery-icon landscape'>\n\t\t\t\t<a href='https:\/\/rosarinos.edu.uy\/wp-content\/uploads\/2024\/03\/1-1.png'><img loading=\"lazy\" decoding=\"async\" width=\"300\" height=\"169\" src=\"https:\/\/rosarinos.edu.uy\/wp-content\/uploads\/2024\/03\/1-1-300x169.png\" class=\"attachment-medium size-medium\" alt=\"\" srcset=\"https:\/\/rosarinos.edu.uy\/wp-content\/uploads\/2024\/03\/1-1-300x169.png 300w, https:\/\/rosarinos.edu.uy\/wp-content\/uploads\/2024\/03\/1-1-840x472.png 840w, https:\/\/rosarinos.edu.uy\/wp-content\/uploads\/2024\/03\/1-1-768x432.png 768w, https:\/\/rosarinos.edu.uy\/wp-content\/uploads\/2024\/03\/1-1.png 854w\" sizes=\"auto, (max-width: 300px) 85vw, 300px\" \/><\/a>\n\t\t\t<\/div><\/figure><figure class='gallery-item'>\n\t\t\t<div class='gallery-icon landscape'>\n\t\t\t\t<a href='https:\/\/rosarinos.edu.uy\/wp-content\/uploads\/2024\/03\/2-1.png'><img loading=\"lazy\" decoding=\"async\" width=\"300\" height=\"169\" src=\"https:\/\/rosarinos.edu.uy\/wp-content\/uploads\/2024\/03\/2-1-300x169.png\" class=\"attachment-medium size-medium\" alt=\"\" srcset=\"https:\/\/rosarinos.edu.uy\/wp-content\/uploads\/2024\/03\/2-1-300x169.png 300w, https:\/\/rosarinos.edu.uy\/wp-content\/uploads\/2024\/03\/2-1-840x472.png 840w, https:\/\/rosarinos.edu.uy\/wp-content\/uploads\/2024\/03\/2-1-768x432.png 768w, https:\/\/rosarinos.edu.uy\/wp-content\/uploads\/2024\/03\/2-1.png 854w\" sizes=\"auto, (max-width: 300px) 85vw, 300px\" \/><\/a>\n\t\t\t<\/div><\/figure><figure class='gallery-item'>\n\t\t\t<div class='gallery-icon landscape'>\n\t\t\t\t<a href='https:\/\/rosarinos.edu.uy\/wp-content\/uploads\/2024\/03\/3-1.png'><img loading=\"lazy\" decoding=\"async\" width=\"300\" height=\"169\" src=\"https:\/\/rosarinos.edu.uy\/wp-content\/uploads\/2024\/03\/3-1-300x169.png\" class=\"attachment-medium size-medium\" alt=\"\" srcset=\"https:\/\/rosarinos.edu.uy\/wp-content\/uploads\/2024\/03\/3-1-300x169.png 300w, https:\/\/rosarinos.edu.uy\/wp-content\/uploads\/2024\/03\/3-1-840x472.png 840w, https:\/\/rosarinos.edu.uy\/wp-content\/uploads\/2024\/03\/3-1-768x432.png 768w, https:\/\/rosarinos.edu.uy\/wp-content\/uploads\/2024\/03\/3-1.png 854w\" sizes=\"auto, (max-width: 300px) 85vw, 300px\" \/><\/a>\n\t\t\t<\/div><\/figure><figure class='gallery-item'>\n\t\t\t<div class='gallery-icon landscape'>\n\t\t\t\t<a href='https:\/\/rosarinos.edu.uy\/wp-content\/uploads\/2024\/03\/4-1.png'><img loading=\"lazy\" decoding=\"async\" width=\"300\" height=\"169\" src=\"https:\/\/rosarinos.edu.uy\/wp-content\/uploads\/2024\/03\/4-1-300x169.png\" class=\"attachment-medium size-medium\" alt=\"\" srcset=\"https:\/\/rosarinos.edu.uy\/wp-content\/uploads\/2024\/03\/4-1-300x169.png 300w, https:\/\/rosarinos.edu.uy\/wp-content\/uploads\/2024\/03\/4-1-840x472.png 840w, https:\/\/rosarinos.edu.uy\/wp-content\/uploads\/2024\/03\/4-1-768x432.png 768w, https:\/\/rosarinos.edu.uy\/wp-content\/uploads\/2024\/03\/4-1.png 854w\" sizes=\"auto, (max-width: 300px) 85vw, 300px\" \/><\/a>\n\t\t\t<\/div><\/figure><figure class='gallery-item'>\n\t\t\t<div class='gallery-icon landscape'>\n\t\t\t\t<a href='https:\/\/rosarinos.edu.uy\/wp-content\/uploads\/2024\/03\/5-1.png'><img loading=\"lazy\" decoding=\"async\" width=\"300\" height=\"169\" src=\"https:\/\/rosarinos.edu.uy\/wp-content\/uploads\/2024\/03\/5-1-300x169.png\" class=\"attachment-medium size-medium\" alt=\"\" srcset=\"https:\/\/rosarinos.edu.uy\/wp-content\/uploads\/2024\/03\/5-1-300x169.png 300w, https:\/\/rosarinos.edu.uy\/wp-content\/uploads\/2024\/03\/5-1-840x472.png 840w, https:\/\/rosarinos.edu.uy\/wp-content\/uploads\/2024\/03\/5-1-768x432.png 768w, https:\/\/rosarinos.edu.uy\/wp-content\/uploads\/2024\/03\/5-1.png 854w\" sizes=\"auto, (max-width: 300px) 85vw, 300px\" \/><\/a>\n\t\t\t<\/div><\/figure><figure class='gallery-item'>\n\t\t\t<div class='gallery-icon landscape'>\n\t\t\t\t<a href='https:\/\/rosarinos.edu.uy\/wp-content\/uploads\/2024\/03\/6-1.png'><img loading=\"lazy\" decoding=\"async\" width=\"300\" height=\"169\" src=\"https:\/\/rosarinos.edu.uy\/wp-content\/uploads\/2024\/03\/6-1-300x169.png\" class=\"attachment-medium size-medium\" alt=\"\" srcset=\"https:\/\/rosarinos.edu.uy\/wp-content\/uploads\/2024\/03\/6-1-300x169.png 300w, https:\/\/rosarinos.edu.uy\/wp-content\/uploads\/2024\/03\/6-1-840x472.png 840w, https:\/\/rosarinos.edu.uy\/wp-content\/uploads\/2024\/03\/6-1-768x432.png 768w, https:\/\/rosarinos.edu.uy\/wp-content\/uploads\/2024\/03\/6-1.png 854w\" sizes=\"auto, (max-width: 300px) 85vw, 300px\" \/><\/a>\n\t\t\t<\/div><\/figure><figure class='gallery-item'>\n\t\t\t<div class='gallery-icon landscape'>\n\t\t\t\t<a href='https:\/\/rosarinos.edu.uy\/wp-content\/uploads\/2024\/03\/7-1.png'><img loading=\"lazy\" decoding=\"async\" width=\"300\" height=\"169\" src=\"https:\/\/rosarinos.edu.uy\/wp-content\/uploads\/2024\/03\/7-1-300x169.png\" class=\"attachment-medium size-medium\" alt=\"\" srcset=\"https:\/\/rosarinos.edu.uy\/wp-content\/uploads\/2024\/03\/7-1-300x169.png 300w, https:\/\/rosarinos.edu.uy\/wp-content\/uploads\/2024\/03\/7-1-840x472.png 840w, https:\/\/rosarinos.edu.uy\/wp-content\/uploads\/2024\/03\/7-1-768x432.png 768w, https:\/\/rosarinos.edu.uy\/wp-content\/uploads\/2024\/03\/7-1.png 854w\" sizes=\"auto, (max-width: 300px) 85vw, 300px\" \/><\/a>\n\t\t\t<\/div><\/figure><figure class='gallery-item'>\n\t\t\t<div class='gallery-icon landscape'>\n\t\t\t\t<a href='https:\/\/rosarinos.edu.uy\/wp-content\/uploads\/2024\/03\/8-1.png'><img loading=\"lazy\" decoding=\"async\" width=\"300\" height=\"169\" src=\"https:\/\/rosarinos.edu.uy\/wp-content\/uploads\/2024\/03\/8-1-300x169.png\" class=\"attachment-medium size-medium\" alt=\"\" srcset=\"https:\/\/rosarinos.edu.uy\/wp-content\/uploads\/2024\/03\/8-1-300x169.png 300w, https:\/\/rosarinos.edu.uy\/wp-content\/uploads\/2024\/03\/8-1-840x472.png 840w, https:\/\/rosarinos.edu.uy\/wp-content\/uploads\/2024\/03\/8-1-768x432.png 768w, https:\/\/rosarinos.edu.uy\/wp-content\/uploads\/2024\/03\/8-1.png 854w\" sizes=\"auto, (max-width: 300px) 85vw, 300px\" \/><\/a>\n\t\t\t<\/div><\/figure>\n\t\t<\/div>\n\n","protected":false},"excerpt":{"rendered":"<p>El d\u00eda 12 de marzo de 2024, una delegaci\u00f3n de Rosarinos, compuesta por Jos\u00e9 Castro (director general), Marcelo Mart\u00ednez (finanzas), Gimena S\u00e1nchez (orientaci\u00f3n educacional) y Sof\u00eda Vidal (secretar\u00eda), particip\u00f3 junto a organizaciones sociales, autoridades y todos quienes hacen al Centro Comercial, Industrial y de Fomento de Atl\u00e1ntida, de la inauguraci\u00f3n del nuevo Espacio Cowork de &hellip; <a href=\"https:\/\/rosarinos.edu.uy\/index.php\/2024\/03\/12\/rosarinos-en-ccifa-se-inauguro-espacio-cowork\/\" class=\"more-link\">Continue reading<span class=\"screen-reader-text\"> \u00abRosarinos en CCIFA: se inaugur\u00f3 espacio Cowork\u00bb<\/span><\/a><\/p>\n","protected":false},"author":4,"featured_media":3726,"comment_status":"closed","ping_status":"closed","sticky":false,"template":"","format":"standard","meta":{"footnotes":""},"categories":[4],"tags":[],"class_list":["post-3723","post","type-post","status-publish","format-standard","has-post-thumbnail","hentry","category-noticias"],"yoast_head":"<!-- This site is optimized with the Yoast SEO plugin v27.5 - https:\/\/yoast.com\/product\/yoast-seo-wordpress\/ -->\n<title>Rosarinos en CCIFA: se inaugur\u00f3 espacio Cowork - Colegio Nuestra Se\u00f1ora del Rosario<\/title>\n<meta name=\"robots\" content=\"index, follow, max-snippet:-1, max-image-preview:large, max-video-preview:-1\" \/>\n<link rel=\"canonical\" href=\"https:\/\/rosarinos.edu.uy\/index.php\/2024\/03\/12\/rosarinos-en-ccifa-se-inauguro-espacio-cowork\/\" \/>\n<meta property=\"og:locale\" content=\"es_ES\" \/>\n<meta property=\"og:type\" content=\"article\" \/>\n<meta property=\"og:title\" content=\"Rosarinos en CCIFA: se inaugur\u00f3 espacio Cowork - Colegio Nuestra Se\u00f1ora del Rosario\" \/>\n<meta property=\"og:description\" content=\"El d\u00eda 12 de marzo de 2024, una delegaci\u00f3n de Rosarinos, compuesta por Jos\u00e9 Castro (director general), Marcelo Mart\u00ednez (finanzas), Gimena S\u00e1nchez (orientaci\u00f3n educacional) y Sof\u00eda Vidal (secretar\u00eda), particip\u00f3 junto a organizaciones sociales, autoridades y todos quienes hacen al Centro Comercial, Industrial y de Fomento de Atl\u00e1ntida, de la inauguraci\u00f3n del nuevo Espacio Cowork de &hellip; Continue reading &quot;Rosarinos en CCIFA: se inaugur\u00f3 espacio Cowork&quot;\" \/>\n<meta property=\"og:url\" content=\"https:\/\/rosarinos.edu.uy\/index.php\/2024\/03\/12\/rosarinos-en-ccifa-se-inauguro-espacio-cowork\/\" \/>\n<meta property=\"og:site_name\" content=\"Colegio Nuestra Se\u00f1ora del Rosario\" \/>\n<meta property=\"article:published_time\" content=\"2024-03-12T21:38:08+00:00\" \/>\n<meta property=\"og:image\" content=\"https:\/\/rosarinos.edu.uy\/wp-content\/uploads\/2024\/03\/3-1.png\" \/>\n\t<meta property=\"og:image:width\" content=\"854\" \/>\n\t<meta property=\"og:image:height\" content=\"480\" \/>\n\t<meta property=\"og:image:type\" content=\"image\/png\" \/>\n<meta name=\"author\" content=\"Jos\u00e9 Castro\" \/>\n<meta name=\"twitter:card\" content=\"summary_large_image\" \/>\n<meta name=\"twitter:label1\" content=\"Escrito por\" \/>\n\t<meta name=\"twitter:data1\" content=\"Jos\u00e9 Castro\" \/>\n\t<meta name=\"twitter:label2\" content=\"Tiempo de lectura\" \/>\n\t<meta name=\"twitter:data2\" content=\"1 minuto\" \/>\n<script type=\"application\/ld+json\" class=\"yoast-schema-graph\">{\"@context\":\"https:\\\/\\\/schema.org\",\"@graph\":[{\"@type\":\"Article\",\"@id\":\"https:\\\/\\\/rosarinos.edu.uy\\\/index.php\\\/2024\\\/03\\\/12\\\/rosarinos-en-ccifa-se-inauguro-espacio-cowork\\\/#article\",\"isPartOf\":{\"@id\":\"https:\\\/\\\/rosarinos.edu.uy\\\/index.php\\\/2024\\\/03\\\/12\\\/rosarinos-en-ccifa-se-inauguro-espacio-cowork\\\/\"},\"author\":{\"name\":\"Jos\u00e9 Castro\",\"@id\":\"https:\\\/\\\/rosarinos.edu.uy\\\/#\\\/schema\\\/person\\\/1f4852d1637b54b6aaf7c0699ee37537\"},\"headline\":\"Rosarinos en CCIFA: se inaugur\u00f3 espacio Cowork\",\"datePublished\":\"2024-03-12T21:38:08+00:00\",\"mainEntityOfPage\":{\"@id\":\"https:\\\/\\\/rosarinos.edu.uy\\\/index.php\\\/2024\\\/03\\\/12\\\/rosarinos-en-ccifa-se-inauguro-espacio-cowork\\\/\"},\"wordCount\":109,\"image\":{\"@id\":\"https:\\\/\\\/rosarinos.edu.uy\\\/index.php\\\/2024\\\/03\\\/12\\\/rosarinos-en-ccifa-se-inauguro-espacio-cowork\\\/#primaryimage\"},\"thumbnailUrl\":\"https:\\\/\\\/rosarinos.edu.uy\\\/wp-content\\\/uploads\\\/2024\\\/03\\\/3-1.png\",\"articleSection\":[\"Noticias\"],\"inLanguage\":\"es\"},{\"@type\":\"WebPage\",\"@id\":\"https:\\\/\\\/rosarinos.edu.uy\\\/index.php\\\/2024\\\/03\\\/12\\\/rosarinos-en-ccifa-se-inauguro-espacio-cowork\\\/\",\"url\":\"https:\\\/\\\/rosarinos.edu.uy\\\/index.php\\\/2024\\\/03\\\/12\\\/rosarinos-en-ccifa-se-inauguro-espacio-cowork\\\/\",\"name\":\"Rosarinos en CCIFA: se inaugur\u00f3 espacio Cowork - Colegio Nuestra Se\u00f1ora del Rosario\",\"isPartOf\":{\"@id\":\"https:\\\/\\\/rosarinos.edu.uy\\\/#website\"},\"primaryImageOfPage\":{\"@id\":\"https:\\\/\\\/rosarinos.edu.uy\\\/index.php\\\/2024\\\/03\\\/12\\\/rosarinos-en-ccifa-se-inauguro-espacio-cowork\\\/#primaryimage\"},\"image\":{\"@id\":\"https:\\\/\\\/rosarinos.edu.uy\\\/index.php\\\/2024\\\/03\\\/12\\\/rosarinos-en-ccifa-se-inauguro-espacio-cowork\\\/#primaryimage\"},\"thumbnailUrl\":\"https:\\\/\\\/rosarinos.edu.uy\\\/wp-content\\\/uploads\\\/2024\\\/03\\\/3-1.png\",\"datePublished\":\"2024-03-12T21:38:08+00:00\",\"author\":{\"@id\":\"https:\\\/\\\/rosarinos.edu.uy\\\/#\\\/schema\\\/person\\\/1f4852d1637b54b6aaf7c0699ee37537\"},\"breadcrumb\":{\"@id\":\"https:\\\/\\\/rosarinos.edu.uy\\\/index.php\\\/2024\\\/03\\\/12\\\/rosarinos-en-ccifa-se-inauguro-espacio-cowork\\\/#breadcrumb\"},\"inLanguage\":\"es\",\"potentialAction\":[{\"@type\":\"ReadAction\",\"target\":[\"https:\\\/\\\/rosarinos.edu.uy\\\/index.php\\\/2024\\\/03\\\/12\\\/rosarinos-en-ccifa-se-inauguro-espacio-cowork\\\/\"]}]},{\"@type\":\"ImageObject\",\"inLanguage\":\"es\",\"@id\":\"https:\\\/\\\/rosarinos.edu.uy\\\/index.php\\\/2024\\\/03\\\/12\\\/rosarinos-en-ccifa-se-inauguro-espacio-cowork\\\/#primaryimage\",\"url\":\"https:\\\/\\\/rosarinos.edu.uy\\\/wp-content\\\/uploads\\\/2024\\\/03\\\/3-1.png\",\"contentUrl\":\"https:\\\/\\\/rosarinos.edu.uy\\\/wp-content\\\/uploads\\\/2024\\\/03\\\/3-1.png\",\"width\":854,\"height\":480},{\"@type\":\"BreadcrumbList\",\"@id\":\"https:\\\/\\\/rosarinos.edu.uy\\\/index.php\\\/2024\\\/03\\\/12\\\/rosarinos-en-ccifa-se-inauguro-espacio-cowork\\\/#breadcrumb\",\"itemListElement\":[{\"@type\":\"ListItem\",\"position\":1,\"name\":\"Home\",\"item\":\"https:\\\/\\\/rosarinos.edu.uy\\\/\"},{\"@type\":\"ListItem\",\"position\":2,\"name\":\"Rosarinos en CCIFA: se inaugur\u00f3 espacio Cowork\"}]},{\"@type\":\"WebSite\",\"@id\":\"https:\\\/\\\/rosarinos.edu.uy\\\/#website\",\"url\":\"https:\\\/\\\/rosarinos.edu.uy\\\/\",\"name\":\"Colegio Nuestra Se\u00f1ora del Rosario\",\"description\":\"Nuestra identidad como Colegio se compone de la suma de distintos aspectos que nos hacen una instituci\u00f3n educativa con caracter\u00edsticas propias, donde toda la comunidad educativa vive una experiencia \u00fanica.\",\"potentialAction\":[{\"@type\":\"SearchAction\",\"target\":{\"@type\":\"EntryPoint\",\"urlTemplate\":\"https:\\\/\\\/rosarinos.edu.uy\\\/?s={search_term_string}\"},\"query-input\":{\"@type\":\"PropertyValueSpecification\",\"valueRequired\":true,\"valueName\":\"search_term_string\"}}],\"inLanguage\":\"es\"},{\"@type\":\"Person\",\"@id\":\"https:\\\/\\\/rosarinos.edu.uy\\\/#\\\/schema\\\/person\\\/1f4852d1637b54b6aaf7c0699ee37537\",\"name\":\"Jos\u00e9 Castro\",\"url\":\"https:\\\/\\\/rosarinos.edu.uy\\\/index.php\\\/author\\\/jcastro\\\/\"}]}<\/script>\n<!-- \/ Yoast SEO plugin. -->","yoast_head_json":{"title":"Rosarinos en CCIFA: se inaugur\u00f3 espacio Cowork - Colegio Nuestra Se\u00f1ora del Rosario","robots":{"index":"index","follow":"follow","max-snippet":"max-snippet:-1","max-image-preview":"max-image-preview:large","max-video-preview":"max-video-preview:-1"},"canonical":"https:\/\/rosarinos.edu.uy\/index.php\/2024\/03\/12\/rosarinos-en-ccifa-se-inauguro-espacio-cowork\/","og_locale":"es_ES","og_type":"article","og_title":"Rosarinos en CCIFA: se inaugur\u00f3 espacio Cowork - Colegio Nuestra Se\u00f1ora del Rosario","og_description":"El d\u00eda 12 de marzo de 2024, una delegaci\u00f3n de Rosarinos, compuesta por Jos\u00e9 Castro (director general), Marcelo Mart\u00ednez (finanzas), Gimena S\u00e1nchez (orientaci\u00f3n educacional) y Sof\u00eda Vidal (secretar\u00eda), particip\u00f3 junto a organizaciones sociales, autoridades y todos quienes hacen al Centro Comercial, Industrial y de Fomento de Atl\u00e1ntida, de la inauguraci\u00f3n del nuevo Espacio Cowork de &hellip; Continue reading \"Rosarinos en CCIFA: se inaugur\u00f3 espacio Cowork\"","og_url":"https:\/\/rosarinos.edu.uy\/index.php\/2024\/03\/12\/rosarinos-en-ccifa-se-inauguro-espacio-cowork\/","og_site_name":"Colegio Nuestra Se\u00f1ora del Rosario","article_published_time":"2024-03-12T21:38:08+00:00","og_image":[{"width":854,"height":480,"url":"https:\/\/rosarinos.edu.uy\/wp-content\/uploads\/2024\/03\/3-1.png","type":"image\/png"}],"author":"Jos\u00e9 Castro","twitter_card":"summary_large_image","twitter_misc":{"Escrito por":"Jos\u00e9 Castro","Tiempo de lectura":"1 minuto"},"schema":{"@context":"https:\/\/schema.org","@graph":[{"@type":"Article","@id":"https:\/\/rosarinos.edu.uy\/index.php\/2024\/03\/12\/rosarinos-en-ccifa-se-inauguro-espacio-cowork\/#article","isPartOf":{"@id":"https:\/\/rosarinos.edu.uy\/index.php\/2024\/03\/12\/rosarinos-en-ccifa-se-inauguro-espacio-cowork\/"},"author":{"name":"Jos\u00e9 Castro","@id":"https:\/\/rosarinos.edu.uy\/#\/schema\/person\/1f4852d1637b54b6aaf7c0699ee37537"},"headline":"Rosarinos en CCIFA: se inaugur\u00f3 espacio Cowork","datePublished":"2024-03-12T21:38:08+00:00","mainEntityOfPage":{"@id":"https:\/\/rosarinos.edu.uy\/index.php\/2024\/03\/12\/rosarinos-en-ccifa-se-inauguro-espacio-cowork\/"},"wordCount":109,"image":{"@id":"https:\/\/rosarinos.edu.uy\/index.php\/2024\/03\/12\/rosarinos-en-ccifa-se-inauguro-espacio-cowork\/#primaryimage"},"thumbnailUrl":"https:\/\/rosarinos.edu.uy\/wp-content\/uploads\/2024\/03\/3-1.png","articleSection":["Noticias"],"inLanguage":"es"},{"@type":"WebPage","@id":"https:\/\/rosarinos.edu.uy\/index.php\/2024\/03\/12\/rosarinos-en-ccifa-se-inauguro-espacio-cowork\/","url":"https:\/\/rosarinos.edu.uy\/index.php\/2024\/03\/12\/rosarinos-en-ccifa-se-inauguro-espacio-cowork\/","name":"Rosarinos en CCIFA: se inaugur\u00f3 espacio Cowork - Colegio Nuestra Se\u00f1ora del Rosario","isPartOf":{"@id":"https:\/\/rosarinos.edu.uy\/#website"},"primaryImageOfPage":{"@id":"https:\/\/rosarinos.edu.uy\/index.php\/2024\/03\/12\/rosarinos-en-ccifa-se-inauguro-espacio-cowork\/#primaryimage"},"image":{"@id":"https:\/\/rosarinos.edu.uy\/index.php\/2024\/03\/12\/rosarinos-en-ccifa-se-inauguro-espacio-cowork\/#primaryimage"},"thumbnailUrl":"https:\/\/rosarinos.edu.uy\/wp-content\/uploads\/2024\/03\/3-1.png","datePublished":"2024-03-12T21:38:08+00:00","author":{"@id":"https:\/\/rosarinos.edu.uy\/#\/schema\/person\/1f4852d1637b54b6aaf7c0699ee37537"},"breadcrumb":{"@id":"https:\/\/rosarinos.edu.uy\/index.php\/2024\/03\/12\/rosarinos-en-ccifa-se-inauguro-espacio-cowork\/#breadcrumb"},"inLanguage":"es","potentialAction":[{"@type":"ReadAction","target":["https:\/\/rosarinos.edu.uy\/index.php\/2024\/03\/12\/rosarinos-en-ccifa-se-inauguro-espacio-cowork\/"]}]},{"@type":"ImageObject","inLanguage":"es","@id":"https:\/\/rosarinos.edu.uy\/index.php\/2024\/03\/12\/rosarinos-en-ccifa-se-inauguro-espacio-cowork\/#primaryimage","url":"https:\/\/rosarinos.edu.uy\/wp-content\/uploads\/2024\/03\/3-1.png","contentUrl":"https:\/\/rosarinos.edu.uy\/wp-content\/uploads\/2024\/03\/3-1.png","width":854,"height":480},{"@type":"BreadcrumbList","@id":"https:\/\/rosarinos.edu.uy\/index.php\/2024\/03\/12\/rosarinos-en-ccifa-se-inauguro-espacio-cowork\/#breadcrumb","itemListElement":[{"@type":"ListItem","position":1,"name":"Home","item":"https:\/\/rosarinos.edu.uy\/"},{"@type":"ListItem","position":2,"name":"Rosarinos en CCIFA: se inaugur\u00f3 espacio Cowork"}]},{"@type":"WebSite","@id":"https:\/\/rosarinos.edu.uy\/#website","url":"https:\/\/rosarinos.edu.uy\/","name":"Colegio Nuestra Se\u00f1ora del Rosario","description":"Nuestra identidad como Colegio se compone de la suma de distintos aspectos que nos hacen una instituci\u00f3n educativa con caracter\u00edsticas propias, donde toda la comunidad educativa vive una experiencia \u00fanica.","potentialAction":[{"@type":"SearchAction","target":{"@type":"EntryPoint","urlTemplate":"https:\/\/rosarinos.edu.uy\/?s={search_term_string}"},"query-input":{"@type":"PropertyValueSpecification","valueRequired":true,"valueName":"search_term_string"}}],"inLanguage":"es"},{"@type":"Person","@id":"https:\/\/rosarinos.edu.uy\/#\/schema\/person\/1f4852d1637b54b6aaf7c0699ee37537","name":"Jos\u00e9 Castro","url":"https:\/\/rosarinos.edu.uy\/index.php\/author\/jcastro\/"}]}},"_links":{"self":[{"href":"https:\/\/rosarinos.edu.uy\/index.php\/wp-json\/wp\/v2\/posts\/3723","targetHints":{"allow":["GET"]}}],"collection":[{"href":"https:\/\/rosarinos.edu.uy\/index.php\/wp-json\/wp\/v2\/posts"}],"about":[{"href":"https:\/\/rosarinos.edu.uy\/index.php\/wp-json\/wp\/v2\/types\/post"}],"author":[{"embeddable":true,"href":"https:\/\/rosarinos.edu.uy\/index.php\/wp-json\/wp\/v2\/users\/4"}],"replies":[{"embeddable":true,"href":"https:\/\/rosarinos.edu.uy\/index.php\/wp-json\/wp\/v2\/comments?post=3723"}],"version-history":[{"count":1,"href":"https:\/\/rosarinos.edu.uy\/index.php\/wp-json\/wp\/v2\/posts\/3723\/revisions"}],"predecessor-version":[{"id":3732,"href":"https:\/\/rosarinos.edu.uy\/index.php\/wp-json\/wp\/v2\/posts\/3723\/revisions\/3732"}],"wp:featuredmedia":[{"embeddable":true,"href":"https:\/\/rosarinos.edu.uy\/index.php\/wp-json\/wp\/v2\/media\/3726"}],"wp:attachment":[{"href":"https:\/\/rosarinos.edu.uy\/index.php\/wp-json\/wp\/v2\/media?parent=3723"}],"wp:term":[{"taxonomy":"category","embeddable":true,"href":"https:\/\/rosarinos.edu.uy\/index.php\/wp-json\/wp\/v2\/categories?post=3723"},{"taxonomy":"post_tag","embeddable":true,"href":"https:\/\/rosarinos.edu.uy\/index.php\/wp-json\/wp\/v2\/tags?post=3723"}],"curies":[{"name":"wp","href":"https:\/\/api.w.org\/{rel}","templated":true}]}}