{"id":3710,"date":"2024-03-12T18:17:17","date_gmt":"2024-03-12T21:17:17","guid":{"rendered":"https:\/\/rosarinos.edu.uy\/?p=3710"},"modified":"2024-03-12T18:17:17","modified_gmt":"2024-03-12T21:17:17","slug":"recordamos-el-inicio-de-clases","status":"publish","type":"post","link":"https:\/\/rosarinos.edu.uy\/index.php\/2024\/03\/12\/recordamos-el-inicio-de-clases\/","title":{"rendered":"\u00a1Recordamos el inicio de clases!"},"content":{"rendered":"<p>El pasado lunes 4 de marzo, en Rosarinos nos encontramos para vivir juntos la alegr\u00eda de comenzar un nuevo a\u00f1o. Junto al Padre Fabi\u00e1n Silveira y todo el equipo de colaboradores del colegio, dimos inicio al a\u00f1o lectivo 2024.<\/p>\n<div id='gallery-1' class='gallery galleryid-3710 gallery-columns-3 gallery-size-medium'><figure class='gallery-item'>\n\t\t\t<div class='gallery-icon landscape'>\n\t\t\t\t<a href='https:\/\/rosarinos.edu.uy\/wp-content\/uploads\/2024\/03\/1.png'><img loading=\"lazy\" decoding=\"async\" width=\"300\" height=\"169\" src=\"https:\/\/rosarinos.edu.uy\/wp-content\/uploads\/2024\/03\/1-300x169.png\" class=\"attachment-medium size-medium\" alt=\"\" srcset=\"https:\/\/rosarinos.edu.uy\/wp-content\/uploads\/2024\/03\/1-300x169.png 300w, https:\/\/rosarinos.edu.uy\/wp-content\/uploads\/2024\/03\/1-840x472.png 840w, https:\/\/rosarinos.edu.uy\/wp-content\/uploads\/2024\/03\/1-768x432.png 768w, https:\/\/rosarinos.edu.uy\/wp-content\/uploads\/2024\/03\/1.png 854w\" sizes=\"auto, (max-width: 300px) 85vw, 300px\" \/><\/a>\n\t\t\t<\/div><\/figure><figure class='gallery-item'>\n\t\t\t<div class='gallery-icon landscape'>\n\t\t\t\t<a href='https:\/\/rosarinos.edu.uy\/wp-content\/uploads\/2024\/03\/2.png'><img loading=\"lazy\" decoding=\"async\" width=\"300\" height=\"169\" src=\"https:\/\/rosarinos.edu.uy\/wp-content\/uploads\/2024\/03\/2-300x169.png\" class=\"attachment-medium size-medium\" alt=\"\" srcset=\"https:\/\/rosarinos.edu.uy\/wp-content\/uploads\/2024\/03\/2-300x169.png 300w, https:\/\/rosarinos.edu.uy\/wp-content\/uploads\/2024\/03\/2-840x472.png 840w, https:\/\/rosarinos.edu.uy\/wp-content\/uploads\/2024\/03\/2-768x432.png 768w, https:\/\/rosarinos.edu.uy\/wp-content\/uploads\/2024\/03\/2.png 854w\" sizes=\"auto, (max-width: 300px) 85vw, 300px\" \/><\/a>\n\t\t\t<\/div><\/figure><figure class='gallery-item'>\n\t\t\t<div class='gallery-icon landscape'>\n\t\t\t\t<a href='https:\/\/rosarinos.edu.uy\/wp-content\/uploads\/2024\/03\/3.png'><img loading=\"lazy\" decoding=\"async\" width=\"300\" height=\"169\" src=\"https:\/\/rosarinos.edu.uy\/wp-content\/uploads\/2024\/03\/3-300x169.png\" class=\"attachment-medium size-medium\" alt=\"\" srcset=\"https:\/\/rosarinos.edu.uy\/wp-content\/uploads\/2024\/03\/3-300x169.png 300w, https:\/\/rosarinos.edu.uy\/wp-content\/uploads\/2024\/03\/3-840x472.png 840w, https:\/\/rosarinos.edu.uy\/wp-content\/uploads\/2024\/03\/3-768x432.png 768w, https:\/\/rosarinos.edu.uy\/wp-content\/uploads\/2024\/03\/3.png 854w\" sizes=\"auto, (max-width: 300px) 85vw, 300px\" \/><\/a>\n\t\t\t<\/div><\/figure><figure class='gallery-item'>\n\t\t\t<div class='gallery-icon landscape'>\n\t\t\t\t<a href='https:\/\/rosarinos.edu.uy\/wp-content\/uploads\/2024\/03\/4.png'><img loading=\"lazy\" decoding=\"async\" width=\"300\" height=\"169\" src=\"https:\/\/rosarinos.edu.uy\/wp-content\/uploads\/2024\/03\/4-300x169.png\" class=\"attachment-medium size-medium\" alt=\"\" srcset=\"https:\/\/rosarinos.edu.uy\/wp-content\/uploads\/2024\/03\/4-300x169.png 300w, https:\/\/rosarinos.edu.uy\/wp-content\/uploads\/2024\/03\/4-840x472.png 840w, https:\/\/rosarinos.edu.uy\/wp-content\/uploads\/2024\/03\/4-768x432.png 768w, https:\/\/rosarinos.edu.uy\/wp-content\/uploads\/2024\/03\/4.png 854w\" sizes=\"auto, (max-width: 300px) 85vw, 300px\" \/><\/a>\n\t\t\t<\/div><\/figure><figure class='gallery-item'>\n\t\t\t<div class='gallery-icon landscape'>\n\t\t\t\t<a href='https:\/\/rosarinos.edu.uy\/wp-content\/uploads\/2024\/03\/5.png'><img loading=\"lazy\" decoding=\"async\" width=\"300\" height=\"169\" src=\"https:\/\/rosarinos.edu.uy\/wp-content\/uploads\/2024\/03\/5-300x169.png\" class=\"attachment-medium size-medium\" alt=\"\" srcset=\"https:\/\/rosarinos.edu.uy\/wp-content\/uploads\/2024\/03\/5-300x169.png 300w, https:\/\/rosarinos.edu.uy\/wp-content\/uploads\/2024\/03\/5-840x472.png 840w, https:\/\/rosarinos.edu.uy\/wp-content\/uploads\/2024\/03\/5-768x432.png 768w, https:\/\/rosarinos.edu.uy\/wp-content\/uploads\/2024\/03\/5.png 854w\" sizes=\"auto, (max-width: 300px) 85vw, 300px\" \/><\/a>\n\t\t\t<\/div><\/figure><figure class='gallery-item'>\n\t\t\t<div class='gallery-icon landscape'>\n\t\t\t\t<a href='https:\/\/rosarinos.edu.uy\/wp-content\/uploads\/2024\/03\/6.png'><img loading=\"lazy\" decoding=\"async\" width=\"300\" height=\"169\" src=\"https:\/\/rosarinos.edu.uy\/wp-content\/uploads\/2024\/03\/6-300x169.png\" class=\"attachment-medium size-medium\" alt=\"\" srcset=\"https:\/\/rosarinos.edu.uy\/wp-content\/uploads\/2024\/03\/6-300x169.png 300w, https:\/\/rosarinos.edu.uy\/wp-content\/uploads\/2024\/03\/6-840x472.png 840w, https:\/\/rosarinos.edu.uy\/wp-content\/uploads\/2024\/03\/6-768x432.png 768w, https:\/\/rosarinos.edu.uy\/wp-content\/uploads\/2024\/03\/6.png 854w\" sizes=\"auto, (max-width: 300px) 85vw, 300px\" \/><\/a>\n\t\t\t<\/div><\/figure><figure class='gallery-item'>\n\t\t\t<div class='gallery-icon landscape'>\n\t\t\t\t<a href='https:\/\/rosarinos.edu.uy\/wp-content\/uploads\/2024\/03\/7.png'><img loading=\"lazy\" decoding=\"async\" width=\"300\" height=\"169\" src=\"https:\/\/rosarinos.edu.uy\/wp-content\/uploads\/2024\/03\/7-300x169.png\" class=\"attachment-medium size-medium\" alt=\"\" srcset=\"https:\/\/rosarinos.edu.uy\/wp-content\/uploads\/2024\/03\/7-300x169.png 300w, https:\/\/rosarinos.edu.uy\/wp-content\/uploads\/2024\/03\/7-840x472.png 840w, https:\/\/rosarinos.edu.uy\/wp-content\/uploads\/2024\/03\/7-768x432.png 768w, https:\/\/rosarinos.edu.uy\/wp-content\/uploads\/2024\/03\/7.png 854w\" sizes=\"auto, (max-width: 300px) 85vw, 300px\" \/><\/a>\n\t\t\t<\/div><\/figure><figure class='gallery-item'>\n\t\t\t<div class='gallery-icon landscape'>\n\t\t\t\t<a href='https:\/\/rosarinos.edu.uy\/wp-content\/uploads\/2024\/03\/8.png'><img loading=\"lazy\" decoding=\"async\" width=\"300\" height=\"169\" src=\"https:\/\/rosarinos.edu.uy\/wp-content\/uploads\/2024\/03\/8-300x169.png\" class=\"attachment-medium size-medium\" alt=\"\" srcset=\"https:\/\/rosarinos.edu.uy\/wp-content\/uploads\/2024\/03\/8-300x169.png 300w, https:\/\/rosarinos.edu.uy\/wp-content\/uploads\/2024\/03\/8-840x472.png 840w, https:\/\/rosarinos.edu.uy\/wp-content\/uploads\/2024\/03\/8-768x432.png 768w, https:\/\/rosarinos.edu.uy\/wp-content\/uploads\/2024\/03\/8.png 854w\" sizes=\"auto, (max-width: 300px) 85vw, 300px\" \/><\/a>\n\t\t\t<\/div><\/figure><figure class='gallery-item'>\n\t\t\t<div class='gallery-icon landscape'>\n\t\t\t\t<a href='https:\/\/rosarinos.edu.uy\/wp-content\/uploads\/2024\/03\/9.png'><img loading=\"lazy\" decoding=\"async\" width=\"300\" height=\"169\" src=\"https:\/\/rosarinos.edu.uy\/wp-content\/uploads\/2024\/03\/9-300x169.png\" class=\"attachment-medium size-medium\" alt=\"\" srcset=\"https:\/\/rosarinos.edu.uy\/wp-content\/uploads\/2024\/03\/9-300x169.png 300w, https:\/\/rosarinos.edu.uy\/wp-content\/uploads\/2024\/03\/9-840x472.png 840w, https:\/\/rosarinos.edu.uy\/wp-content\/uploads\/2024\/03\/9-768x432.png 768w, https:\/\/rosarinos.edu.uy\/wp-content\/uploads\/2024\/03\/9.png 854w\" sizes=\"auto, (max-width: 300px) 85vw, 300px\" \/><\/a>\n\t\t\t<\/div><\/figure><figure class='gallery-item'>\n\t\t\t<div class='gallery-icon landscape'>\n\t\t\t\t<a href='https:\/\/rosarinos.edu.uy\/wp-content\/uploads\/2024\/03\/10.png'><img loading=\"lazy\" decoding=\"async\" width=\"300\" height=\"169\" src=\"https:\/\/rosarinos.edu.uy\/wp-content\/uploads\/2024\/03\/10-300x169.png\" class=\"attachment-medium size-medium\" alt=\"\" srcset=\"https:\/\/rosarinos.edu.uy\/wp-content\/uploads\/2024\/03\/10-300x169.png 300w, https:\/\/rosarinos.edu.uy\/wp-content\/uploads\/2024\/03\/10-840x472.png 840w, https:\/\/rosarinos.edu.uy\/wp-content\/uploads\/2024\/03\/10-768x432.png 768w, https:\/\/rosarinos.edu.uy\/wp-content\/uploads\/2024\/03\/10.png 854w\" sizes=\"auto, (max-width: 300px) 85vw, 300px\" \/><\/a>\n\t\t\t<\/div><\/figure><figure class='gallery-item'>\n\t\t\t<div class='gallery-icon landscape'>\n\t\t\t\t<a href='https:\/\/rosarinos.edu.uy\/wp-content\/uploads\/2024\/03\/11.png'><img loading=\"lazy\" decoding=\"async\" width=\"300\" height=\"169\" src=\"https:\/\/rosarinos.edu.uy\/wp-content\/uploads\/2024\/03\/11-300x169.png\" class=\"attachment-medium size-medium\" alt=\"\" srcset=\"https:\/\/rosarinos.edu.uy\/wp-content\/uploads\/2024\/03\/11-300x169.png 300w, https:\/\/rosarinos.edu.uy\/wp-content\/uploads\/2024\/03\/11-840x472.png 840w, https:\/\/rosarinos.edu.uy\/wp-content\/uploads\/2024\/03\/11-768x432.png 768w, https:\/\/rosarinos.edu.uy\/wp-content\/uploads\/2024\/03\/11.png 854w\" sizes=\"auto, (max-width: 300px) 85vw, 300px\" \/><\/a>\n\t\t\t<\/div><\/figure>\n\t\t<\/div>\n\n","protected":false},"excerpt":{"rendered":"<p>El pasado lunes 4 de marzo, en Rosarinos nos encontramos para vivir juntos la alegr\u00eda de comenzar un nuevo a\u00f1o. Junto al Padre Fabi\u00e1n Silveira y todo el equipo de colaboradores del colegio, dimos inicio al a\u00f1o lectivo 2024.<\/p>\n","protected":false},"author":4,"featured_media":3714,"comment_status":"closed","ping_status":"closed","sticky":false,"template":"","format":"standard","meta":{"footnotes":""},"categories":[4],"tags":[],"class_list":["post-3710","post","type-post","status-publish","format-standard","has-post-thumbnail","hentry","category-noticias"],"yoast_head":"<!-- This site is optimized with the Yoast SEO plugin v27.5 - https:\/\/yoast.com\/product\/yoast-seo-wordpress\/ -->\n<title>\u00a1Recordamos el inicio de clases! - Colegio Nuestra Se\u00f1ora del Rosario<\/title>\n<meta name=\"robots\" content=\"index, follow, max-snippet:-1, max-image-preview:large, max-video-preview:-1\" \/>\n<link rel=\"canonical\" href=\"https:\/\/rosarinos.edu.uy\/index.php\/2024\/03\/12\/recordamos-el-inicio-de-clases\/\" \/>\n<meta property=\"og:locale\" content=\"es_ES\" \/>\n<meta property=\"og:type\" content=\"article\" \/>\n<meta property=\"og:title\" content=\"\u00a1Recordamos el inicio de clases! - Colegio Nuestra Se\u00f1ora del Rosario\" \/>\n<meta property=\"og:description\" content=\"El pasado lunes 4 de marzo, en Rosarinos nos encontramos para vivir juntos la alegr\u00eda de comenzar un nuevo a\u00f1o. Junto al Padre Fabi\u00e1n Silveira y todo el equipo de colaboradores del colegio, dimos inicio al a\u00f1o lectivo 2024.\" \/>\n<meta property=\"og:url\" content=\"https:\/\/rosarinos.edu.uy\/index.php\/2024\/03\/12\/recordamos-el-inicio-de-clases\/\" \/>\n<meta property=\"og:site_name\" content=\"Colegio Nuestra Se\u00f1ora del Rosario\" \/>\n<meta property=\"article:published_time\" content=\"2024-03-12T21:17:17+00:00\" \/>\n<meta property=\"og:image\" content=\"https:\/\/rosarinos.edu.uy\/wp-content\/uploads\/2024\/03\/4.png\" \/>\n\t<meta property=\"og:image:width\" content=\"854\" \/>\n\t<meta property=\"og:image:height\" content=\"480\" \/>\n\t<meta property=\"og:image:type\" content=\"image\/png\" \/>\n<meta name=\"author\" content=\"Jos\u00e9 Castro\" \/>\n<meta name=\"twitter:card\" content=\"summary_large_image\" \/>\n<meta name=\"twitter:label1\" content=\"Escrito por\" \/>\n\t<meta name=\"twitter:data1\" content=\"Jos\u00e9 Castro\" \/>\n\t<meta name=\"twitter:label2\" content=\"Tiempo de lectura\" \/>\n\t<meta name=\"twitter:data2\" content=\"1 minuto\" \/>\n<script type=\"application\/ld+json\" class=\"yoast-schema-graph\">{\"@context\":\"https:\\\/\\\/schema.org\",\"@graph\":[{\"@type\":\"Article\",\"@id\":\"https:\\\/\\\/rosarinos.edu.uy\\\/index.php\\\/2024\\\/03\\\/12\\\/recordamos-el-inicio-de-clases\\\/#article\",\"isPartOf\":{\"@id\":\"https:\\\/\\\/rosarinos.edu.uy\\\/index.php\\\/2024\\\/03\\\/12\\\/recordamos-el-inicio-de-clases\\\/\"},\"author\":{\"name\":\"Jos\u00e9 Castro\",\"@id\":\"https:\\\/\\\/rosarinos.edu.uy\\\/#\\\/schema\\\/person\\\/1f4852d1637b54b6aaf7c0699ee37537\"},\"headline\":\"\u00a1Recordamos el inicio de clases!\",\"datePublished\":\"2024-03-12T21:17:17+00:00\",\"mainEntityOfPage\":{\"@id\":\"https:\\\/\\\/rosarinos.edu.uy\\\/index.php\\\/2024\\\/03\\\/12\\\/recordamos-el-inicio-de-clases\\\/\"},\"wordCount\":52,\"image\":{\"@id\":\"https:\\\/\\\/rosarinos.edu.uy\\\/index.php\\\/2024\\\/03\\\/12\\\/recordamos-el-inicio-de-clases\\\/#primaryimage\"},\"thumbnailUrl\":\"https:\\\/\\\/rosarinos.edu.uy\\\/wp-content\\\/uploads\\\/2024\\\/03\\\/4.png\",\"articleSection\":[\"Noticias\"],\"inLanguage\":\"es\"},{\"@type\":\"WebPage\",\"@id\":\"https:\\\/\\\/rosarinos.edu.uy\\\/index.php\\\/2024\\\/03\\\/12\\\/recordamos-el-inicio-de-clases\\\/\",\"url\":\"https:\\\/\\\/rosarinos.edu.uy\\\/index.php\\\/2024\\\/03\\\/12\\\/recordamos-el-inicio-de-clases\\\/\",\"name\":\"\u00a1Recordamos el inicio de clases! - Colegio Nuestra Se\u00f1ora del Rosario\",\"isPartOf\":{\"@id\":\"https:\\\/\\\/rosarinos.edu.uy\\\/#website\"},\"primaryImageOfPage\":{\"@id\":\"https:\\\/\\\/rosarinos.edu.uy\\\/index.php\\\/2024\\\/03\\\/12\\\/recordamos-el-inicio-de-clases\\\/#primaryimage\"},\"image\":{\"@id\":\"https:\\\/\\\/rosarinos.edu.uy\\\/index.php\\\/2024\\\/03\\\/12\\\/recordamos-el-inicio-de-clases\\\/#primaryimage\"},\"thumbnailUrl\":\"https:\\\/\\\/rosarinos.edu.uy\\\/wp-content\\\/uploads\\\/2024\\\/03\\\/4.png\",\"datePublished\":\"2024-03-12T21:17:17+00:00\",\"author\":{\"@id\":\"https:\\\/\\\/rosarinos.edu.uy\\\/#\\\/schema\\\/person\\\/1f4852d1637b54b6aaf7c0699ee37537\"},\"breadcrumb\":{\"@id\":\"https:\\\/\\\/rosarinos.edu.uy\\\/index.php\\\/2024\\\/03\\\/12\\\/recordamos-el-inicio-de-clases\\\/#breadcrumb\"},\"inLanguage\":\"es\",\"potentialAction\":[{\"@type\":\"ReadAction\",\"target\":[\"https:\\\/\\\/rosarinos.edu.uy\\\/index.php\\\/2024\\\/03\\\/12\\\/recordamos-el-inicio-de-clases\\\/\"]}]},{\"@type\":\"ImageObject\",\"inLanguage\":\"es\",\"@id\":\"https:\\\/\\\/rosarinos.edu.uy\\\/index.php\\\/2024\\\/03\\\/12\\\/recordamos-el-inicio-de-clases\\\/#primaryimage\",\"url\":\"https:\\\/\\\/rosarinos.edu.uy\\\/wp-content\\\/uploads\\\/2024\\\/03\\\/4.png\",\"contentUrl\":\"https:\\\/\\\/rosarinos.edu.uy\\\/wp-content\\\/uploads\\\/2024\\\/03\\\/4.png\",\"width\":854,\"height\":480},{\"@type\":\"BreadcrumbList\",\"@id\":\"https:\\\/\\\/rosarinos.edu.uy\\\/index.php\\\/2024\\\/03\\\/12\\\/recordamos-el-inicio-de-clases\\\/#breadcrumb\",\"itemListElement\":[{\"@type\":\"ListItem\",\"position\":1,\"name\":\"Home\",\"item\":\"https:\\\/\\\/rosarinos.edu.uy\\\/\"},{\"@type\":\"ListItem\",\"position\":2,\"name\":\"\u00a1Recordamos el inicio de clases!\"}]},{\"@type\":\"WebSite\",\"@id\":\"https:\\\/\\\/rosarinos.edu.uy\\\/#website\",\"url\":\"https:\\\/\\\/rosarinos.edu.uy\\\/\",\"name\":\"Colegio Nuestra Se\u00f1ora del Rosario\",\"description\":\"Nuestra identidad como Colegio se compone de la suma de distintos aspectos que nos hacen una instituci\u00f3n educativa con caracter\u00edsticas propias, donde toda la comunidad educativa vive una experiencia \u00fanica.\",\"potentialAction\":[{\"@type\":\"SearchAction\",\"target\":{\"@type\":\"EntryPoint\",\"urlTemplate\":\"https:\\\/\\\/rosarinos.edu.uy\\\/?s={search_term_string}\"},\"query-input\":{\"@type\":\"PropertyValueSpecification\",\"valueRequired\":true,\"valueName\":\"search_term_string\"}}],\"inLanguage\":\"es\"},{\"@type\":\"Person\",\"@id\":\"https:\\\/\\\/rosarinos.edu.uy\\\/#\\\/schema\\\/person\\\/1f4852d1637b54b6aaf7c0699ee37537\",\"name\":\"Jos\u00e9 Castro\",\"url\":\"https:\\\/\\\/rosarinos.edu.uy\\\/index.php\\\/author\\\/jcastro\\\/\"}]}<\/script>\n<!-- \/ Yoast SEO plugin. -->","yoast_head_json":{"title":"\u00a1Recordamos el inicio de clases! - Colegio Nuestra Se\u00f1ora del Rosario","robots":{"index":"index","follow":"follow","max-snippet":"max-snippet:-1","max-image-preview":"max-image-preview:large","max-video-preview":"max-video-preview:-1"},"canonical":"https:\/\/rosarinos.edu.uy\/index.php\/2024\/03\/12\/recordamos-el-inicio-de-clases\/","og_locale":"es_ES","og_type":"article","og_title":"\u00a1Recordamos el inicio de clases! - Colegio Nuestra Se\u00f1ora del Rosario","og_description":"El pasado lunes 4 de marzo, en Rosarinos nos encontramos para vivir juntos la alegr\u00eda de comenzar un nuevo a\u00f1o. Junto al Padre Fabi\u00e1n Silveira y todo el equipo de colaboradores del colegio, dimos inicio al a\u00f1o lectivo 2024.","og_url":"https:\/\/rosarinos.edu.uy\/index.php\/2024\/03\/12\/recordamos-el-inicio-de-clases\/","og_site_name":"Colegio Nuestra Se\u00f1ora del Rosario","article_published_time":"2024-03-12T21:17:17+00:00","og_image":[{"width":854,"height":480,"url":"https:\/\/rosarinos.edu.uy\/wp-content\/uploads\/2024\/03\/4.png","type":"image\/png"}],"author":"Jos\u00e9 Castro","twitter_card":"summary_large_image","twitter_misc":{"Escrito por":"Jos\u00e9 Castro","Tiempo de lectura":"1 minuto"},"schema":{"@context":"https:\/\/schema.org","@graph":[{"@type":"Article","@id":"https:\/\/rosarinos.edu.uy\/index.php\/2024\/03\/12\/recordamos-el-inicio-de-clases\/#article","isPartOf":{"@id":"https:\/\/rosarinos.edu.uy\/index.php\/2024\/03\/12\/recordamos-el-inicio-de-clases\/"},"author":{"name":"Jos\u00e9 Castro","@id":"https:\/\/rosarinos.edu.uy\/#\/schema\/person\/1f4852d1637b54b6aaf7c0699ee37537"},"headline":"\u00a1Recordamos el inicio de clases!","datePublished":"2024-03-12T21:17:17+00:00","mainEntityOfPage":{"@id":"https:\/\/rosarinos.edu.uy\/index.php\/2024\/03\/12\/recordamos-el-inicio-de-clases\/"},"wordCount":52,"image":{"@id":"https:\/\/rosarinos.edu.uy\/index.php\/2024\/03\/12\/recordamos-el-inicio-de-clases\/#primaryimage"},"thumbnailUrl":"https:\/\/rosarinos.edu.uy\/wp-content\/uploads\/2024\/03\/4.png","articleSection":["Noticias"],"inLanguage":"es"},{"@type":"WebPage","@id":"https:\/\/rosarinos.edu.uy\/index.php\/2024\/03\/12\/recordamos-el-inicio-de-clases\/","url":"https:\/\/rosarinos.edu.uy\/index.php\/2024\/03\/12\/recordamos-el-inicio-de-clases\/","name":"\u00a1Recordamos el inicio de clases! - Colegio Nuestra Se\u00f1ora del Rosario","isPartOf":{"@id":"https:\/\/rosarinos.edu.uy\/#website"},"primaryImageOfPage":{"@id":"https:\/\/rosarinos.edu.uy\/index.php\/2024\/03\/12\/recordamos-el-inicio-de-clases\/#primaryimage"},"image":{"@id":"https:\/\/rosarinos.edu.uy\/index.php\/2024\/03\/12\/recordamos-el-inicio-de-clases\/#primaryimage"},"thumbnailUrl":"https:\/\/rosarinos.edu.uy\/wp-content\/uploads\/2024\/03\/4.png","datePublished":"2024-03-12T21:17:17+00:00","author":{"@id":"https:\/\/rosarinos.edu.uy\/#\/schema\/person\/1f4852d1637b54b6aaf7c0699ee37537"},"breadcrumb":{"@id":"https:\/\/rosarinos.edu.uy\/index.php\/2024\/03\/12\/recordamos-el-inicio-de-clases\/#breadcrumb"},"inLanguage":"es","potentialAction":[{"@type":"ReadAction","target":["https:\/\/rosarinos.edu.uy\/index.php\/2024\/03\/12\/recordamos-el-inicio-de-clases\/"]}]},{"@type":"ImageObject","inLanguage":"es","@id":"https:\/\/rosarinos.edu.uy\/index.php\/2024\/03\/12\/recordamos-el-inicio-de-clases\/#primaryimage","url":"https:\/\/rosarinos.edu.uy\/wp-content\/uploads\/2024\/03\/4.png","contentUrl":"https:\/\/rosarinos.edu.uy\/wp-content\/uploads\/2024\/03\/4.png","width":854,"height":480},{"@type":"BreadcrumbList","@id":"https:\/\/rosarinos.edu.uy\/index.php\/2024\/03\/12\/recordamos-el-inicio-de-clases\/#breadcrumb","itemListElement":[{"@type":"ListItem","position":1,"name":"Home","item":"https:\/\/rosarinos.edu.uy\/"},{"@type":"ListItem","position":2,"name":"\u00a1Recordamos el inicio de clases!"}]},{"@type":"WebSite","@id":"https:\/\/rosarinos.edu.uy\/#website","url":"https:\/\/rosarinos.edu.uy\/","name":"Colegio Nuestra Se\u00f1ora del Rosario","description":"Nuestra identidad como Colegio se compone de la suma de distintos aspectos que nos hacen una instituci\u00f3n educativa con caracter\u00edsticas propias, donde toda la comunidad educativa vive una experiencia \u00fanica.","potentialAction":[{"@type":"SearchAction","target":{"@type":"EntryPoint","urlTemplate":"https:\/\/rosarinos.edu.uy\/?s={search_term_string}"},"query-input":{"@type":"PropertyValueSpecification","valueRequired":true,"valueName":"search_term_string"}}],"inLanguage":"es"},{"@type":"Person","@id":"https:\/\/rosarinos.edu.uy\/#\/schema\/person\/1f4852d1637b54b6aaf7c0699ee37537","name":"Jos\u00e9 Castro","url":"https:\/\/rosarinos.edu.uy\/index.php\/author\/jcastro\/"}]}},"_links":{"self":[{"href":"https:\/\/rosarinos.edu.uy\/index.php\/wp-json\/wp\/v2\/posts\/3710","targetHints":{"allow":["GET"]}}],"collection":[{"href":"https:\/\/rosarinos.edu.uy\/index.php\/wp-json\/wp\/v2\/posts"}],"about":[{"href":"https:\/\/rosarinos.edu.uy\/index.php\/wp-json\/wp\/v2\/types\/post"}],"author":[{"embeddable":true,"href":"https:\/\/rosarinos.edu.uy\/index.php\/wp-json\/wp\/v2\/users\/4"}],"replies":[{"embeddable":true,"href":"https:\/\/rosarinos.edu.uy\/index.php\/wp-json\/wp\/v2\/comments?post=3710"}],"version-history":[{"count":1,"href":"https:\/\/rosarinos.edu.uy\/index.php\/wp-json\/wp\/v2\/posts\/3710\/revisions"}],"predecessor-version":[{"id":3722,"href":"https:\/\/rosarinos.edu.uy\/index.php\/wp-json\/wp\/v2\/posts\/3710\/revisions\/3722"}],"wp:featuredmedia":[{"embeddable":true,"href":"https:\/\/rosarinos.edu.uy\/index.php\/wp-json\/wp\/v2\/media\/3714"}],"wp:attachment":[{"href":"https:\/\/rosarinos.edu.uy\/index.php\/wp-json\/wp\/v2\/media?parent=3710"}],"wp:term":[{"taxonomy":"category","embeddable":true,"href":"https:\/\/rosarinos.edu.uy\/index.php\/wp-json\/wp\/v2\/categories?post=3710"},{"taxonomy":"post_tag","embeddable":true,"href":"https:\/\/rosarinos.edu.uy\/index.php\/wp-json\/wp\/v2\/tags?post=3710"}],"curies":[{"name":"wp","href":"https:\/\/api.w.org\/{rel}","templated":true}]}}