{"id":3133,"date":"2023-11-19T22:02:42","date_gmt":"2023-11-20T01:02:42","guid":{"rendered":"https:\/\/rosarinos.edu.uy\/?p=3133"},"modified":"2023-11-19T22:02:42","modified_gmt":"2023-11-20T01:02:42","slug":"misa-por-el-dia-de-ntra-sra-del-rosario-9-10-23","status":"publish","type":"post","link":"https:\/\/rosarinos.edu.uy\/index.php\/2023\/11\/19\/misa-por-el-dia-de-ntra-sra-del-rosario-9-10-23\/","title":{"rendered":"Misa por el d\u00eda de Ntra. Sra. del Rosario &#8211; 9\/10\/23"},"content":{"rendered":"<p>Recordamos la Misa oficiada por el Obispo de Canelones Monse\u00f1or Heriberto Bodeant, junto al cura p\u00e1rroco Fabi\u00e1n Silveira, en celebraci\u00f3n del D\u00eda de la Virgen del Rosario, que se celebra cada 7 de octubre.<\/p>\n<div id='gallery-1' class='gallery galleryid-3133 gallery-columns-3 gallery-size-medium'><figure class='gallery-item'>\n\t\t\t<div class='gallery-icon landscape'>\n\t\t\t\t<a href='https:\/\/rosarinos.edu.uy\/wp-content\/uploads\/2023\/11\/1.png'><img loading=\"lazy\" decoding=\"async\" width=\"300\" height=\"169\" src=\"https:\/\/rosarinos.edu.uy\/wp-content\/uploads\/2023\/11\/1-300x169.png\" class=\"attachment-medium size-medium\" alt=\"\" srcset=\"https:\/\/rosarinos.edu.uy\/wp-content\/uploads\/2023\/11\/1-300x169.png 300w, https:\/\/rosarinos.edu.uy\/wp-content\/uploads\/2023\/11\/1-840x472.png 840w, https:\/\/rosarinos.edu.uy\/wp-content\/uploads\/2023\/11\/1-768x432.png 768w, https:\/\/rosarinos.edu.uy\/wp-content\/uploads\/2023\/11\/1.png 854w\" sizes=\"auto, (max-width: 300px) 85vw, 300px\" \/><\/a>\n\t\t\t<\/div><\/figure><figure class='gallery-item'>\n\t\t\t<div class='gallery-icon landscape'>\n\t\t\t\t<a href='https:\/\/rosarinos.edu.uy\/wp-content\/uploads\/2023\/11\/2.png'><img loading=\"lazy\" decoding=\"async\" width=\"300\" height=\"169\" src=\"https:\/\/rosarinos.edu.uy\/wp-content\/uploads\/2023\/11\/2-300x169.png\" class=\"attachment-medium size-medium\" alt=\"\" srcset=\"https:\/\/rosarinos.edu.uy\/wp-content\/uploads\/2023\/11\/2-300x169.png 300w, https:\/\/rosarinos.edu.uy\/wp-content\/uploads\/2023\/11\/2-840x472.png 840w, https:\/\/rosarinos.edu.uy\/wp-content\/uploads\/2023\/11\/2-768x432.png 768w, https:\/\/rosarinos.edu.uy\/wp-content\/uploads\/2023\/11\/2.png 854w\" sizes=\"auto, (max-width: 300px) 85vw, 300px\" \/><\/a>\n\t\t\t<\/div><\/figure><figure class='gallery-item'>\n\t\t\t<div class='gallery-icon landscape'>\n\t\t\t\t<a href='https:\/\/rosarinos.edu.uy\/wp-content\/uploads\/2023\/11\/3.png'><img loading=\"lazy\" decoding=\"async\" width=\"300\" height=\"169\" src=\"https:\/\/rosarinos.edu.uy\/wp-content\/uploads\/2023\/11\/3-300x169.png\" class=\"attachment-medium size-medium\" alt=\"\" srcset=\"https:\/\/rosarinos.edu.uy\/wp-content\/uploads\/2023\/11\/3-300x169.png 300w, https:\/\/rosarinos.edu.uy\/wp-content\/uploads\/2023\/11\/3-840x472.png 840w, https:\/\/rosarinos.edu.uy\/wp-content\/uploads\/2023\/11\/3-768x432.png 768w, https:\/\/rosarinos.edu.uy\/wp-content\/uploads\/2023\/11\/3.png 854w\" sizes=\"auto, (max-width: 300px) 85vw, 300px\" \/><\/a>\n\t\t\t<\/div><\/figure><figure class='gallery-item'>\n\t\t\t<div class='gallery-icon landscape'>\n\t\t\t\t<a href='https:\/\/rosarinos.edu.uy\/wp-content\/uploads\/2023\/11\/4.png'><img loading=\"lazy\" decoding=\"async\" width=\"300\" height=\"169\" src=\"https:\/\/rosarinos.edu.uy\/wp-content\/uploads\/2023\/11\/4-300x169.png\" class=\"attachment-medium size-medium\" alt=\"\" srcset=\"https:\/\/rosarinos.edu.uy\/wp-content\/uploads\/2023\/11\/4-300x169.png 300w, https:\/\/rosarinos.edu.uy\/wp-content\/uploads\/2023\/11\/4-840x472.png 840w, https:\/\/rosarinos.edu.uy\/wp-content\/uploads\/2023\/11\/4-768x432.png 768w, https:\/\/rosarinos.edu.uy\/wp-content\/uploads\/2023\/11\/4.png 854w\" sizes=\"auto, (max-width: 300px) 85vw, 300px\" \/><\/a>\n\t\t\t<\/div><\/figure><figure class='gallery-item'>\n\t\t\t<div class='gallery-icon landscape'>\n\t\t\t\t<a href='https:\/\/rosarinos.edu.uy\/wp-content\/uploads\/2023\/11\/5.png'><img loading=\"lazy\" decoding=\"async\" width=\"300\" height=\"169\" src=\"https:\/\/rosarinos.edu.uy\/wp-content\/uploads\/2023\/11\/5-300x169.png\" class=\"attachment-medium size-medium\" alt=\"\" srcset=\"https:\/\/rosarinos.edu.uy\/wp-content\/uploads\/2023\/11\/5-300x169.png 300w, https:\/\/rosarinos.edu.uy\/wp-content\/uploads\/2023\/11\/5-840x472.png 840w, https:\/\/rosarinos.edu.uy\/wp-content\/uploads\/2023\/11\/5-768x432.png 768w, https:\/\/rosarinos.edu.uy\/wp-content\/uploads\/2023\/11\/5.png 854w\" sizes=\"auto, (max-width: 300px) 85vw, 300px\" \/><\/a>\n\t\t\t<\/div><\/figure><figure class='gallery-item'>\n\t\t\t<div class='gallery-icon landscape'>\n\t\t\t\t<a href='https:\/\/rosarinos.edu.uy\/wp-content\/uploads\/2023\/11\/6.png'><img loading=\"lazy\" decoding=\"async\" width=\"300\" height=\"169\" src=\"https:\/\/rosarinos.edu.uy\/wp-content\/uploads\/2023\/11\/6-300x169.png\" class=\"attachment-medium size-medium\" alt=\"\" srcset=\"https:\/\/rosarinos.edu.uy\/wp-content\/uploads\/2023\/11\/6-300x169.png 300w, https:\/\/rosarinos.edu.uy\/wp-content\/uploads\/2023\/11\/6-840x472.png 840w, https:\/\/rosarinos.edu.uy\/wp-content\/uploads\/2023\/11\/6-768x432.png 768w, https:\/\/rosarinos.edu.uy\/wp-content\/uploads\/2023\/11\/6.png 854w\" sizes=\"auto, (max-width: 300px) 85vw, 300px\" \/><\/a>\n\t\t\t<\/div><\/figure><figure class='gallery-item'>\n\t\t\t<div class='gallery-icon landscape'>\n\t\t\t\t<a href='https:\/\/rosarinos.edu.uy\/wp-content\/uploads\/2023\/11\/7.png'><img loading=\"lazy\" decoding=\"async\" width=\"300\" height=\"169\" src=\"https:\/\/rosarinos.edu.uy\/wp-content\/uploads\/2023\/11\/7-300x169.png\" class=\"attachment-medium size-medium\" alt=\"\" srcset=\"https:\/\/rosarinos.edu.uy\/wp-content\/uploads\/2023\/11\/7-300x169.png 300w, https:\/\/rosarinos.edu.uy\/wp-content\/uploads\/2023\/11\/7-840x472.png 840w, https:\/\/rosarinos.edu.uy\/wp-content\/uploads\/2023\/11\/7-768x432.png 768w, https:\/\/rosarinos.edu.uy\/wp-content\/uploads\/2023\/11\/7.png 854w\" sizes=\"auto, (max-width: 300px) 85vw, 300px\" \/><\/a>\n\t\t\t<\/div><\/figure>\n\t\t<\/div>\n\n","protected":false},"excerpt":{"rendered":"<p>Recordamos la Misa oficiada por el Obispo de Canelones Monse\u00f1or Heriberto Bodeant, junto al cura p\u00e1rroco Fabi\u00e1n Silveira, en celebraci\u00f3n del D\u00eda de la Virgen del Rosario, que se celebra cada 7 de octubre.<\/p>\n","protected":false},"author":4,"featured_media":3138,"comment_status":"closed","ping_status":"closed","sticky":false,"template":"","format":"standard","meta":{"footnotes":""},"categories":[4],"tags":[],"class_list":["post-3133","post","type-post","status-publish","format-standard","has-post-thumbnail","hentry","category-noticias"],"yoast_head":"<!-- This site is optimized with the Yoast SEO plugin v27.5 - https:\/\/yoast.com\/product\/yoast-seo-wordpress\/ -->\n<title>Misa por el d\u00eda de Ntra. Sra. del Rosario - 9\/10\/23 - Colegio Nuestra Se\u00f1ora del Rosario<\/title>\n<meta name=\"robots\" content=\"index, follow, max-snippet:-1, max-image-preview:large, max-video-preview:-1\" \/>\n<link rel=\"canonical\" href=\"https:\/\/rosarinos.edu.uy\/index.php\/2023\/11\/19\/misa-por-el-dia-de-ntra-sra-del-rosario-9-10-23\/\" \/>\n<meta property=\"og:locale\" content=\"es_ES\" \/>\n<meta property=\"og:type\" content=\"article\" \/>\n<meta property=\"og:title\" content=\"Misa por el d\u00eda de Ntra. Sra. del Rosario - 9\/10\/23 - Colegio Nuestra Se\u00f1ora del Rosario\" \/>\n<meta property=\"og:description\" content=\"Recordamos la Misa oficiada por el Obispo de Canelones Monse\u00f1or Heriberto Bodeant, junto al cura p\u00e1rroco Fabi\u00e1n Silveira, en celebraci\u00f3n del D\u00eda de la Virgen del Rosario, que se celebra cada 7 de octubre.\" \/>\n<meta property=\"og:url\" content=\"https:\/\/rosarinos.edu.uy\/index.php\/2023\/11\/19\/misa-por-el-dia-de-ntra-sra-del-rosario-9-10-23\/\" \/>\n<meta property=\"og:site_name\" content=\"Colegio Nuestra Se\u00f1ora del Rosario\" \/>\n<meta property=\"article:published_time\" content=\"2023-11-20T01:02:42+00:00\" \/>\n<meta property=\"og:image\" content=\"https:\/\/rosarinos.edu.uy\/wp-content\/uploads\/2023\/11\/5.png\" \/>\n\t<meta property=\"og:image:width\" content=\"854\" \/>\n\t<meta property=\"og:image:height\" content=\"480\" \/>\n\t<meta property=\"og:image:type\" content=\"image\/png\" \/>\n<meta name=\"author\" content=\"Jos\u00e9 Castro\" \/>\n<meta name=\"twitter:card\" content=\"summary_large_image\" \/>\n<meta name=\"twitter:label1\" content=\"Escrito por\" \/>\n\t<meta name=\"twitter:data1\" content=\"Jos\u00e9 Castro\" \/>\n\t<meta name=\"twitter:label2\" content=\"Tiempo de lectura\" \/>\n\t<meta name=\"twitter:data2\" content=\"1 minuto\" \/>\n<script type=\"application\/ld+json\" class=\"yoast-schema-graph\">{\"@context\":\"https:\\\/\\\/schema.org\",\"@graph\":[{\"@type\":\"Article\",\"@id\":\"https:\\\/\\\/rosarinos.edu.uy\\\/index.php\\\/2023\\\/11\\\/19\\\/misa-por-el-dia-de-ntra-sra-del-rosario-9-10-23\\\/#article\",\"isPartOf\":{\"@id\":\"https:\\\/\\\/rosarinos.edu.uy\\\/index.php\\\/2023\\\/11\\\/19\\\/misa-por-el-dia-de-ntra-sra-del-rosario-9-10-23\\\/\"},\"author\":{\"name\":\"Jos\u00e9 Castro\",\"@id\":\"https:\\\/\\\/rosarinos.edu.uy\\\/#\\\/schema\\\/person\\\/1f4852d1637b54b6aaf7c0699ee37537\"},\"headline\":\"Misa por el d\u00eda de Ntra. Sra. del Rosario &#8211; 9\\\/10\\\/23\",\"datePublished\":\"2023-11-20T01:02:42+00:00\",\"mainEntityOfPage\":{\"@id\":\"https:\\\/\\\/rosarinos.edu.uy\\\/index.php\\\/2023\\\/11\\\/19\\\/misa-por-el-dia-de-ntra-sra-del-rosario-9-10-23\\\/\"},\"wordCount\":55,\"image\":{\"@id\":\"https:\\\/\\\/rosarinos.edu.uy\\\/index.php\\\/2023\\\/11\\\/19\\\/misa-por-el-dia-de-ntra-sra-del-rosario-9-10-23\\\/#primaryimage\"},\"thumbnailUrl\":\"https:\\\/\\\/rosarinos.edu.uy\\\/wp-content\\\/uploads\\\/2023\\\/11\\\/5.png\",\"articleSection\":[\"Noticias\"],\"inLanguage\":\"es\"},{\"@type\":\"WebPage\",\"@id\":\"https:\\\/\\\/rosarinos.edu.uy\\\/index.php\\\/2023\\\/11\\\/19\\\/misa-por-el-dia-de-ntra-sra-del-rosario-9-10-23\\\/\",\"url\":\"https:\\\/\\\/rosarinos.edu.uy\\\/index.php\\\/2023\\\/11\\\/19\\\/misa-por-el-dia-de-ntra-sra-del-rosario-9-10-23\\\/\",\"name\":\"Misa por el d\u00eda de Ntra. Sra. del Rosario - 9\\\/10\\\/23 - Colegio Nuestra Se\u00f1ora del Rosario\",\"isPartOf\":{\"@id\":\"https:\\\/\\\/rosarinos.edu.uy\\\/#website\"},\"primaryImageOfPage\":{\"@id\":\"https:\\\/\\\/rosarinos.edu.uy\\\/index.php\\\/2023\\\/11\\\/19\\\/misa-por-el-dia-de-ntra-sra-del-rosario-9-10-23\\\/#primaryimage\"},\"image\":{\"@id\":\"https:\\\/\\\/rosarinos.edu.uy\\\/index.php\\\/2023\\\/11\\\/19\\\/misa-por-el-dia-de-ntra-sra-del-rosario-9-10-23\\\/#primaryimage\"},\"thumbnailUrl\":\"https:\\\/\\\/rosarinos.edu.uy\\\/wp-content\\\/uploads\\\/2023\\\/11\\\/5.png\",\"datePublished\":\"2023-11-20T01:02:42+00:00\",\"author\":{\"@id\":\"https:\\\/\\\/rosarinos.edu.uy\\\/#\\\/schema\\\/person\\\/1f4852d1637b54b6aaf7c0699ee37537\"},\"breadcrumb\":{\"@id\":\"https:\\\/\\\/rosarinos.edu.uy\\\/index.php\\\/2023\\\/11\\\/19\\\/misa-por-el-dia-de-ntra-sra-del-rosario-9-10-23\\\/#breadcrumb\"},\"inLanguage\":\"es\",\"potentialAction\":[{\"@type\":\"ReadAction\",\"target\":[\"https:\\\/\\\/rosarinos.edu.uy\\\/index.php\\\/2023\\\/11\\\/19\\\/misa-por-el-dia-de-ntra-sra-del-rosario-9-10-23\\\/\"]}]},{\"@type\":\"ImageObject\",\"inLanguage\":\"es\",\"@id\":\"https:\\\/\\\/rosarinos.edu.uy\\\/index.php\\\/2023\\\/11\\\/19\\\/misa-por-el-dia-de-ntra-sra-del-rosario-9-10-23\\\/#primaryimage\",\"url\":\"https:\\\/\\\/rosarinos.edu.uy\\\/wp-content\\\/uploads\\\/2023\\\/11\\\/5.png\",\"contentUrl\":\"https:\\\/\\\/rosarinos.edu.uy\\\/wp-content\\\/uploads\\\/2023\\\/11\\\/5.png\",\"width\":854,\"height\":480},{\"@type\":\"BreadcrumbList\",\"@id\":\"https:\\\/\\\/rosarinos.edu.uy\\\/index.php\\\/2023\\\/11\\\/19\\\/misa-por-el-dia-de-ntra-sra-del-rosario-9-10-23\\\/#breadcrumb\",\"itemListElement\":[{\"@type\":\"ListItem\",\"position\":1,\"name\":\"Home\",\"item\":\"https:\\\/\\\/rosarinos.edu.uy\\\/\"},{\"@type\":\"ListItem\",\"position\":2,\"name\":\"Misa por el d\u00eda de Ntra. Sra. del Rosario &#8211; 9\\\/10\\\/23\"}]},{\"@type\":\"WebSite\",\"@id\":\"https:\\\/\\\/rosarinos.edu.uy\\\/#website\",\"url\":\"https:\\\/\\\/rosarinos.edu.uy\\\/\",\"name\":\"Colegio Nuestra Se\u00f1ora del Rosario\",\"description\":\"Nuestra identidad como Colegio se compone de la suma de distintos aspectos que nos hacen una instituci\u00f3n educativa con caracter\u00edsticas propias, donde toda la comunidad educativa vive una experiencia \u00fanica.\",\"potentialAction\":[{\"@type\":\"SearchAction\",\"target\":{\"@type\":\"EntryPoint\",\"urlTemplate\":\"https:\\\/\\\/rosarinos.edu.uy\\\/?s={search_term_string}\"},\"query-input\":{\"@type\":\"PropertyValueSpecification\",\"valueRequired\":true,\"valueName\":\"search_term_string\"}}],\"inLanguage\":\"es\"},{\"@type\":\"Person\",\"@id\":\"https:\\\/\\\/rosarinos.edu.uy\\\/#\\\/schema\\\/person\\\/1f4852d1637b54b6aaf7c0699ee37537\",\"name\":\"Jos\u00e9 Castro\",\"url\":\"https:\\\/\\\/rosarinos.edu.uy\\\/index.php\\\/author\\\/jcastro\\\/\"}]}<\/script>\n<!-- \/ Yoast SEO plugin. -->","yoast_head_json":{"title":"Misa por el d\u00eda de Ntra. Sra. del Rosario - 9\/10\/23 - Colegio Nuestra Se\u00f1ora del Rosario","robots":{"index":"index","follow":"follow","max-snippet":"max-snippet:-1","max-image-preview":"max-image-preview:large","max-video-preview":"max-video-preview:-1"},"canonical":"https:\/\/rosarinos.edu.uy\/index.php\/2023\/11\/19\/misa-por-el-dia-de-ntra-sra-del-rosario-9-10-23\/","og_locale":"es_ES","og_type":"article","og_title":"Misa por el d\u00eda de Ntra. Sra. del Rosario - 9\/10\/23 - Colegio Nuestra Se\u00f1ora del Rosario","og_description":"Recordamos la Misa oficiada por el Obispo de Canelones Monse\u00f1or Heriberto Bodeant, junto al cura p\u00e1rroco Fabi\u00e1n Silveira, en celebraci\u00f3n del D\u00eda de la Virgen del Rosario, que se celebra cada 7 de octubre.","og_url":"https:\/\/rosarinos.edu.uy\/index.php\/2023\/11\/19\/misa-por-el-dia-de-ntra-sra-del-rosario-9-10-23\/","og_site_name":"Colegio Nuestra Se\u00f1ora del Rosario","article_published_time":"2023-11-20T01:02:42+00:00","og_image":[{"width":854,"height":480,"url":"https:\/\/rosarinos.edu.uy\/wp-content\/uploads\/2023\/11\/5.png","type":"image\/png"}],"author":"Jos\u00e9 Castro","twitter_card":"summary_large_image","twitter_misc":{"Escrito por":"Jos\u00e9 Castro","Tiempo de lectura":"1 minuto"},"schema":{"@context":"https:\/\/schema.org","@graph":[{"@type":"Article","@id":"https:\/\/rosarinos.edu.uy\/index.php\/2023\/11\/19\/misa-por-el-dia-de-ntra-sra-del-rosario-9-10-23\/#article","isPartOf":{"@id":"https:\/\/rosarinos.edu.uy\/index.php\/2023\/11\/19\/misa-por-el-dia-de-ntra-sra-del-rosario-9-10-23\/"},"author":{"name":"Jos\u00e9 Castro","@id":"https:\/\/rosarinos.edu.uy\/#\/schema\/person\/1f4852d1637b54b6aaf7c0699ee37537"},"headline":"Misa por el d\u00eda de Ntra. Sra. del Rosario &#8211; 9\/10\/23","datePublished":"2023-11-20T01:02:42+00:00","mainEntityOfPage":{"@id":"https:\/\/rosarinos.edu.uy\/index.php\/2023\/11\/19\/misa-por-el-dia-de-ntra-sra-del-rosario-9-10-23\/"},"wordCount":55,"image":{"@id":"https:\/\/rosarinos.edu.uy\/index.php\/2023\/11\/19\/misa-por-el-dia-de-ntra-sra-del-rosario-9-10-23\/#primaryimage"},"thumbnailUrl":"https:\/\/rosarinos.edu.uy\/wp-content\/uploads\/2023\/11\/5.png","articleSection":["Noticias"],"inLanguage":"es"},{"@type":"WebPage","@id":"https:\/\/rosarinos.edu.uy\/index.php\/2023\/11\/19\/misa-por-el-dia-de-ntra-sra-del-rosario-9-10-23\/","url":"https:\/\/rosarinos.edu.uy\/index.php\/2023\/11\/19\/misa-por-el-dia-de-ntra-sra-del-rosario-9-10-23\/","name":"Misa por el d\u00eda de Ntra. Sra. del Rosario - 9\/10\/23 - Colegio Nuestra Se\u00f1ora del Rosario","isPartOf":{"@id":"https:\/\/rosarinos.edu.uy\/#website"},"primaryImageOfPage":{"@id":"https:\/\/rosarinos.edu.uy\/index.php\/2023\/11\/19\/misa-por-el-dia-de-ntra-sra-del-rosario-9-10-23\/#primaryimage"},"image":{"@id":"https:\/\/rosarinos.edu.uy\/index.php\/2023\/11\/19\/misa-por-el-dia-de-ntra-sra-del-rosario-9-10-23\/#primaryimage"},"thumbnailUrl":"https:\/\/rosarinos.edu.uy\/wp-content\/uploads\/2023\/11\/5.png","datePublished":"2023-11-20T01:02:42+00:00","author":{"@id":"https:\/\/rosarinos.edu.uy\/#\/schema\/person\/1f4852d1637b54b6aaf7c0699ee37537"},"breadcrumb":{"@id":"https:\/\/rosarinos.edu.uy\/index.php\/2023\/11\/19\/misa-por-el-dia-de-ntra-sra-del-rosario-9-10-23\/#breadcrumb"},"inLanguage":"es","potentialAction":[{"@type":"ReadAction","target":["https:\/\/rosarinos.edu.uy\/index.php\/2023\/11\/19\/misa-por-el-dia-de-ntra-sra-del-rosario-9-10-23\/"]}]},{"@type":"ImageObject","inLanguage":"es","@id":"https:\/\/rosarinos.edu.uy\/index.php\/2023\/11\/19\/misa-por-el-dia-de-ntra-sra-del-rosario-9-10-23\/#primaryimage","url":"https:\/\/rosarinos.edu.uy\/wp-content\/uploads\/2023\/11\/5.png","contentUrl":"https:\/\/rosarinos.edu.uy\/wp-content\/uploads\/2023\/11\/5.png","width":854,"height":480},{"@type":"BreadcrumbList","@id":"https:\/\/rosarinos.edu.uy\/index.php\/2023\/11\/19\/misa-por-el-dia-de-ntra-sra-del-rosario-9-10-23\/#breadcrumb","itemListElement":[{"@type":"ListItem","position":1,"name":"Home","item":"https:\/\/rosarinos.edu.uy\/"},{"@type":"ListItem","position":2,"name":"Misa por el d\u00eda de Ntra. Sra. del Rosario &#8211; 9\/10\/23"}]},{"@type":"WebSite","@id":"https:\/\/rosarinos.edu.uy\/#website","url":"https:\/\/rosarinos.edu.uy\/","name":"Colegio Nuestra Se\u00f1ora del Rosario","description":"Nuestra identidad como Colegio se compone de la suma de distintos aspectos que nos hacen una instituci\u00f3n educativa con caracter\u00edsticas propias, donde toda la comunidad educativa vive una experiencia \u00fanica.","potentialAction":[{"@type":"SearchAction","target":{"@type":"EntryPoint","urlTemplate":"https:\/\/rosarinos.edu.uy\/?s={search_term_string}"},"query-input":{"@type":"PropertyValueSpecification","valueRequired":true,"valueName":"search_term_string"}}],"inLanguage":"es"},{"@type":"Person","@id":"https:\/\/rosarinos.edu.uy\/#\/schema\/person\/1f4852d1637b54b6aaf7c0699ee37537","name":"Jos\u00e9 Castro","url":"https:\/\/rosarinos.edu.uy\/index.php\/author\/jcastro\/"}]}},"_links":{"self":[{"href":"https:\/\/rosarinos.edu.uy\/index.php\/wp-json\/wp\/v2\/posts\/3133","targetHints":{"allow":["GET"]}}],"collection":[{"href":"https:\/\/rosarinos.edu.uy\/index.php\/wp-json\/wp\/v2\/posts"}],"about":[{"href":"https:\/\/rosarinos.edu.uy\/index.php\/wp-json\/wp\/v2\/types\/post"}],"author":[{"embeddable":true,"href":"https:\/\/rosarinos.edu.uy\/index.php\/wp-json\/wp\/v2\/users\/4"}],"replies":[{"embeddable":true,"href":"https:\/\/rosarinos.edu.uy\/index.php\/wp-json\/wp\/v2\/comments?post=3133"}],"version-history":[{"count":1,"href":"https:\/\/rosarinos.edu.uy\/index.php\/wp-json\/wp\/v2\/posts\/3133\/revisions"}],"predecessor-version":[{"id":3141,"href":"https:\/\/rosarinos.edu.uy\/index.php\/wp-json\/wp\/v2\/posts\/3133\/revisions\/3141"}],"wp:featuredmedia":[{"embeddable":true,"href":"https:\/\/rosarinos.edu.uy\/index.php\/wp-json\/wp\/v2\/media\/3138"}],"wp:attachment":[{"href":"https:\/\/rosarinos.edu.uy\/index.php\/wp-json\/wp\/v2\/media?parent=3133"}],"wp:term":[{"taxonomy":"category","embeddable":true,"href":"https:\/\/rosarinos.edu.uy\/index.php\/wp-json\/wp\/v2\/categories?post=3133"},{"taxonomy":"post_tag","embeddable":true,"href":"https:\/\/rosarinos.edu.uy\/index.php\/wp-json\/wp\/v2\/tags?post=3133"}],"curies":[{"name":"wp","href":"https:\/\/api.w.org\/{rel}","templated":true}]}}