{"id":2460,"date":"2023-06-26T13:14:14","date_gmt":"2023-06-26T16:14:14","guid":{"rendered":"https:\/\/rosarinos.edu.uy\/?p=2460"},"modified":"2023-06-26T13:14:14","modified_gmt":"2023-06-26T16:14:14","slug":"cielo-y-espacio-en-rosarinos","status":"publish","type":"post","link":"https:\/\/rosarinos.edu.uy\/index.php\/2023\/06\/26\/cielo-y-espacio-en-rosarinos\/","title":{"rendered":"Cielo y espacio en Rosarinos"},"content":{"rendered":"<p><span style=\"font-weight: 400;\">El mi\u00e9rcoles 21 de junio nos visit\u00f3 el Astr\u00f3nomo y Profesor Fernando Gim\u00e9nez. Comparti\u00f3 con nosotros la presentaci\u00f3n \u201cCielo y espacio\u201d. Nuestros alumnos de inicial vieron a los astronautas en la Estaci\u00f3n Espacial Internacional, ISS por sus siglas en ingl\u00e9s: International Space Station. Aprendieron c\u00f3mo es la estaci\u00f3n por dentro y fuera, qu\u00e9 hacen los astronautas en un d\u00eda com\u00fan, los vieron flotar, hacer ejercicio f\u00edsico, beber y comer, trabajar en el exterior con los trajes puestos\u2026 Tambi\u00e9n disfrutaron y se rieron mucho viendo un corto de dibujos animados sobre el viaje espacial. Los alumnos se mostraron sumamente entusiasmados con la propuesta y lo demostraron a trav\u00e9s de su curiosidad por saber m\u00e1s ya que constantemente hac\u00edan preguntas y relacionaban hechos cotidianos con lo que estaban viendo por ejemplo la noci\u00f3n de \u201carriba y abajo\u201d.\u00a0<\/span><\/p>\n<p>&nbsp;<\/p>\n<div id='gallery-1' class='gallery galleryid-2460 gallery-columns-3 gallery-size-medium'><figure class='gallery-item'>\n\t\t\t<div class='gallery-icon landscape'>\n\t\t\t\t<a href='https:\/\/rosarinos.edu.uy\/wp-content\/uploads\/2023\/06\/1-5.jpg'><img loading=\"lazy\" decoding=\"async\" width=\"300\" height=\"169\" src=\"https:\/\/rosarinos.edu.uy\/wp-content\/uploads\/2023\/06\/1-5-300x169.jpg\" class=\"attachment-medium size-medium\" alt=\"\" srcset=\"https:\/\/rosarinos.edu.uy\/wp-content\/uploads\/2023\/06\/1-5-300x169.jpg 300w, https:\/\/rosarinos.edu.uy\/wp-content\/uploads\/2023\/06\/1-5-840x472.jpg 840w, https:\/\/rosarinos.edu.uy\/wp-content\/uploads\/2023\/06\/1-5-768x432.jpg 768w, https:\/\/rosarinos.edu.uy\/wp-content\/uploads\/2023\/06\/1-5.jpg 854w\" sizes=\"auto, (max-width: 300px) 85vw, 300px\" \/><\/a>\n\t\t\t<\/div><\/figure><figure class='gallery-item'>\n\t\t\t<div class='gallery-icon landscape'>\n\t\t\t\t<a href='https:\/\/rosarinos.edu.uy\/wp-content\/uploads\/2023\/06\/2-5.jpg'><img loading=\"lazy\" decoding=\"async\" width=\"300\" height=\"169\" src=\"https:\/\/rosarinos.edu.uy\/wp-content\/uploads\/2023\/06\/2-5-300x169.jpg\" class=\"attachment-medium size-medium\" alt=\"\" srcset=\"https:\/\/rosarinos.edu.uy\/wp-content\/uploads\/2023\/06\/2-5-300x169.jpg 300w, https:\/\/rosarinos.edu.uy\/wp-content\/uploads\/2023\/06\/2-5-840x472.jpg 840w, https:\/\/rosarinos.edu.uy\/wp-content\/uploads\/2023\/06\/2-5-768x432.jpg 768w, https:\/\/rosarinos.edu.uy\/wp-content\/uploads\/2023\/06\/2-5.jpg 854w\" sizes=\"auto, (max-width: 300px) 85vw, 300px\" \/><\/a>\n\t\t\t<\/div><\/figure><figure class='gallery-item'>\n\t\t\t<div class='gallery-icon landscape'>\n\t\t\t\t<a href='https:\/\/rosarinos.edu.uy\/wp-content\/uploads\/2023\/06\/3-5.jpg'><img loading=\"lazy\" decoding=\"async\" width=\"300\" height=\"169\" src=\"https:\/\/rosarinos.edu.uy\/wp-content\/uploads\/2023\/06\/3-5-300x169.jpg\" class=\"attachment-medium size-medium\" alt=\"\" srcset=\"https:\/\/rosarinos.edu.uy\/wp-content\/uploads\/2023\/06\/3-5-300x169.jpg 300w, https:\/\/rosarinos.edu.uy\/wp-content\/uploads\/2023\/06\/3-5-840x472.jpg 840w, https:\/\/rosarinos.edu.uy\/wp-content\/uploads\/2023\/06\/3-5-768x432.jpg 768w, https:\/\/rosarinos.edu.uy\/wp-content\/uploads\/2023\/06\/3-5.jpg 854w\" sizes=\"auto, (max-width: 300px) 85vw, 300px\" \/><\/a>\n\t\t\t<\/div><\/figure><figure class='gallery-item'>\n\t\t\t<div class='gallery-icon landscape'>\n\t\t\t\t<a href='https:\/\/rosarinos.edu.uy\/wp-content\/uploads\/2023\/06\/4-5.jpg'><img loading=\"lazy\" decoding=\"async\" width=\"300\" height=\"169\" src=\"https:\/\/rosarinos.edu.uy\/wp-content\/uploads\/2023\/06\/4-5-300x169.jpg\" class=\"attachment-medium size-medium\" alt=\"\" srcset=\"https:\/\/rosarinos.edu.uy\/wp-content\/uploads\/2023\/06\/4-5-300x169.jpg 300w, https:\/\/rosarinos.edu.uy\/wp-content\/uploads\/2023\/06\/4-5-840x472.jpg 840w, https:\/\/rosarinos.edu.uy\/wp-content\/uploads\/2023\/06\/4-5-768x432.jpg 768w, https:\/\/rosarinos.edu.uy\/wp-content\/uploads\/2023\/06\/4-5.jpg 854w\" sizes=\"auto, (max-width: 300px) 85vw, 300px\" \/><\/a>\n\t\t\t<\/div><\/figure><figure class='gallery-item'>\n\t\t\t<div class='gallery-icon landscape'>\n\t\t\t\t<a href='https:\/\/rosarinos.edu.uy\/wp-content\/uploads\/2023\/06\/5-5.jpg'><img loading=\"lazy\" decoding=\"async\" width=\"300\" height=\"169\" src=\"https:\/\/rosarinos.edu.uy\/wp-content\/uploads\/2023\/06\/5-5-300x169.jpg\" class=\"attachment-medium size-medium\" alt=\"\" srcset=\"https:\/\/rosarinos.edu.uy\/wp-content\/uploads\/2023\/06\/5-5-300x169.jpg 300w, https:\/\/rosarinos.edu.uy\/wp-content\/uploads\/2023\/06\/5-5-840x472.jpg 840w, https:\/\/rosarinos.edu.uy\/wp-content\/uploads\/2023\/06\/5-5-768x432.jpg 768w, https:\/\/rosarinos.edu.uy\/wp-content\/uploads\/2023\/06\/5-5.jpg 854w\" sizes=\"auto, (max-width: 300px) 85vw, 300px\" \/><\/a>\n\t\t\t<\/div><\/figure><figure class='gallery-item'>\n\t\t\t<div class='gallery-icon landscape'>\n\t\t\t\t<a href='https:\/\/rosarinos.edu.uy\/wp-content\/uploads\/2023\/06\/6-5.jpg'><img loading=\"lazy\" decoding=\"async\" width=\"300\" height=\"169\" src=\"https:\/\/rosarinos.edu.uy\/wp-content\/uploads\/2023\/06\/6-5-300x169.jpg\" class=\"attachment-medium size-medium\" alt=\"\" srcset=\"https:\/\/rosarinos.edu.uy\/wp-content\/uploads\/2023\/06\/6-5-300x169.jpg 300w, https:\/\/rosarinos.edu.uy\/wp-content\/uploads\/2023\/06\/6-5-840x472.jpg 840w, https:\/\/rosarinos.edu.uy\/wp-content\/uploads\/2023\/06\/6-5-768x432.jpg 768w, https:\/\/rosarinos.edu.uy\/wp-content\/uploads\/2023\/06\/6-5.jpg 854w\" sizes=\"auto, (max-width: 300px) 85vw, 300px\" \/><\/a>\n\t\t\t<\/div><\/figure><figure class='gallery-item'>\n\t\t\t<div class='gallery-icon landscape'>\n\t\t\t\t<a href='https:\/\/rosarinos.edu.uy\/wp-content\/uploads\/2023\/06\/7-5.jpg'><img loading=\"lazy\" decoding=\"async\" width=\"300\" height=\"169\" src=\"https:\/\/rosarinos.edu.uy\/wp-content\/uploads\/2023\/06\/7-5-300x169.jpg\" class=\"attachment-medium size-medium\" alt=\"\" srcset=\"https:\/\/rosarinos.edu.uy\/wp-content\/uploads\/2023\/06\/7-5-300x169.jpg 300w, https:\/\/rosarinos.edu.uy\/wp-content\/uploads\/2023\/06\/7-5-840x472.jpg 840w, https:\/\/rosarinos.edu.uy\/wp-content\/uploads\/2023\/06\/7-5-768x432.jpg 768w, https:\/\/rosarinos.edu.uy\/wp-content\/uploads\/2023\/06\/7-5.jpg 854w\" sizes=\"auto, (max-width: 300px) 85vw, 300px\" \/><\/a>\n\t\t\t<\/div><\/figure><figure class='gallery-item'>\n\t\t\t<div class='gallery-icon landscape'>\n\t\t\t\t<a href='https:\/\/rosarinos.edu.uy\/wp-content\/uploads\/2023\/06\/8-5.jpg'><img loading=\"lazy\" decoding=\"async\" width=\"300\" height=\"169\" src=\"https:\/\/rosarinos.edu.uy\/wp-content\/uploads\/2023\/06\/8-5-300x169.jpg\" class=\"attachment-medium size-medium\" alt=\"\" srcset=\"https:\/\/rosarinos.edu.uy\/wp-content\/uploads\/2023\/06\/8-5-300x169.jpg 300w, https:\/\/rosarinos.edu.uy\/wp-content\/uploads\/2023\/06\/8-5-840x472.jpg 840w, https:\/\/rosarinos.edu.uy\/wp-content\/uploads\/2023\/06\/8-5-768x432.jpg 768w, https:\/\/rosarinos.edu.uy\/wp-content\/uploads\/2023\/06\/8-5.jpg 854w\" sizes=\"auto, (max-width: 300px) 85vw, 300px\" \/><\/a>\n\t\t\t<\/div><\/figure><figure class='gallery-item'>\n\t\t\t<div class='gallery-icon landscape'>\n\t\t\t\t<a href='https:\/\/rosarinos.edu.uy\/wp-content\/uploads\/2023\/06\/9-5.jpg'><img loading=\"lazy\" decoding=\"async\" width=\"300\" height=\"169\" src=\"https:\/\/rosarinos.edu.uy\/wp-content\/uploads\/2023\/06\/9-5-300x169.jpg\" class=\"attachment-medium size-medium\" alt=\"\" srcset=\"https:\/\/rosarinos.edu.uy\/wp-content\/uploads\/2023\/06\/9-5-300x169.jpg 300w, https:\/\/rosarinos.edu.uy\/wp-content\/uploads\/2023\/06\/9-5-840x472.jpg 840w, https:\/\/rosarinos.edu.uy\/wp-content\/uploads\/2023\/06\/9-5-768x432.jpg 768w, https:\/\/rosarinos.edu.uy\/wp-content\/uploads\/2023\/06\/9-5.jpg 854w\" sizes=\"auto, (max-width: 300px) 85vw, 300px\" \/><\/a>\n\t\t\t<\/div><\/figure>\n\t\t<\/div>\n\n<p>&nbsp;<\/p>\n<p><span style=\"font-weight: 400;\">Tambi\u00e9n los alumnos de primaria disfrutaron de su instancia enfocada en la misma tem\u00e1tica anterior. La presentaci\u00f3n, adecuada a su nivel, les mostr\u00f3 la llegada y acople de una C\u00e1psula de Space X tripulada. El ingreso de los astronautas a la ISS, y sus primeros movimientos gravedad 0.\u00a0<\/span><\/p>\n<p><span style=\"font-weight: 400;\">Conocieron m\u00e1s detalladamente c\u00f3mo es la Estaci\u00f3n por dentro de la mano del reconocido astronauta espa\u00f1ol Pedro Duque, quien en 2018 ser\u00eda electo Ministro de Ciencias e Innovaci\u00f3n de Espa\u00f1a. Vieron los dormitorios y ba\u00f1os, c\u00f3mo escuchan m\u00fasica y tocan el \u00f3rgano para divertirse, ense\u00f1\u00f3 los centros de control y la esclusa para salir al espacio, mostr\u00f3 la vista desde una ventana del oc\u00e9ano Atl\u00e1ntico y un hermoso atardecer en la Tierra desde el espacio.\u00a0<\/span><\/p>\n<p>&nbsp;<\/p>\n<p><span style=\"font-weight: 400;\">Al igual que los compa\u00f1eros de inicial, disfrutaron de un momento m\u00e1gico y a su vez cargado de ciencia. Se despertaron su curiosidad, saberes y experiencias, se tejieron sue\u00f1os, se proyectaron esperanzas.\u00a0<\/span><\/p>\n<p>&nbsp;<\/p>\n<p><span style=\"font-weight: 400;\">Sobre el final de la presentaci\u00f3n, realizaron preguntas cuyas respuestas residen en la ciencia y otras que no tanto. Preguntaron c\u00f3mo van al ba\u00f1o y qu\u00e9 pasa con los desperdicios, c\u00f3mo se ba\u00f1an si el agua no cae. Pero tambi\u00e9n interpelaron por Laika y el valor de la vida animal. Se despert\u00f3 su respeto por la vida humana y espiritualidad al preguntarse qu\u00e9 pasa si un astronauta muere en el espacio. El Profesor Fernando fue respondiendo cada una de sus dudas con una pasi\u00f3n contagiosa nacida obviamente del amor a lo que hace y del convencimiento del valor de estimular y propagar el conocimiento cient\u00edfico, de conocer nuestro espacio cercano y nuestro cielo profundo. Muchas gracias por esto Fernando.\u00a0<\/span><\/p>\n<p>&nbsp;<\/p>\n<p><span style=\"font-weight: 400;\">Fue una instancia sumamente rica desde todo punto de vista, los chicos mostraron, como es usual, respeto al trabajo del presentador y a sus compa\u00f1eros. Presenciaron la charla entusiasmados y felices. \u00a1Qu\u00e9 lindo verlos as\u00ed!<\/span><\/p>\n","protected":false},"excerpt":{"rendered":"<p>El mi\u00e9rcoles 21 de junio nos visit\u00f3 el Astr\u00f3nomo y Profesor Fernando Gim\u00e9nez. Comparti\u00f3 con nosotros la presentaci\u00f3n \u201cCielo y espacio\u201d. Nuestros alumnos de inicial vieron a los astronautas en la Estaci\u00f3n Espacial Internacional, ISS por sus siglas en ingl\u00e9s: International Space Station. Aprendieron c\u00f3mo es la estaci\u00f3n por dentro y fuera, qu\u00e9 hacen los &hellip; <a href=\"https:\/\/rosarinos.edu.uy\/index.php\/2023\/06\/26\/cielo-y-espacio-en-rosarinos\/\" class=\"more-link\">Continue reading<span class=\"screen-reader-text\"> \u00abCielo y espacio en Rosarinos\u00bb<\/span><\/a><\/p>\n","protected":false},"author":4,"featured_media":2463,"comment_status":"closed","ping_status":"closed","sticky":false,"template":"","format":"standard","meta":{"footnotes":""},"categories":[4],"tags":[],"class_list":["post-2460","post","type-post","status-publish","format-standard","has-post-thumbnail","hentry","category-noticias"],"yoast_head":"<!-- This site is optimized with the Yoast SEO plugin v27.5 - https:\/\/yoast.com\/product\/yoast-seo-wordpress\/ -->\n<title>Cielo y espacio en Rosarinos - Colegio Nuestra Se\u00f1ora del Rosario<\/title>\n<meta name=\"robots\" content=\"index, follow, max-snippet:-1, max-image-preview:large, max-video-preview:-1\" \/>\n<link rel=\"canonical\" href=\"https:\/\/rosarinos.edu.uy\/index.php\/2023\/06\/26\/cielo-y-espacio-en-rosarinos\/\" \/>\n<meta property=\"og:locale\" content=\"es_ES\" \/>\n<meta property=\"og:type\" content=\"article\" \/>\n<meta property=\"og:title\" content=\"Cielo y espacio en Rosarinos - Colegio Nuestra Se\u00f1ora del Rosario\" \/>\n<meta property=\"og:description\" content=\"El mi\u00e9rcoles 21 de junio nos visit\u00f3 el Astr\u00f3nomo y Profesor Fernando Gim\u00e9nez. Comparti\u00f3 con nosotros la presentaci\u00f3n \u201cCielo y espacio\u201d. Nuestros alumnos de inicial vieron a los astronautas en la Estaci\u00f3n Espacial Internacional, ISS por sus siglas en ingl\u00e9s: International Space Station. Aprendieron c\u00f3mo es la estaci\u00f3n por dentro y fuera, qu\u00e9 hacen los &hellip; Continue reading &quot;Cielo y espacio en Rosarinos&quot;\" \/>\n<meta property=\"og:url\" content=\"https:\/\/rosarinos.edu.uy\/index.php\/2023\/06\/26\/cielo-y-espacio-en-rosarinos\/\" \/>\n<meta property=\"og:site_name\" content=\"Colegio Nuestra Se\u00f1ora del Rosario\" \/>\n<meta property=\"article:published_time\" content=\"2023-06-26T16:14:14+00:00\" \/>\n<meta property=\"og:image\" content=\"https:\/\/rosarinos.edu.uy\/wp-content\/uploads\/2023\/06\/3-5.jpg\" \/>\n\t<meta property=\"og:image:width\" content=\"854\" \/>\n\t<meta property=\"og:image:height\" content=\"480\" \/>\n\t<meta property=\"og:image:type\" content=\"image\/jpeg\" \/>\n<meta name=\"author\" content=\"Jos\u00e9 Castro\" \/>\n<meta name=\"twitter:card\" content=\"summary_large_image\" \/>\n<meta name=\"twitter:label1\" content=\"Escrito por\" \/>\n\t<meta name=\"twitter:data1\" content=\"Jos\u00e9 Castro\" \/>\n\t<meta name=\"twitter:label2\" content=\"Tiempo de lectura\" \/>\n\t<meta name=\"twitter:data2\" content=\"3 minutos\" \/>\n<script type=\"application\/ld+json\" class=\"yoast-schema-graph\">{\"@context\":\"https:\\\/\\\/schema.org\",\"@graph\":[{\"@type\":\"Article\",\"@id\":\"https:\\\/\\\/rosarinos.edu.uy\\\/index.php\\\/2023\\\/06\\\/26\\\/cielo-y-espacio-en-rosarinos\\\/#article\",\"isPartOf\":{\"@id\":\"https:\\\/\\\/rosarinos.edu.uy\\\/index.php\\\/2023\\\/06\\\/26\\\/cielo-y-espacio-en-rosarinos\\\/\"},\"author\":{\"name\":\"Jos\u00e9 Castro\",\"@id\":\"https:\\\/\\\/rosarinos.edu.uy\\\/#\\\/schema\\\/person\\\/1f4852d1637b54b6aaf7c0699ee37537\"},\"headline\":\"Cielo y espacio en Rosarinos\",\"datePublished\":\"2023-06-26T16:14:14+00:00\",\"mainEntityOfPage\":{\"@id\":\"https:\\\/\\\/rosarinos.edu.uy\\\/index.php\\\/2023\\\/06\\\/26\\\/cielo-y-espacio-en-rosarinos\\\/\"},\"wordCount\":501,\"image\":{\"@id\":\"https:\\\/\\\/rosarinos.edu.uy\\\/index.php\\\/2023\\\/06\\\/26\\\/cielo-y-espacio-en-rosarinos\\\/#primaryimage\"},\"thumbnailUrl\":\"https:\\\/\\\/rosarinos.edu.uy\\\/wp-content\\\/uploads\\\/2023\\\/06\\\/3-5.jpg\",\"articleSection\":[\"Noticias\"],\"inLanguage\":\"es\"},{\"@type\":\"WebPage\",\"@id\":\"https:\\\/\\\/rosarinos.edu.uy\\\/index.php\\\/2023\\\/06\\\/26\\\/cielo-y-espacio-en-rosarinos\\\/\",\"url\":\"https:\\\/\\\/rosarinos.edu.uy\\\/index.php\\\/2023\\\/06\\\/26\\\/cielo-y-espacio-en-rosarinos\\\/\",\"name\":\"Cielo y espacio en Rosarinos - Colegio Nuestra Se\u00f1ora del Rosario\",\"isPartOf\":{\"@id\":\"https:\\\/\\\/rosarinos.edu.uy\\\/#website\"},\"primaryImageOfPage\":{\"@id\":\"https:\\\/\\\/rosarinos.edu.uy\\\/index.php\\\/2023\\\/06\\\/26\\\/cielo-y-espacio-en-rosarinos\\\/#primaryimage\"},\"image\":{\"@id\":\"https:\\\/\\\/rosarinos.edu.uy\\\/index.php\\\/2023\\\/06\\\/26\\\/cielo-y-espacio-en-rosarinos\\\/#primaryimage\"},\"thumbnailUrl\":\"https:\\\/\\\/rosarinos.edu.uy\\\/wp-content\\\/uploads\\\/2023\\\/06\\\/3-5.jpg\",\"datePublished\":\"2023-06-26T16:14:14+00:00\",\"author\":{\"@id\":\"https:\\\/\\\/rosarinos.edu.uy\\\/#\\\/schema\\\/person\\\/1f4852d1637b54b6aaf7c0699ee37537\"},\"breadcrumb\":{\"@id\":\"https:\\\/\\\/rosarinos.edu.uy\\\/index.php\\\/2023\\\/06\\\/26\\\/cielo-y-espacio-en-rosarinos\\\/#breadcrumb\"},\"inLanguage\":\"es\",\"potentialAction\":[{\"@type\":\"ReadAction\",\"target\":[\"https:\\\/\\\/rosarinos.edu.uy\\\/index.php\\\/2023\\\/06\\\/26\\\/cielo-y-espacio-en-rosarinos\\\/\"]}]},{\"@type\":\"ImageObject\",\"inLanguage\":\"es\",\"@id\":\"https:\\\/\\\/rosarinos.edu.uy\\\/index.php\\\/2023\\\/06\\\/26\\\/cielo-y-espacio-en-rosarinos\\\/#primaryimage\",\"url\":\"https:\\\/\\\/rosarinos.edu.uy\\\/wp-content\\\/uploads\\\/2023\\\/06\\\/3-5.jpg\",\"contentUrl\":\"https:\\\/\\\/rosarinos.edu.uy\\\/wp-content\\\/uploads\\\/2023\\\/06\\\/3-5.jpg\",\"width\":854,\"height\":480},{\"@type\":\"BreadcrumbList\",\"@id\":\"https:\\\/\\\/rosarinos.edu.uy\\\/index.php\\\/2023\\\/06\\\/26\\\/cielo-y-espacio-en-rosarinos\\\/#breadcrumb\",\"itemListElement\":[{\"@type\":\"ListItem\",\"position\":1,\"name\":\"Home\",\"item\":\"https:\\\/\\\/rosarinos.edu.uy\\\/\"},{\"@type\":\"ListItem\",\"position\":2,\"name\":\"Cielo y espacio en Rosarinos\"}]},{\"@type\":\"WebSite\",\"@id\":\"https:\\\/\\\/rosarinos.edu.uy\\\/#website\",\"url\":\"https:\\\/\\\/rosarinos.edu.uy\\\/\",\"name\":\"Colegio Nuestra Se\u00f1ora del Rosario\",\"description\":\"Nuestra identidad como Colegio se compone de la suma de distintos aspectos que nos hacen una instituci\u00f3n educativa con caracter\u00edsticas propias, donde toda la comunidad educativa vive una experiencia \u00fanica.\",\"potentialAction\":[{\"@type\":\"SearchAction\",\"target\":{\"@type\":\"EntryPoint\",\"urlTemplate\":\"https:\\\/\\\/rosarinos.edu.uy\\\/?s={search_term_string}\"},\"query-input\":{\"@type\":\"PropertyValueSpecification\",\"valueRequired\":true,\"valueName\":\"search_term_string\"}}],\"inLanguage\":\"es\"},{\"@type\":\"Person\",\"@id\":\"https:\\\/\\\/rosarinos.edu.uy\\\/#\\\/schema\\\/person\\\/1f4852d1637b54b6aaf7c0699ee37537\",\"name\":\"Jos\u00e9 Castro\",\"url\":\"https:\\\/\\\/rosarinos.edu.uy\\\/index.php\\\/author\\\/jcastro\\\/\"}]}<\/script>\n<!-- \/ Yoast SEO plugin. -->","yoast_head_json":{"title":"Cielo y espacio en Rosarinos - Colegio Nuestra Se\u00f1ora del Rosario","robots":{"index":"index","follow":"follow","max-snippet":"max-snippet:-1","max-image-preview":"max-image-preview:large","max-video-preview":"max-video-preview:-1"},"canonical":"https:\/\/rosarinos.edu.uy\/index.php\/2023\/06\/26\/cielo-y-espacio-en-rosarinos\/","og_locale":"es_ES","og_type":"article","og_title":"Cielo y espacio en Rosarinos - Colegio Nuestra Se\u00f1ora del Rosario","og_description":"El mi\u00e9rcoles 21 de junio nos visit\u00f3 el Astr\u00f3nomo y Profesor Fernando Gim\u00e9nez. Comparti\u00f3 con nosotros la presentaci\u00f3n \u201cCielo y espacio\u201d. Nuestros alumnos de inicial vieron a los astronautas en la Estaci\u00f3n Espacial Internacional, ISS por sus siglas en ingl\u00e9s: International Space Station. Aprendieron c\u00f3mo es la estaci\u00f3n por dentro y fuera, qu\u00e9 hacen los &hellip; Continue reading \"Cielo y espacio en Rosarinos\"","og_url":"https:\/\/rosarinos.edu.uy\/index.php\/2023\/06\/26\/cielo-y-espacio-en-rosarinos\/","og_site_name":"Colegio Nuestra Se\u00f1ora del Rosario","article_published_time":"2023-06-26T16:14:14+00:00","og_image":[{"width":854,"height":480,"url":"https:\/\/rosarinos.edu.uy\/wp-content\/uploads\/2023\/06\/3-5.jpg","type":"image\/jpeg"}],"author":"Jos\u00e9 Castro","twitter_card":"summary_large_image","twitter_misc":{"Escrito por":"Jos\u00e9 Castro","Tiempo de lectura":"3 minutos"},"schema":{"@context":"https:\/\/schema.org","@graph":[{"@type":"Article","@id":"https:\/\/rosarinos.edu.uy\/index.php\/2023\/06\/26\/cielo-y-espacio-en-rosarinos\/#article","isPartOf":{"@id":"https:\/\/rosarinos.edu.uy\/index.php\/2023\/06\/26\/cielo-y-espacio-en-rosarinos\/"},"author":{"name":"Jos\u00e9 Castro","@id":"https:\/\/rosarinos.edu.uy\/#\/schema\/person\/1f4852d1637b54b6aaf7c0699ee37537"},"headline":"Cielo y espacio en Rosarinos","datePublished":"2023-06-26T16:14:14+00:00","mainEntityOfPage":{"@id":"https:\/\/rosarinos.edu.uy\/index.php\/2023\/06\/26\/cielo-y-espacio-en-rosarinos\/"},"wordCount":501,"image":{"@id":"https:\/\/rosarinos.edu.uy\/index.php\/2023\/06\/26\/cielo-y-espacio-en-rosarinos\/#primaryimage"},"thumbnailUrl":"https:\/\/rosarinos.edu.uy\/wp-content\/uploads\/2023\/06\/3-5.jpg","articleSection":["Noticias"],"inLanguage":"es"},{"@type":"WebPage","@id":"https:\/\/rosarinos.edu.uy\/index.php\/2023\/06\/26\/cielo-y-espacio-en-rosarinos\/","url":"https:\/\/rosarinos.edu.uy\/index.php\/2023\/06\/26\/cielo-y-espacio-en-rosarinos\/","name":"Cielo y espacio en Rosarinos - Colegio Nuestra Se\u00f1ora del Rosario","isPartOf":{"@id":"https:\/\/rosarinos.edu.uy\/#website"},"primaryImageOfPage":{"@id":"https:\/\/rosarinos.edu.uy\/index.php\/2023\/06\/26\/cielo-y-espacio-en-rosarinos\/#primaryimage"},"image":{"@id":"https:\/\/rosarinos.edu.uy\/index.php\/2023\/06\/26\/cielo-y-espacio-en-rosarinos\/#primaryimage"},"thumbnailUrl":"https:\/\/rosarinos.edu.uy\/wp-content\/uploads\/2023\/06\/3-5.jpg","datePublished":"2023-06-26T16:14:14+00:00","author":{"@id":"https:\/\/rosarinos.edu.uy\/#\/schema\/person\/1f4852d1637b54b6aaf7c0699ee37537"},"breadcrumb":{"@id":"https:\/\/rosarinos.edu.uy\/index.php\/2023\/06\/26\/cielo-y-espacio-en-rosarinos\/#breadcrumb"},"inLanguage":"es","potentialAction":[{"@type":"ReadAction","target":["https:\/\/rosarinos.edu.uy\/index.php\/2023\/06\/26\/cielo-y-espacio-en-rosarinos\/"]}]},{"@type":"ImageObject","inLanguage":"es","@id":"https:\/\/rosarinos.edu.uy\/index.php\/2023\/06\/26\/cielo-y-espacio-en-rosarinos\/#primaryimage","url":"https:\/\/rosarinos.edu.uy\/wp-content\/uploads\/2023\/06\/3-5.jpg","contentUrl":"https:\/\/rosarinos.edu.uy\/wp-content\/uploads\/2023\/06\/3-5.jpg","width":854,"height":480},{"@type":"BreadcrumbList","@id":"https:\/\/rosarinos.edu.uy\/index.php\/2023\/06\/26\/cielo-y-espacio-en-rosarinos\/#breadcrumb","itemListElement":[{"@type":"ListItem","position":1,"name":"Home","item":"https:\/\/rosarinos.edu.uy\/"},{"@type":"ListItem","position":2,"name":"Cielo y espacio en Rosarinos"}]},{"@type":"WebSite","@id":"https:\/\/rosarinos.edu.uy\/#website","url":"https:\/\/rosarinos.edu.uy\/","name":"Colegio Nuestra Se\u00f1ora del Rosario","description":"Nuestra identidad como Colegio se compone de la suma de distintos aspectos que nos hacen una instituci\u00f3n educativa con caracter\u00edsticas propias, donde toda la comunidad educativa vive una experiencia \u00fanica.","potentialAction":[{"@type":"SearchAction","target":{"@type":"EntryPoint","urlTemplate":"https:\/\/rosarinos.edu.uy\/?s={search_term_string}"},"query-input":{"@type":"PropertyValueSpecification","valueRequired":true,"valueName":"search_term_string"}}],"inLanguage":"es"},{"@type":"Person","@id":"https:\/\/rosarinos.edu.uy\/#\/schema\/person\/1f4852d1637b54b6aaf7c0699ee37537","name":"Jos\u00e9 Castro","url":"https:\/\/rosarinos.edu.uy\/index.php\/author\/jcastro\/"}]}},"_links":{"self":[{"href":"https:\/\/rosarinos.edu.uy\/index.php\/wp-json\/wp\/v2\/posts\/2460","targetHints":{"allow":["GET"]}}],"collection":[{"href":"https:\/\/rosarinos.edu.uy\/index.php\/wp-json\/wp\/v2\/posts"}],"about":[{"href":"https:\/\/rosarinos.edu.uy\/index.php\/wp-json\/wp\/v2\/types\/post"}],"author":[{"embeddable":true,"href":"https:\/\/rosarinos.edu.uy\/index.php\/wp-json\/wp\/v2\/users\/4"}],"replies":[{"embeddable":true,"href":"https:\/\/rosarinos.edu.uy\/index.php\/wp-json\/wp\/v2\/comments?post=2460"}],"version-history":[{"count":1,"href":"https:\/\/rosarinos.edu.uy\/index.php\/wp-json\/wp\/v2\/posts\/2460\/revisions"}],"predecessor-version":[{"id":2470,"href":"https:\/\/rosarinos.edu.uy\/index.php\/wp-json\/wp\/v2\/posts\/2460\/revisions\/2470"}],"wp:featuredmedia":[{"embeddable":true,"href":"https:\/\/rosarinos.edu.uy\/index.php\/wp-json\/wp\/v2\/media\/2463"}],"wp:attachment":[{"href":"https:\/\/rosarinos.edu.uy\/index.php\/wp-json\/wp\/v2\/media?parent=2460"}],"wp:term":[{"taxonomy":"category","embeddable":true,"href":"https:\/\/rosarinos.edu.uy\/index.php\/wp-json\/wp\/v2\/categories?post=2460"},{"taxonomy":"post_tag","embeddable":true,"href":"https:\/\/rosarinos.edu.uy\/index.php\/wp-json\/wp\/v2\/tags?post=2460"}],"curies":[{"name":"wp","href":"https:\/\/api.w.org\/{rel}","templated":true}]}}