{"id":2428,"date":"2023-06-23T15:52:39","date_gmt":"2023-06-23T18:52:39","guid":{"rendered":"https:\/\/rosarinos.edu.uy\/?p=2428"},"modified":"2023-06-23T16:06:36","modified_gmt":"2023-06-23T19:06:36","slug":"visitamos-a-los-amigos-de-la-escuela-75-en-sus-100-anos","status":"publish","type":"post","link":"https:\/\/rosarinos.edu.uy\/index.php\/2023\/06\/23\/visitamos-a-los-amigos-de-la-escuela-75-en-sus-100-anos\/","title":{"rendered":"Visitamos a los amigos de la Escuela 75 en sus 100 a\u00f1os"},"content":{"rendered":"<div id='gallery-1' class='gallery galleryid-2428 gallery-columns-3 gallery-size-medium'><figure class='gallery-item'>\n\t\t\t<div class='gallery-icon landscape'>\n\t\t\t\t<a href='https:\/\/rosarinos.edu.uy\/wp-content\/uploads\/2023\/06\/1-3.jpg'><img loading=\"lazy\" decoding=\"async\" width=\"300\" height=\"169\" src=\"https:\/\/rosarinos.edu.uy\/wp-content\/uploads\/2023\/06\/1-3-300x169.jpg\" class=\"attachment-medium size-medium\" alt=\"\" srcset=\"https:\/\/rosarinos.edu.uy\/wp-content\/uploads\/2023\/06\/1-3-300x169.jpg 300w, https:\/\/rosarinos.edu.uy\/wp-content\/uploads\/2023\/06\/1-3-840x472.jpg 840w, https:\/\/rosarinos.edu.uy\/wp-content\/uploads\/2023\/06\/1-3-768x432.jpg 768w, https:\/\/rosarinos.edu.uy\/wp-content\/uploads\/2023\/06\/1-3.jpg 854w\" sizes=\"auto, (max-width: 300px) 85vw, 300px\" \/><\/a>\n\t\t\t<\/div><\/figure><figure class='gallery-item'>\n\t\t\t<div class='gallery-icon landscape'>\n\t\t\t\t<a href='https:\/\/rosarinos.edu.uy\/wp-content\/uploads\/2023\/06\/2-3.jpg'><img loading=\"lazy\" decoding=\"async\" width=\"300\" height=\"169\" src=\"https:\/\/rosarinos.edu.uy\/wp-content\/uploads\/2023\/06\/2-3-300x169.jpg\" class=\"attachment-medium size-medium\" alt=\"\" srcset=\"https:\/\/rosarinos.edu.uy\/wp-content\/uploads\/2023\/06\/2-3-300x169.jpg 300w, https:\/\/rosarinos.edu.uy\/wp-content\/uploads\/2023\/06\/2-3-840x472.jpg 840w, https:\/\/rosarinos.edu.uy\/wp-content\/uploads\/2023\/06\/2-3-768x432.jpg 768w, https:\/\/rosarinos.edu.uy\/wp-content\/uploads\/2023\/06\/2-3.jpg 854w\" sizes=\"auto, (max-width: 300px) 85vw, 300px\" \/><\/a>\n\t\t\t<\/div><\/figure><figure class='gallery-item'>\n\t\t\t<div class='gallery-icon landscape'>\n\t\t\t\t<a href='https:\/\/rosarinos.edu.uy\/wp-content\/uploads\/2023\/06\/3-3.jpg'><img loading=\"lazy\" decoding=\"async\" width=\"300\" height=\"169\" src=\"https:\/\/rosarinos.edu.uy\/wp-content\/uploads\/2023\/06\/3-3-300x169.jpg\" class=\"attachment-medium size-medium\" alt=\"\" srcset=\"https:\/\/rosarinos.edu.uy\/wp-content\/uploads\/2023\/06\/3-3-300x169.jpg 300w, https:\/\/rosarinos.edu.uy\/wp-content\/uploads\/2023\/06\/3-3-840x472.jpg 840w, https:\/\/rosarinos.edu.uy\/wp-content\/uploads\/2023\/06\/3-3-768x432.jpg 768w, https:\/\/rosarinos.edu.uy\/wp-content\/uploads\/2023\/06\/3-3.jpg 854w\" sizes=\"auto, (max-width: 300px) 85vw, 300px\" \/><\/a>\n\t\t\t<\/div><\/figure><figure class='gallery-item'>\n\t\t\t<div class='gallery-icon landscape'>\n\t\t\t\t<a href='https:\/\/rosarinos.edu.uy\/wp-content\/uploads\/2023\/06\/4-3.jpg'><img loading=\"lazy\" decoding=\"async\" width=\"300\" height=\"169\" src=\"https:\/\/rosarinos.edu.uy\/wp-content\/uploads\/2023\/06\/4-3-300x169.jpg\" class=\"attachment-medium size-medium\" alt=\"\" srcset=\"https:\/\/rosarinos.edu.uy\/wp-content\/uploads\/2023\/06\/4-3-300x169.jpg 300w, https:\/\/rosarinos.edu.uy\/wp-content\/uploads\/2023\/06\/4-3-840x472.jpg 840w, https:\/\/rosarinos.edu.uy\/wp-content\/uploads\/2023\/06\/4-3-768x432.jpg 768w, https:\/\/rosarinos.edu.uy\/wp-content\/uploads\/2023\/06\/4-3.jpg 854w\" sizes=\"auto, (max-width: 300px) 85vw, 300px\" \/><\/a>\n\t\t\t<\/div><\/figure><figure class='gallery-item'>\n\t\t\t<div class='gallery-icon landscape'>\n\t\t\t\t<a href='https:\/\/rosarinos.edu.uy\/wp-content\/uploads\/2023\/06\/5-3.jpg'><img loading=\"lazy\" decoding=\"async\" width=\"300\" height=\"169\" src=\"https:\/\/rosarinos.edu.uy\/wp-content\/uploads\/2023\/06\/5-3-300x169.jpg\" class=\"attachment-medium size-medium\" alt=\"\" srcset=\"https:\/\/rosarinos.edu.uy\/wp-content\/uploads\/2023\/06\/5-3-300x169.jpg 300w, https:\/\/rosarinos.edu.uy\/wp-content\/uploads\/2023\/06\/5-3-840x472.jpg 840w, https:\/\/rosarinos.edu.uy\/wp-content\/uploads\/2023\/06\/5-3-768x432.jpg 768w, https:\/\/rosarinos.edu.uy\/wp-content\/uploads\/2023\/06\/5-3.jpg 854w\" sizes=\"auto, (max-width: 300px) 85vw, 300px\" \/><\/a>\n\t\t\t<\/div><\/figure><figure class='gallery-item'>\n\t\t\t<div class='gallery-icon landscape'>\n\t\t\t\t<a href='https:\/\/rosarinos.edu.uy\/wp-content\/uploads\/2023\/06\/6-3.jpg'><img loading=\"lazy\" decoding=\"async\" width=\"300\" height=\"169\" src=\"https:\/\/rosarinos.edu.uy\/wp-content\/uploads\/2023\/06\/6-3-300x169.jpg\" class=\"attachment-medium size-medium\" alt=\"\" srcset=\"https:\/\/rosarinos.edu.uy\/wp-content\/uploads\/2023\/06\/6-3-300x169.jpg 300w, https:\/\/rosarinos.edu.uy\/wp-content\/uploads\/2023\/06\/6-3-840x472.jpg 840w, https:\/\/rosarinos.edu.uy\/wp-content\/uploads\/2023\/06\/6-3-768x432.jpg 768w, https:\/\/rosarinos.edu.uy\/wp-content\/uploads\/2023\/06\/6-3.jpg 854w\" sizes=\"auto, (max-width: 300px) 85vw, 300px\" \/><\/a>\n\t\t\t<\/div><\/figure><figure class='gallery-item'>\n\t\t\t<div class='gallery-icon landscape'>\n\t\t\t\t<a href='https:\/\/rosarinos.edu.uy\/wp-content\/uploads\/2023\/06\/7-3.jpg'><img loading=\"lazy\" decoding=\"async\" width=\"300\" height=\"169\" src=\"https:\/\/rosarinos.edu.uy\/wp-content\/uploads\/2023\/06\/7-3-300x169.jpg\" class=\"attachment-medium size-medium\" alt=\"\" srcset=\"https:\/\/rosarinos.edu.uy\/wp-content\/uploads\/2023\/06\/7-3-300x169.jpg 300w, https:\/\/rosarinos.edu.uy\/wp-content\/uploads\/2023\/06\/7-3-840x472.jpg 840w, https:\/\/rosarinos.edu.uy\/wp-content\/uploads\/2023\/06\/7-3-768x432.jpg 768w, https:\/\/rosarinos.edu.uy\/wp-content\/uploads\/2023\/06\/7-3.jpg 854w\" sizes=\"auto, (max-width: 300px) 85vw, 300px\" \/><\/a>\n\t\t\t<\/div><\/figure><figure class='gallery-item'>\n\t\t\t<div class='gallery-icon landscape'>\n\t\t\t\t<a href='https:\/\/rosarinos.edu.uy\/wp-content\/uploads\/2023\/06\/8-3.jpg'><img loading=\"lazy\" decoding=\"async\" width=\"300\" height=\"169\" src=\"https:\/\/rosarinos.edu.uy\/wp-content\/uploads\/2023\/06\/8-3-300x169.jpg\" class=\"attachment-medium size-medium\" alt=\"\" srcset=\"https:\/\/rosarinos.edu.uy\/wp-content\/uploads\/2023\/06\/8-3-300x169.jpg 300w, https:\/\/rosarinos.edu.uy\/wp-content\/uploads\/2023\/06\/8-3-840x472.jpg 840w, https:\/\/rosarinos.edu.uy\/wp-content\/uploads\/2023\/06\/8-3-768x432.jpg 768w, https:\/\/rosarinos.edu.uy\/wp-content\/uploads\/2023\/06\/8-3.jpg 854w\" sizes=\"auto, (max-width: 300px) 85vw, 300px\" \/><\/a>\n\t\t\t<\/div><\/figure><figure class='gallery-item'>\n\t\t\t<div class='gallery-icon landscape'>\n\t\t\t\t<a href='https:\/\/rosarinos.edu.uy\/wp-content\/uploads\/2023\/06\/9-3.jpg'><img loading=\"lazy\" decoding=\"async\" width=\"300\" height=\"169\" src=\"https:\/\/rosarinos.edu.uy\/wp-content\/uploads\/2023\/06\/9-3-300x169.jpg\" class=\"attachment-medium size-medium\" alt=\"\" srcset=\"https:\/\/rosarinos.edu.uy\/wp-content\/uploads\/2023\/06\/9-3-300x169.jpg 300w, https:\/\/rosarinos.edu.uy\/wp-content\/uploads\/2023\/06\/9-3-840x472.jpg 840w, https:\/\/rosarinos.edu.uy\/wp-content\/uploads\/2023\/06\/9-3-768x432.jpg 768w, https:\/\/rosarinos.edu.uy\/wp-content\/uploads\/2023\/06\/9-3.jpg 854w\" sizes=\"auto, (max-width: 300px) 85vw, 300px\" \/><\/a>\n\t\t\t<\/div><\/figure><figure class='gallery-item'>\n\t\t\t<div class='gallery-icon landscape'>\n\t\t\t\t<a href='https:\/\/rosarinos.edu.uy\/wp-content\/uploads\/2023\/06\/10-3.jpg'><img loading=\"lazy\" decoding=\"async\" width=\"300\" height=\"169\" src=\"https:\/\/rosarinos.edu.uy\/wp-content\/uploads\/2023\/06\/10-3-300x169.jpg\" class=\"attachment-medium size-medium\" alt=\"\" srcset=\"https:\/\/rosarinos.edu.uy\/wp-content\/uploads\/2023\/06\/10-3-300x169.jpg 300w, https:\/\/rosarinos.edu.uy\/wp-content\/uploads\/2023\/06\/10-3-840x472.jpg 840w, https:\/\/rosarinos.edu.uy\/wp-content\/uploads\/2023\/06\/10-3-768x432.jpg 768w, https:\/\/rosarinos.edu.uy\/wp-content\/uploads\/2023\/06\/10-3.jpg 854w\" sizes=\"auto, (max-width: 300px) 85vw, 300px\" \/><\/a>\n\t\t\t<\/div><\/figure><figure class='gallery-item'>\n\t\t\t<div class='gallery-icon landscape'>\n\t\t\t\t<a href='https:\/\/rosarinos.edu.uy\/wp-content\/uploads\/2023\/06\/11-3.jpg'><img loading=\"lazy\" decoding=\"async\" width=\"300\" height=\"169\" src=\"https:\/\/rosarinos.edu.uy\/wp-content\/uploads\/2023\/06\/11-3-300x169.jpg\" class=\"attachment-medium size-medium\" alt=\"\" srcset=\"https:\/\/rosarinos.edu.uy\/wp-content\/uploads\/2023\/06\/11-3-300x169.jpg 300w, https:\/\/rosarinos.edu.uy\/wp-content\/uploads\/2023\/06\/11-3-840x472.jpg 840w, https:\/\/rosarinos.edu.uy\/wp-content\/uploads\/2023\/06\/11-3-768x432.jpg 768w, https:\/\/rosarinos.edu.uy\/wp-content\/uploads\/2023\/06\/11-3.jpg 854w\" sizes=\"auto, (max-width: 300px) 85vw, 300px\" \/><\/a>\n\t\t\t<\/div><\/figure>\n\t\t<\/div>\n\n<p>&nbsp;<\/p>\n<p><span style=\"font-weight: 400;\">La semana pasada realizamos una especial visita a nuestros compa\u00f1eros de la Escuela n.\u00ba 75. En el marco de las festividades por la celebraci\u00f3n de los 100 a\u00f1os de antig\u00fcedad de dicha instituci\u00f3n, nos invitaron a compartir un ratito para charlar e intercambiar.\u00a0<\/span><\/p>\n<p>&nbsp;<\/p>\n<p><span style=\"font-weight: 400;\">Fue as\u00ed entonces que la soleada ma\u00f1ana del mi\u00e9rcoles 14, nuestros alumnos de extensi\u00f3n horaria de 3ero a 6to se presentaron en la Escuela.\u00a0<\/span><\/p>\n<p>&nbsp;<\/p>\n<p><span style=\"font-weight: 400;\">Nos recibieron en la puerta la Maestra Mary junto a cuatro alumnos embajadores de la Escuela quienes nos guiaron en un recorrido por las instalaciones del patio, cancha y exterior de los salones de clase. Luego nos llevaron a uno de los salones donde nos ubicamos para realizar nuestro aporte al intercambio: nuestros alumnos llevaron y entregaron una linda planta como obsequio y a su vez como souvenir de la muestra \u201cExpo medioambiente\u201d. El Administrador del Cole, Jos\u00e9 Castro, tom\u00f3 la palabra y agradeci\u00f3 la invitaci\u00f3n al encuentro destacando la historia y valores compartidos por ambas instituciones as\u00ed como la riqueza de estas instancias.\u00a0\u00a0<\/span><\/p>\n<p>&nbsp;<\/p>\n<p><span style=\"font-weight: 400;\">Debido al \u00e9xito de la muestra de los trabajos realizados en nuestra instituci\u00f3n a las familias, fue que se decidi\u00f3 compartir parte de ese trabajo con nuestros amigos. Los alumnos Rosarinos llevaron sus muestras e hicieron las presentaciones de sus trabajos recibiendo a los compa\u00f1eros escolares por clase acompa\u00f1ados de sus maestras. Se presentaba el proyecto y a continuaci\u00f3n se invitaba a los presentes a realizar el circuito por los diferentes grupos de trabajo. All\u00ed se entabl\u00f3 un di\u00e1logo ameno, descontracturado y fruct\u00edfero; donde no s\u00f3lo se habl\u00f3 de ciencia sino de conciencia ambiental y valores. Adem\u00e1s pudimos ver muestras de afecto, reencuentros entre antiguos compa\u00f1eros de clase y amigos del barrio.<\/span><\/p>\n<p>&nbsp;<\/p>\n<p><span style=\"font-weight: 400;\">El intercambio se cerr\u00f3 con la palabras de agradecimiento de la Maestra Mary y la promesa de seguir fomentando futuros encuentros como este entre integrantes de las instituciones m\u00e1s antiguas e ic\u00f3nicas de Atl\u00e1ntida.\u00a0<\/span><\/p>\n","protected":false},"excerpt":{"rendered":"<p>&nbsp; La semana pasada realizamos una especial visita a nuestros compa\u00f1eros de la Escuela n.\u00ba 75. En el marco de las festividades por la celebraci\u00f3n de los 100 a\u00f1os de antig\u00fcedad de dicha instituci\u00f3n, nos invitaron a compartir un ratito para charlar e intercambiar.\u00a0 &nbsp; Fue as\u00ed entonces que la soleada ma\u00f1ana del mi\u00e9rcoles 14, &hellip; <a href=\"https:\/\/rosarinos.edu.uy\/index.php\/2023\/06\/23\/visitamos-a-los-amigos-de-la-escuela-75-en-sus-100-anos\/\" class=\"more-link\">Continue reading<span class=\"screen-reader-text\"> \u00abVisitamos a los amigos de la Escuela 75 en sus 100 a\u00f1os\u00bb<\/span><\/a><\/p>\n","protected":false},"author":4,"featured_media":2434,"comment_status":"closed","ping_status":"closed","sticky":false,"template":"","format":"standard","meta":{"footnotes":""},"categories":[4],"tags":[],"class_list":["post-2428","post","type-post","status-publish","format-standard","has-post-thumbnail","hentry","category-noticias"],"yoast_head":"<!-- This site is optimized with the Yoast SEO plugin v27.5 - https:\/\/yoast.com\/product\/yoast-seo-wordpress\/ -->\n<title>Visitamos a los amigos de la Escuela 75 en sus 100 a\u00f1os - Colegio Nuestra Se\u00f1ora del Rosario<\/title>\n<meta name=\"robots\" content=\"index, follow, max-snippet:-1, max-image-preview:large, max-video-preview:-1\" \/>\n<link rel=\"canonical\" href=\"https:\/\/rosarinos.edu.uy\/index.php\/2023\/06\/23\/visitamos-a-los-amigos-de-la-escuela-75-en-sus-100-anos\/\" \/>\n<meta property=\"og:locale\" content=\"es_ES\" \/>\n<meta property=\"og:type\" content=\"article\" \/>\n<meta property=\"og:title\" content=\"Visitamos a los amigos de la Escuela 75 en sus 100 a\u00f1os - Colegio Nuestra Se\u00f1ora del Rosario\" \/>\n<meta property=\"og:description\" content=\"&nbsp; La semana pasada realizamos una especial visita a nuestros compa\u00f1eros de la Escuela n.\u00ba 75. En el marco de las festividades por la celebraci\u00f3n de los 100 a\u00f1os de antig\u00fcedad de dicha instituci\u00f3n, nos invitaron a compartir un ratito para charlar e intercambiar.\u00a0 &nbsp; Fue as\u00ed entonces que la soleada ma\u00f1ana del mi\u00e9rcoles 14, &hellip; Continue reading &quot;Visitamos a los amigos de la Escuela 75 en sus 100 a\u00f1os&quot;\" \/>\n<meta property=\"og:url\" content=\"https:\/\/rosarinos.edu.uy\/index.php\/2023\/06\/23\/visitamos-a-los-amigos-de-la-escuela-75-en-sus-100-anos\/\" \/>\n<meta property=\"og:site_name\" content=\"Colegio Nuestra Se\u00f1ora del Rosario\" \/>\n<meta property=\"article:published_time\" content=\"2023-06-23T18:52:39+00:00\" \/>\n<meta property=\"article:modified_time\" content=\"2023-06-23T19:06:36+00:00\" \/>\n<meta property=\"og:image\" content=\"https:\/\/rosarinos.edu.uy\/wp-content\/uploads\/2023\/06\/6-3.jpg\" \/>\n\t<meta property=\"og:image:width\" content=\"854\" \/>\n\t<meta property=\"og:image:height\" content=\"480\" \/>\n\t<meta property=\"og:image:type\" content=\"image\/jpeg\" \/>\n<meta name=\"author\" content=\"Jos\u00e9 Castro\" \/>\n<meta name=\"twitter:card\" content=\"summary_large_image\" \/>\n<meta name=\"twitter:label1\" content=\"Escrito por\" \/>\n\t<meta name=\"twitter:data1\" content=\"Jos\u00e9 Castro\" \/>\n\t<meta name=\"twitter:label2\" content=\"Tiempo de lectura\" \/>\n\t<meta name=\"twitter:data2\" content=\"2 minutos\" \/>\n<script type=\"application\/ld+json\" class=\"yoast-schema-graph\">{\"@context\":\"https:\\\/\\\/schema.org\",\"@graph\":[{\"@type\":\"Article\",\"@id\":\"https:\\\/\\\/rosarinos.edu.uy\\\/index.php\\\/2023\\\/06\\\/23\\\/visitamos-a-los-amigos-de-la-escuela-75-en-sus-100-anos\\\/#article\",\"isPartOf\":{\"@id\":\"https:\\\/\\\/rosarinos.edu.uy\\\/index.php\\\/2023\\\/06\\\/23\\\/visitamos-a-los-amigos-de-la-escuela-75-en-sus-100-anos\\\/\"},\"author\":{\"name\":\"Jos\u00e9 Castro\",\"@id\":\"https:\\\/\\\/rosarinos.edu.uy\\\/#\\\/schema\\\/person\\\/1f4852d1637b54b6aaf7c0699ee37537\"},\"headline\":\"Visitamos a los amigos de la Escuela 75 en sus 100 a\u00f1os\",\"datePublished\":\"2023-06-23T18:52:39+00:00\",\"dateModified\":\"2023-06-23T19:06:36+00:00\",\"mainEntityOfPage\":{\"@id\":\"https:\\\/\\\/rosarinos.edu.uy\\\/index.php\\\/2023\\\/06\\\/23\\\/visitamos-a-los-amigos-de-la-escuela-75-en-sus-100-anos\\\/\"},\"wordCount\":357,\"image\":{\"@id\":\"https:\\\/\\\/rosarinos.edu.uy\\\/index.php\\\/2023\\\/06\\\/23\\\/visitamos-a-los-amigos-de-la-escuela-75-en-sus-100-anos\\\/#primaryimage\"},\"thumbnailUrl\":\"https:\\\/\\\/rosarinos.edu.uy\\\/wp-content\\\/uploads\\\/2023\\\/06\\\/6-3.jpg\",\"articleSection\":[\"Noticias\"],\"inLanguage\":\"es\"},{\"@type\":\"WebPage\",\"@id\":\"https:\\\/\\\/rosarinos.edu.uy\\\/index.php\\\/2023\\\/06\\\/23\\\/visitamos-a-los-amigos-de-la-escuela-75-en-sus-100-anos\\\/\",\"url\":\"https:\\\/\\\/rosarinos.edu.uy\\\/index.php\\\/2023\\\/06\\\/23\\\/visitamos-a-los-amigos-de-la-escuela-75-en-sus-100-anos\\\/\",\"name\":\"Visitamos a los amigos de la Escuela 75 en sus 100 a\u00f1os - Colegio Nuestra Se\u00f1ora del Rosario\",\"isPartOf\":{\"@id\":\"https:\\\/\\\/rosarinos.edu.uy\\\/#website\"},\"primaryImageOfPage\":{\"@id\":\"https:\\\/\\\/rosarinos.edu.uy\\\/index.php\\\/2023\\\/06\\\/23\\\/visitamos-a-los-amigos-de-la-escuela-75-en-sus-100-anos\\\/#primaryimage\"},\"image\":{\"@id\":\"https:\\\/\\\/rosarinos.edu.uy\\\/index.php\\\/2023\\\/06\\\/23\\\/visitamos-a-los-amigos-de-la-escuela-75-en-sus-100-anos\\\/#primaryimage\"},\"thumbnailUrl\":\"https:\\\/\\\/rosarinos.edu.uy\\\/wp-content\\\/uploads\\\/2023\\\/06\\\/6-3.jpg\",\"datePublished\":\"2023-06-23T18:52:39+00:00\",\"dateModified\":\"2023-06-23T19:06:36+00:00\",\"author\":{\"@id\":\"https:\\\/\\\/rosarinos.edu.uy\\\/#\\\/schema\\\/person\\\/1f4852d1637b54b6aaf7c0699ee37537\"},\"breadcrumb\":{\"@id\":\"https:\\\/\\\/rosarinos.edu.uy\\\/index.php\\\/2023\\\/06\\\/23\\\/visitamos-a-los-amigos-de-la-escuela-75-en-sus-100-anos\\\/#breadcrumb\"},\"inLanguage\":\"es\",\"potentialAction\":[{\"@type\":\"ReadAction\",\"target\":[\"https:\\\/\\\/rosarinos.edu.uy\\\/index.php\\\/2023\\\/06\\\/23\\\/visitamos-a-los-amigos-de-la-escuela-75-en-sus-100-anos\\\/\"]}]},{\"@type\":\"ImageObject\",\"inLanguage\":\"es\",\"@id\":\"https:\\\/\\\/rosarinos.edu.uy\\\/index.php\\\/2023\\\/06\\\/23\\\/visitamos-a-los-amigos-de-la-escuela-75-en-sus-100-anos\\\/#primaryimage\",\"url\":\"https:\\\/\\\/rosarinos.edu.uy\\\/wp-content\\\/uploads\\\/2023\\\/06\\\/6-3.jpg\",\"contentUrl\":\"https:\\\/\\\/rosarinos.edu.uy\\\/wp-content\\\/uploads\\\/2023\\\/06\\\/6-3.jpg\",\"width\":854,\"height\":480},{\"@type\":\"BreadcrumbList\",\"@id\":\"https:\\\/\\\/rosarinos.edu.uy\\\/index.php\\\/2023\\\/06\\\/23\\\/visitamos-a-los-amigos-de-la-escuela-75-en-sus-100-anos\\\/#breadcrumb\",\"itemListElement\":[{\"@type\":\"ListItem\",\"position\":1,\"name\":\"Home\",\"item\":\"https:\\\/\\\/rosarinos.edu.uy\\\/\"},{\"@type\":\"ListItem\",\"position\":2,\"name\":\"Visitamos a los amigos de la Escuela 75 en sus 100 a\u00f1os\"}]},{\"@type\":\"WebSite\",\"@id\":\"https:\\\/\\\/rosarinos.edu.uy\\\/#website\",\"url\":\"https:\\\/\\\/rosarinos.edu.uy\\\/\",\"name\":\"Colegio Nuestra Se\u00f1ora del Rosario\",\"description\":\"Nuestra identidad como Colegio se compone de la suma de distintos aspectos que nos hacen una instituci\u00f3n educativa con caracter\u00edsticas propias, donde toda la comunidad educativa vive una experiencia \u00fanica.\",\"potentialAction\":[{\"@type\":\"SearchAction\",\"target\":{\"@type\":\"EntryPoint\",\"urlTemplate\":\"https:\\\/\\\/rosarinos.edu.uy\\\/?s={search_term_string}\"},\"query-input\":{\"@type\":\"PropertyValueSpecification\",\"valueRequired\":true,\"valueName\":\"search_term_string\"}}],\"inLanguage\":\"es\"},{\"@type\":\"Person\",\"@id\":\"https:\\\/\\\/rosarinos.edu.uy\\\/#\\\/schema\\\/person\\\/1f4852d1637b54b6aaf7c0699ee37537\",\"name\":\"Jos\u00e9 Castro\",\"url\":\"https:\\\/\\\/rosarinos.edu.uy\\\/index.php\\\/author\\\/jcastro\\\/\"}]}<\/script>\n<!-- \/ Yoast SEO plugin. -->","yoast_head_json":{"title":"Visitamos a los amigos de la Escuela 75 en sus 100 a\u00f1os - Colegio Nuestra Se\u00f1ora del Rosario","robots":{"index":"index","follow":"follow","max-snippet":"max-snippet:-1","max-image-preview":"max-image-preview:large","max-video-preview":"max-video-preview:-1"},"canonical":"https:\/\/rosarinos.edu.uy\/index.php\/2023\/06\/23\/visitamos-a-los-amigos-de-la-escuela-75-en-sus-100-anos\/","og_locale":"es_ES","og_type":"article","og_title":"Visitamos a los amigos de la Escuela 75 en sus 100 a\u00f1os - Colegio Nuestra Se\u00f1ora del Rosario","og_description":"&nbsp; La semana pasada realizamos una especial visita a nuestros compa\u00f1eros de la Escuela n.\u00ba 75. En el marco de las festividades por la celebraci\u00f3n de los 100 a\u00f1os de antig\u00fcedad de dicha instituci\u00f3n, nos invitaron a compartir un ratito para charlar e intercambiar.\u00a0 &nbsp; Fue as\u00ed entonces que la soleada ma\u00f1ana del mi\u00e9rcoles 14, &hellip; Continue reading \"Visitamos a los amigos de la Escuela 75 en sus 100 a\u00f1os\"","og_url":"https:\/\/rosarinos.edu.uy\/index.php\/2023\/06\/23\/visitamos-a-los-amigos-de-la-escuela-75-en-sus-100-anos\/","og_site_name":"Colegio Nuestra Se\u00f1ora del Rosario","article_published_time":"2023-06-23T18:52:39+00:00","article_modified_time":"2023-06-23T19:06:36+00:00","og_image":[{"width":854,"height":480,"url":"https:\/\/rosarinos.edu.uy\/wp-content\/uploads\/2023\/06\/6-3.jpg","type":"image\/jpeg"}],"author":"Jos\u00e9 Castro","twitter_card":"summary_large_image","twitter_misc":{"Escrito por":"Jos\u00e9 Castro","Tiempo de lectura":"2 minutos"},"schema":{"@context":"https:\/\/schema.org","@graph":[{"@type":"Article","@id":"https:\/\/rosarinos.edu.uy\/index.php\/2023\/06\/23\/visitamos-a-los-amigos-de-la-escuela-75-en-sus-100-anos\/#article","isPartOf":{"@id":"https:\/\/rosarinos.edu.uy\/index.php\/2023\/06\/23\/visitamos-a-los-amigos-de-la-escuela-75-en-sus-100-anos\/"},"author":{"name":"Jos\u00e9 Castro","@id":"https:\/\/rosarinos.edu.uy\/#\/schema\/person\/1f4852d1637b54b6aaf7c0699ee37537"},"headline":"Visitamos a los amigos de la Escuela 75 en sus 100 a\u00f1os","datePublished":"2023-06-23T18:52:39+00:00","dateModified":"2023-06-23T19:06:36+00:00","mainEntityOfPage":{"@id":"https:\/\/rosarinos.edu.uy\/index.php\/2023\/06\/23\/visitamos-a-los-amigos-de-la-escuela-75-en-sus-100-anos\/"},"wordCount":357,"image":{"@id":"https:\/\/rosarinos.edu.uy\/index.php\/2023\/06\/23\/visitamos-a-los-amigos-de-la-escuela-75-en-sus-100-anos\/#primaryimage"},"thumbnailUrl":"https:\/\/rosarinos.edu.uy\/wp-content\/uploads\/2023\/06\/6-3.jpg","articleSection":["Noticias"],"inLanguage":"es"},{"@type":"WebPage","@id":"https:\/\/rosarinos.edu.uy\/index.php\/2023\/06\/23\/visitamos-a-los-amigos-de-la-escuela-75-en-sus-100-anos\/","url":"https:\/\/rosarinos.edu.uy\/index.php\/2023\/06\/23\/visitamos-a-los-amigos-de-la-escuela-75-en-sus-100-anos\/","name":"Visitamos a los amigos de la Escuela 75 en sus 100 a\u00f1os - Colegio Nuestra Se\u00f1ora del Rosario","isPartOf":{"@id":"https:\/\/rosarinos.edu.uy\/#website"},"primaryImageOfPage":{"@id":"https:\/\/rosarinos.edu.uy\/index.php\/2023\/06\/23\/visitamos-a-los-amigos-de-la-escuela-75-en-sus-100-anos\/#primaryimage"},"image":{"@id":"https:\/\/rosarinos.edu.uy\/index.php\/2023\/06\/23\/visitamos-a-los-amigos-de-la-escuela-75-en-sus-100-anos\/#primaryimage"},"thumbnailUrl":"https:\/\/rosarinos.edu.uy\/wp-content\/uploads\/2023\/06\/6-3.jpg","datePublished":"2023-06-23T18:52:39+00:00","dateModified":"2023-06-23T19:06:36+00:00","author":{"@id":"https:\/\/rosarinos.edu.uy\/#\/schema\/person\/1f4852d1637b54b6aaf7c0699ee37537"},"breadcrumb":{"@id":"https:\/\/rosarinos.edu.uy\/index.php\/2023\/06\/23\/visitamos-a-los-amigos-de-la-escuela-75-en-sus-100-anos\/#breadcrumb"},"inLanguage":"es","potentialAction":[{"@type":"ReadAction","target":["https:\/\/rosarinos.edu.uy\/index.php\/2023\/06\/23\/visitamos-a-los-amigos-de-la-escuela-75-en-sus-100-anos\/"]}]},{"@type":"ImageObject","inLanguage":"es","@id":"https:\/\/rosarinos.edu.uy\/index.php\/2023\/06\/23\/visitamos-a-los-amigos-de-la-escuela-75-en-sus-100-anos\/#primaryimage","url":"https:\/\/rosarinos.edu.uy\/wp-content\/uploads\/2023\/06\/6-3.jpg","contentUrl":"https:\/\/rosarinos.edu.uy\/wp-content\/uploads\/2023\/06\/6-3.jpg","width":854,"height":480},{"@type":"BreadcrumbList","@id":"https:\/\/rosarinos.edu.uy\/index.php\/2023\/06\/23\/visitamos-a-los-amigos-de-la-escuela-75-en-sus-100-anos\/#breadcrumb","itemListElement":[{"@type":"ListItem","position":1,"name":"Home","item":"https:\/\/rosarinos.edu.uy\/"},{"@type":"ListItem","position":2,"name":"Visitamos a los amigos de la Escuela 75 en sus 100 a\u00f1os"}]},{"@type":"WebSite","@id":"https:\/\/rosarinos.edu.uy\/#website","url":"https:\/\/rosarinos.edu.uy\/","name":"Colegio Nuestra Se\u00f1ora del Rosario","description":"Nuestra identidad como Colegio se compone de la suma de distintos aspectos que nos hacen una instituci\u00f3n educativa con caracter\u00edsticas propias, donde toda la comunidad educativa vive una experiencia \u00fanica.","potentialAction":[{"@type":"SearchAction","target":{"@type":"EntryPoint","urlTemplate":"https:\/\/rosarinos.edu.uy\/?s={search_term_string}"},"query-input":{"@type":"PropertyValueSpecification","valueRequired":true,"valueName":"search_term_string"}}],"inLanguage":"es"},{"@type":"Person","@id":"https:\/\/rosarinos.edu.uy\/#\/schema\/person\/1f4852d1637b54b6aaf7c0699ee37537","name":"Jos\u00e9 Castro","url":"https:\/\/rosarinos.edu.uy\/index.php\/author\/jcastro\/"}]}},"_links":{"self":[{"href":"https:\/\/rosarinos.edu.uy\/index.php\/wp-json\/wp\/v2\/posts\/2428","targetHints":{"allow":["GET"]}}],"collection":[{"href":"https:\/\/rosarinos.edu.uy\/index.php\/wp-json\/wp\/v2\/posts"}],"about":[{"href":"https:\/\/rosarinos.edu.uy\/index.php\/wp-json\/wp\/v2\/types\/post"}],"author":[{"embeddable":true,"href":"https:\/\/rosarinos.edu.uy\/index.php\/wp-json\/wp\/v2\/users\/4"}],"replies":[{"embeddable":true,"href":"https:\/\/rosarinos.edu.uy\/index.php\/wp-json\/wp\/v2\/comments?post=2428"}],"version-history":[{"count":1,"href":"https:\/\/rosarinos.edu.uy\/index.php\/wp-json\/wp\/v2\/posts\/2428\/revisions"}],"predecessor-version":[{"id":2440,"href":"https:\/\/rosarinos.edu.uy\/index.php\/wp-json\/wp\/v2\/posts\/2428\/revisions\/2440"}],"wp:featuredmedia":[{"embeddable":true,"href":"https:\/\/rosarinos.edu.uy\/index.php\/wp-json\/wp\/v2\/media\/2434"}],"wp:attachment":[{"href":"https:\/\/rosarinos.edu.uy\/index.php\/wp-json\/wp\/v2\/media?parent=2428"}],"wp:term":[{"taxonomy":"category","embeddable":true,"href":"https:\/\/rosarinos.edu.uy\/index.php\/wp-json\/wp\/v2\/categories?post=2428"},{"taxonomy":"post_tag","embeddable":true,"href":"https:\/\/rosarinos.edu.uy\/index.php\/wp-json\/wp\/v2\/tags?post=2428"}],"curies":[{"name":"wp","href":"https:\/\/api.w.org\/{rel}","templated":true}]}}