{"id":2400,"date":"2023-06-23T15:11:22","date_gmt":"2023-06-23T18:11:22","guid":{"rendered":"https:\/\/rosarinos.edu.uy\/?p=2400"},"modified":"2023-06-23T15:11:22","modified_gmt":"2023-06-23T18:11:22","slug":"acto-por-el-natalicio-de-jose-artigas","status":"publish","type":"post","link":"https:\/\/rosarinos.edu.uy\/index.php\/2023\/06\/23\/acto-por-el-natalicio-de-jose-artigas\/","title":{"rendered":"Acto por el Natalicio de Jos\u00e9 Artigas"},"content":{"rendered":"<p>El pasado 19 de junio, celebramos el acto protocolar en conmemoraci\u00f3n del Natalicio del Gral. Jos\u00e9 Gervasio Artigas. Adem\u00e1s, los alumnos de primer a\u00f1o prestaron su Promesa de Fidelidad al Pabell\u00f3n Nacional. <span class=\"x7l2uk3 xt0e3qv\">#RosarinosAtlantida<\/span> <span class=\"x7l2uk3 xt0e3qv\">#CreciendoConHumanidad<\/span><\/p>\n<div id='gallery-1' class='gallery galleryid-2400 gallery-columns-3 gallery-size-medium'><figure class='gallery-item'>\n\t\t\t<div class='gallery-icon landscape'>\n\t\t\t\t<a href='https:\/\/rosarinos.edu.uy\/wp-content\/uploads\/2023\/06\/1-2.jpg'><img loading=\"lazy\" decoding=\"async\" width=\"300\" height=\"169\" src=\"https:\/\/rosarinos.edu.uy\/wp-content\/uploads\/2023\/06\/1-2-300x169.jpg\" class=\"attachment-medium size-medium\" alt=\"\" srcset=\"https:\/\/rosarinos.edu.uy\/wp-content\/uploads\/2023\/06\/1-2-300x169.jpg 300w, https:\/\/rosarinos.edu.uy\/wp-content\/uploads\/2023\/06\/1-2-840x472.jpg 840w, https:\/\/rosarinos.edu.uy\/wp-content\/uploads\/2023\/06\/1-2-768x432.jpg 768w, https:\/\/rosarinos.edu.uy\/wp-content\/uploads\/2023\/06\/1-2.jpg 854w\" sizes=\"auto, (max-width: 300px) 85vw, 300px\" \/><\/a>\n\t\t\t<\/div><\/figure><figure class='gallery-item'>\n\t\t\t<div class='gallery-icon landscape'>\n\t\t\t\t<a href='https:\/\/rosarinos.edu.uy\/wp-content\/uploads\/2023\/06\/2-2.jpg'><img loading=\"lazy\" decoding=\"async\" width=\"300\" height=\"169\" src=\"https:\/\/rosarinos.edu.uy\/wp-content\/uploads\/2023\/06\/2-2-300x169.jpg\" class=\"attachment-medium size-medium\" alt=\"\" srcset=\"https:\/\/rosarinos.edu.uy\/wp-content\/uploads\/2023\/06\/2-2-300x169.jpg 300w, https:\/\/rosarinos.edu.uy\/wp-content\/uploads\/2023\/06\/2-2-840x472.jpg 840w, https:\/\/rosarinos.edu.uy\/wp-content\/uploads\/2023\/06\/2-2-768x432.jpg 768w, https:\/\/rosarinos.edu.uy\/wp-content\/uploads\/2023\/06\/2-2.jpg 854w\" sizes=\"auto, (max-width: 300px) 85vw, 300px\" \/><\/a>\n\t\t\t<\/div><\/figure><figure class='gallery-item'>\n\t\t\t<div class='gallery-icon landscape'>\n\t\t\t\t<a href='https:\/\/rosarinos.edu.uy\/wp-content\/uploads\/2023\/06\/3-2.jpg'><img loading=\"lazy\" decoding=\"async\" width=\"300\" height=\"169\" src=\"https:\/\/rosarinos.edu.uy\/wp-content\/uploads\/2023\/06\/3-2-300x169.jpg\" class=\"attachment-medium size-medium\" alt=\"\" srcset=\"https:\/\/rosarinos.edu.uy\/wp-content\/uploads\/2023\/06\/3-2-300x169.jpg 300w, https:\/\/rosarinos.edu.uy\/wp-content\/uploads\/2023\/06\/3-2-840x472.jpg 840w, https:\/\/rosarinos.edu.uy\/wp-content\/uploads\/2023\/06\/3-2-768x432.jpg 768w, https:\/\/rosarinos.edu.uy\/wp-content\/uploads\/2023\/06\/3-2.jpg 854w\" sizes=\"auto, (max-width: 300px) 85vw, 300px\" \/><\/a>\n\t\t\t<\/div><\/figure><figure class='gallery-item'>\n\t\t\t<div class='gallery-icon landscape'>\n\t\t\t\t<a href='https:\/\/rosarinos.edu.uy\/wp-content\/uploads\/2023\/06\/4-2.jpg'><img loading=\"lazy\" decoding=\"async\" width=\"300\" height=\"169\" src=\"https:\/\/rosarinos.edu.uy\/wp-content\/uploads\/2023\/06\/4-2-300x169.jpg\" class=\"attachment-medium size-medium\" alt=\"\" srcset=\"https:\/\/rosarinos.edu.uy\/wp-content\/uploads\/2023\/06\/4-2-300x169.jpg 300w, https:\/\/rosarinos.edu.uy\/wp-content\/uploads\/2023\/06\/4-2-840x472.jpg 840w, https:\/\/rosarinos.edu.uy\/wp-content\/uploads\/2023\/06\/4-2-768x432.jpg 768w, https:\/\/rosarinos.edu.uy\/wp-content\/uploads\/2023\/06\/4-2.jpg 854w\" sizes=\"auto, (max-width: 300px) 85vw, 300px\" \/><\/a>\n\t\t\t<\/div><\/figure><figure class='gallery-item'>\n\t\t\t<div class='gallery-icon landscape'>\n\t\t\t\t<a href='https:\/\/rosarinos.edu.uy\/wp-content\/uploads\/2023\/06\/5-2.jpg'><img loading=\"lazy\" decoding=\"async\" width=\"300\" height=\"169\" src=\"https:\/\/rosarinos.edu.uy\/wp-content\/uploads\/2023\/06\/5-2-300x169.jpg\" class=\"attachment-medium size-medium\" alt=\"\" srcset=\"https:\/\/rosarinos.edu.uy\/wp-content\/uploads\/2023\/06\/5-2-300x169.jpg 300w, https:\/\/rosarinos.edu.uy\/wp-content\/uploads\/2023\/06\/5-2-840x472.jpg 840w, https:\/\/rosarinos.edu.uy\/wp-content\/uploads\/2023\/06\/5-2-768x432.jpg 768w, https:\/\/rosarinos.edu.uy\/wp-content\/uploads\/2023\/06\/5-2.jpg 854w\" sizes=\"auto, (max-width: 300px) 85vw, 300px\" \/><\/a>\n\t\t\t<\/div><\/figure><figure class='gallery-item'>\n\t\t\t<div class='gallery-icon landscape'>\n\t\t\t\t<a href='https:\/\/rosarinos.edu.uy\/wp-content\/uploads\/2023\/06\/6-2.jpg'><img loading=\"lazy\" decoding=\"async\" width=\"300\" height=\"169\" src=\"https:\/\/rosarinos.edu.uy\/wp-content\/uploads\/2023\/06\/6-2-300x169.jpg\" class=\"attachment-medium size-medium\" alt=\"\" srcset=\"https:\/\/rosarinos.edu.uy\/wp-content\/uploads\/2023\/06\/6-2-300x169.jpg 300w, https:\/\/rosarinos.edu.uy\/wp-content\/uploads\/2023\/06\/6-2-840x472.jpg 840w, https:\/\/rosarinos.edu.uy\/wp-content\/uploads\/2023\/06\/6-2-768x432.jpg 768w, https:\/\/rosarinos.edu.uy\/wp-content\/uploads\/2023\/06\/6-2.jpg 854w\" sizes=\"auto, (max-width: 300px) 85vw, 300px\" \/><\/a>\n\t\t\t<\/div><\/figure><figure class='gallery-item'>\n\t\t\t<div class='gallery-icon landscape'>\n\t\t\t\t<a href='https:\/\/rosarinos.edu.uy\/wp-content\/uploads\/2023\/06\/7-2.jpg'><img loading=\"lazy\" decoding=\"async\" width=\"300\" height=\"169\" src=\"https:\/\/rosarinos.edu.uy\/wp-content\/uploads\/2023\/06\/7-2-300x169.jpg\" class=\"attachment-medium size-medium\" alt=\"\" srcset=\"https:\/\/rosarinos.edu.uy\/wp-content\/uploads\/2023\/06\/7-2-300x169.jpg 300w, https:\/\/rosarinos.edu.uy\/wp-content\/uploads\/2023\/06\/7-2-840x472.jpg 840w, https:\/\/rosarinos.edu.uy\/wp-content\/uploads\/2023\/06\/7-2-768x432.jpg 768w, https:\/\/rosarinos.edu.uy\/wp-content\/uploads\/2023\/06\/7-2.jpg 854w\" sizes=\"auto, (max-width: 300px) 85vw, 300px\" \/><\/a>\n\t\t\t<\/div><\/figure><figure class='gallery-item'>\n\t\t\t<div class='gallery-icon landscape'>\n\t\t\t\t<a href='https:\/\/rosarinos.edu.uy\/wp-content\/uploads\/2023\/06\/8-2.jpg'><img loading=\"lazy\" decoding=\"async\" width=\"300\" height=\"169\" src=\"https:\/\/rosarinos.edu.uy\/wp-content\/uploads\/2023\/06\/8-2-300x169.jpg\" class=\"attachment-medium size-medium\" alt=\"\" srcset=\"https:\/\/rosarinos.edu.uy\/wp-content\/uploads\/2023\/06\/8-2-300x169.jpg 300w, https:\/\/rosarinos.edu.uy\/wp-content\/uploads\/2023\/06\/8-2-840x472.jpg 840w, https:\/\/rosarinos.edu.uy\/wp-content\/uploads\/2023\/06\/8-2-768x432.jpg 768w, https:\/\/rosarinos.edu.uy\/wp-content\/uploads\/2023\/06\/8-2.jpg 854w\" sizes=\"auto, (max-width: 300px) 85vw, 300px\" \/><\/a>\n\t\t\t<\/div><\/figure><figure class='gallery-item'>\n\t\t\t<div class='gallery-icon landscape'>\n\t\t\t\t<a href='https:\/\/rosarinos.edu.uy\/wp-content\/uploads\/2023\/06\/9-2.jpg'><img loading=\"lazy\" decoding=\"async\" width=\"300\" height=\"169\" src=\"https:\/\/rosarinos.edu.uy\/wp-content\/uploads\/2023\/06\/9-2-300x169.jpg\" class=\"attachment-medium size-medium\" alt=\"\" srcset=\"https:\/\/rosarinos.edu.uy\/wp-content\/uploads\/2023\/06\/9-2-300x169.jpg 300w, https:\/\/rosarinos.edu.uy\/wp-content\/uploads\/2023\/06\/9-2-840x472.jpg 840w, https:\/\/rosarinos.edu.uy\/wp-content\/uploads\/2023\/06\/9-2-768x432.jpg 768w, https:\/\/rosarinos.edu.uy\/wp-content\/uploads\/2023\/06\/9-2.jpg 854w\" sizes=\"auto, (max-width: 300px) 85vw, 300px\" \/><\/a>\n\t\t\t<\/div><\/figure><figure class='gallery-item'>\n\t\t\t<div class='gallery-icon landscape'>\n\t\t\t\t<a href='https:\/\/rosarinos.edu.uy\/wp-content\/uploads\/2023\/06\/10-2.jpg'><img loading=\"lazy\" decoding=\"async\" width=\"300\" height=\"169\" src=\"https:\/\/rosarinos.edu.uy\/wp-content\/uploads\/2023\/06\/10-2-300x169.jpg\" class=\"attachment-medium size-medium\" alt=\"\" srcset=\"https:\/\/rosarinos.edu.uy\/wp-content\/uploads\/2023\/06\/10-2-300x169.jpg 300w, https:\/\/rosarinos.edu.uy\/wp-content\/uploads\/2023\/06\/10-2-840x472.jpg 840w, https:\/\/rosarinos.edu.uy\/wp-content\/uploads\/2023\/06\/10-2-768x432.jpg 768w, https:\/\/rosarinos.edu.uy\/wp-content\/uploads\/2023\/06\/10-2.jpg 854w\" sizes=\"auto, (max-width: 300px) 85vw, 300px\" \/><\/a>\n\t\t\t<\/div><\/figure><figure class='gallery-item'>\n\t\t\t<div class='gallery-icon landscape'>\n\t\t\t\t<a href='https:\/\/rosarinos.edu.uy\/wp-content\/uploads\/2023\/06\/11-2.jpg'><img loading=\"lazy\" decoding=\"async\" width=\"300\" height=\"169\" src=\"https:\/\/rosarinos.edu.uy\/wp-content\/uploads\/2023\/06\/11-2-300x169.jpg\" class=\"attachment-medium size-medium\" alt=\"\" srcset=\"https:\/\/rosarinos.edu.uy\/wp-content\/uploads\/2023\/06\/11-2-300x169.jpg 300w, https:\/\/rosarinos.edu.uy\/wp-content\/uploads\/2023\/06\/11-2-840x472.jpg 840w, https:\/\/rosarinos.edu.uy\/wp-content\/uploads\/2023\/06\/11-2-768x432.jpg 768w, https:\/\/rosarinos.edu.uy\/wp-content\/uploads\/2023\/06\/11-2.jpg 854w\" sizes=\"auto, (max-width: 300px) 85vw, 300px\" \/><\/a>\n\t\t\t<\/div><\/figure><figure class='gallery-item'>\n\t\t\t<div class='gallery-icon landscape'>\n\t\t\t\t<a href='https:\/\/rosarinos.edu.uy\/wp-content\/uploads\/2023\/06\/12-2.jpg'><img loading=\"lazy\" decoding=\"async\" width=\"300\" height=\"169\" src=\"https:\/\/rosarinos.edu.uy\/wp-content\/uploads\/2023\/06\/12-2-300x169.jpg\" class=\"attachment-medium size-medium\" alt=\"\" srcset=\"https:\/\/rosarinos.edu.uy\/wp-content\/uploads\/2023\/06\/12-2-300x169.jpg 300w, https:\/\/rosarinos.edu.uy\/wp-content\/uploads\/2023\/06\/12-2-840x472.jpg 840w, https:\/\/rosarinos.edu.uy\/wp-content\/uploads\/2023\/06\/12-2-768x432.jpg 768w, https:\/\/rosarinos.edu.uy\/wp-content\/uploads\/2023\/06\/12-2.jpg 854w\" sizes=\"auto, (max-width: 300px) 85vw, 300px\" \/><\/a>\n\t\t\t<\/div><\/figure><figure class='gallery-item'>\n\t\t\t<div class='gallery-icon landscape'>\n\t\t\t\t<a href='https:\/\/rosarinos.edu.uy\/wp-content\/uploads\/2023\/06\/13-2.jpg'><img loading=\"lazy\" decoding=\"async\" width=\"300\" height=\"169\" src=\"https:\/\/rosarinos.edu.uy\/wp-content\/uploads\/2023\/06\/13-2-300x169.jpg\" class=\"attachment-medium size-medium\" alt=\"\" srcset=\"https:\/\/rosarinos.edu.uy\/wp-content\/uploads\/2023\/06\/13-2-300x169.jpg 300w, https:\/\/rosarinos.edu.uy\/wp-content\/uploads\/2023\/06\/13-2-840x472.jpg 840w, https:\/\/rosarinos.edu.uy\/wp-content\/uploads\/2023\/06\/13-2-768x432.jpg 768w, https:\/\/rosarinos.edu.uy\/wp-content\/uploads\/2023\/06\/13-2.jpg 854w\" sizes=\"auto, (max-width: 300px) 85vw, 300px\" \/><\/a>\n\t\t\t<\/div><\/figure><figure class='gallery-item'>\n\t\t\t<div class='gallery-icon landscape'>\n\t\t\t\t<a href='https:\/\/rosarinos.edu.uy\/wp-content\/uploads\/2023\/06\/14-2.jpg'><img loading=\"lazy\" decoding=\"async\" width=\"300\" height=\"169\" src=\"https:\/\/rosarinos.edu.uy\/wp-content\/uploads\/2023\/06\/14-2-300x169.jpg\" class=\"attachment-medium size-medium\" alt=\"\" srcset=\"https:\/\/rosarinos.edu.uy\/wp-content\/uploads\/2023\/06\/14-2-300x169.jpg 300w, https:\/\/rosarinos.edu.uy\/wp-content\/uploads\/2023\/06\/14-2-840x472.jpg 840w, https:\/\/rosarinos.edu.uy\/wp-content\/uploads\/2023\/06\/14-2-768x432.jpg 768w, https:\/\/rosarinos.edu.uy\/wp-content\/uploads\/2023\/06\/14-2.jpg 854w\" sizes=\"auto, (max-width: 300px) 85vw, 300px\" \/><\/a>\n\t\t\t<\/div><\/figure><figure class='gallery-item'>\n\t\t\t<div class='gallery-icon landscape'>\n\t\t\t\t<a href='https:\/\/rosarinos.edu.uy\/wp-content\/uploads\/2023\/06\/15-2.jpg'><img loading=\"lazy\" decoding=\"async\" width=\"300\" height=\"169\" src=\"https:\/\/rosarinos.edu.uy\/wp-content\/uploads\/2023\/06\/15-2-300x169.jpg\" class=\"attachment-medium size-medium\" alt=\"\" srcset=\"https:\/\/rosarinos.edu.uy\/wp-content\/uploads\/2023\/06\/15-2-300x169.jpg 300w, https:\/\/rosarinos.edu.uy\/wp-content\/uploads\/2023\/06\/15-2-840x472.jpg 840w, https:\/\/rosarinos.edu.uy\/wp-content\/uploads\/2023\/06\/15-2-768x432.jpg 768w, https:\/\/rosarinos.edu.uy\/wp-content\/uploads\/2023\/06\/15-2.jpg 854w\" sizes=\"auto, (max-width: 300px) 85vw, 300px\" \/><\/a>\n\t\t\t<\/div><\/figure><figure class='gallery-item'>\n\t\t\t<div class='gallery-icon landscape'>\n\t\t\t\t<a href='https:\/\/rosarinos.edu.uy\/wp-content\/uploads\/2023\/06\/16-1.jpg'><img loading=\"lazy\" decoding=\"async\" width=\"300\" height=\"169\" src=\"https:\/\/rosarinos.edu.uy\/wp-content\/uploads\/2023\/06\/16-1-300x169.jpg\" class=\"attachment-medium size-medium\" alt=\"\" srcset=\"https:\/\/rosarinos.edu.uy\/wp-content\/uploads\/2023\/06\/16-1-300x169.jpg 300w, https:\/\/rosarinos.edu.uy\/wp-content\/uploads\/2023\/06\/16-1-840x472.jpg 840w, https:\/\/rosarinos.edu.uy\/wp-content\/uploads\/2023\/06\/16-1-768x432.jpg 768w, https:\/\/rosarinos.edu.uy\/wp-content\/uploads\/2023\/06\/16-1.jpg 854w\" sizes=\"auto, (max-width: 300px) 85vw, 300px\" \/><\/a>\n\t\t\t<\/div><\/figure><figure class='gallery-item'>\n\t\t\t<div class='gallery-icon landscape'>\n\t\t\t\t<a href='https:\/\/rosarinos.edu.uy\/wp-content\/uploads\/2023\/06\/17-1.jpg'><img loading=\"lazy\" decoding=\"async\" width=\"300\" height=\"169\" src=\"https:\/\/rosarinos.edu.uy\/wp-content\/uploads\/2023\/06\/17-1-300x169.jpg\" class=\"attachment-medium size-medium\" alt=\"\" srcset=\"https:\/\/rosarinos.edu.uy\/wp-content\/uploads\/2023\/06\/17-1-300x169.jpg 300w, https:\/\/rosarinos.edu.uy\/wp-content\/uploads\/2023\/06\/17-1-840x472.jpg 840w, https:\/\/rosarinos.edu.uy\/wp-content\/uploads\/2023\/06\/17-1-768x432.jpg 768w, https:\/\/rosarinos.edu.uy\/wp-content\/uploads\/2023\/06\/17-1.jpg 854w\" sizes=\"auto, (max-width: 300px) 85vw, 300px\" \/><\/a>\n\t\t\t<\/div><\/figure><figure class='gallery-item'>\n\t\t\t<div class='gallery-icon landscape'>\n\t\t\t\t<a href='https:\/\/rosarinos.edu.uy\/wp-content\/uploads\/2023\/06\/18-1.jpg'><img loading=\"lazy\" decoding=\"async\" width=\"300\" height=\"169\" src=\"https:\/\/rosarinos.edu.uy\/wp-content\/uploads\/2023\/06\/18-1-300x169.jpg\" class=\"attachment-medium size-medium\" alt=\"\" srcset=\"https:\/\/rosarinos.edu.uy\/wp-content\/uploads\/2023\/06\/18-1-300x169.jpg 300w, https:\/\/rosarinos.edu.uy\/wp-content\/uploads\/2023\/06\/18-1-840x472.jpg 840w, https:\/\/rosarinos.edu.uy\/wp-content\/uploads\/2023\/06\/18-1-768x432.jpg 768w, https:\/\/rosarinos.edu.uy\/wp-content\/uploads\/2023\/06\/18-1.jpg 854w\" sizes=\"auto, (max-width: 300px) 85vw, 300px\" \/><\/a>\n\t\t\t<\/div><\/figure><figure class='gallery-item'>\n\t\t\t<div class='gallery-icon landscape'>\n\t\t\t\t<a href='https:\/\/rosarinos.edu.uy\/wp-content\/uploads\/2023\/06\/19-1.jpg'><img loading=\"lazy\" decoding=\"async\" width=\"300\" height=\"169\" src=\"https:\/\/rosarinos.edu.uy\/wp-content\/uploads\/2023\/06\/19-1-300x169.jpg\" class=\"attachment-medium size-medium\" alt=\"\" srcset=\"https:\/\/rosarinos.edu.uy\/wp-content\/uploads\/2023\/06\/19-1-300x169.jpg 300w, https:\/\/rosarinos.edu.uy\/wp-content\/uploads\/2023\/06\/19-1-840x472.jpg 840w, https:\/\/rosarinos.edu.uy\/wp-content\/uploads\/2023\/06\/19-1-768x432.jpg 768w, https:\/\/rosarinos.edu.uy\/wp-content\/uploads\/2023\/06\/19-1.jpg 854w\" sizes=\"auto, (max-width: 300px) 85vw, 300px\" \/><\/a>\n\t\t\t<\/div><\/figure><figure class='gallery-item'>\n\t\t\t<div class='gallery-icon landscape'>\n\t\t\t\t<a href='https:\/\/rosarinos.edu.uy\/wp-content\/uploads\/2023\/06\/20-1.jpg'><img loading=\"lazy\" decoding=\"async\" width=\"300\" height=\"169\" src=\"https:\/\/rosarinos.edu.uy\/wp-content\/uploads\/2023\/06\/20-1-300x169.jpg\" class=\"attachment-medium size-medium\" alt=\"\" srcset=\"https:\/\/rosarinos.edu.uy\/wp-content\/uploads\/2023\/06\/20-1-300x169.jpg 300w, https:\/\/rosarinos.edu.uy\/wp-content\/uploads\/2023\/06\/20-1-840x472.jpg 840w, https:\/\/rosarinos.edu.uy\/wp-content\/uploads\/2023\/06\/20-1-768x432.jpg 768w, https:\/\/rosarinos.edu.uy\/wp-content\/uploads\/2023\/06\/20-1.jpg 854w\" sizes=\"auto, (max-width: 300px) 85vw, 300px\" \/><\/a>\n\t\t\t<\/div><\/figure><figure class='gallery-item'>\n\t\t\t<div class='gallery-icon landscape'>\n\t\t\t\t<a href='https:\/\/rosarinos.edu.uy\/wp-content\/uploads\/2023\/06\/21-1.jpg'><img loading=\"lazy\" decoding=\"async\" width=\"300\" height=\"169\" src=\"https:\/\/rosarinos.edu.uy\/wp-content\/uploads\/2023\/06\/21-1-300x169.jpg\" class=\"attachment-medium size-medium\" alt=\"\" srcset=\"https:\/\/rosarinos.edu.uy\/wp-content\/uploads\/2023\/06\/21-1-300x169.jpg 300w, https:\/\/rosarinos.edu.uy\/wp-content\/uploads\/2023\/06\/21-1-840x472.jpg 840w, https:\/\/rosarinos.edu.uy\/wp-content\/uploads\/2023\/06\/21-1-768x432.jpg 768w, https:\/\/rosarinos.edu.uy\/wp-content\/uploads\/2023\/06\/21-1.jpg 854w\" sizes=\"auto, (max-width: 300px) 85vw, 300px\" \/><\/a>\n\t\t\t<\/div><\/figure><figure class='gallery-item'>\n\t\t\t<div class='gallery-icon landscape'>\n\t\t\t\t<a href='https:\/\/rosarinos.edu.uy\/wp-content\/uploads\/2023\/06\/22-1.jpg'><img loading=\"lazy\" decoding=\"async\" width=\"300\" height=\"169\" src=\"https:\/\/rosarinos.edu.uy\/wp-content\/uploads\/2023\/06\/22-1-300x169.jpg\" class=\"attachment-medium size-medium\" alt=\"\" srcset=\"https:\/\/rosarinos.edu.uy\/wp-content\/uploads\/2023\/06\/22-1-300x169.jpg 300w, https:\/\/rosarinos.edu.uy\/wp-content\/uploads\/2023\/06\/22-1-840x472.jpg 840w, https:\/\/rosarinos.edu.uy\/wp-content\/uploads\/2023\/06\/22-1-768x432.jpg 768w, https:\/\/rosarinos.edu.uy\/wp-content\/uploads\/2023\/06\/22-1.jpg 854w\" sizes=\"auto, (max-width: 300px) 85vw, 300px\" \/><\/a>\n\t\t\t<\/div><\/figure><figure class='gallery-item'>\n\t\t\t<div class='gallery-icon landscape'>\n\t\t\t\t<a href='https:\/\/rosarinos.edu.uy\/wp-content\/uploads\/2023\/06\/23-1.jpg'><img loading=\"lazy\" decoding=\"async\" width=\"300\" height=\"169\" src=\"https:\/\/rosarinos.edu.uy\/wp-content\/uploads\/2023\/06\/23-1-300x169.jpg\" class=\"attachment-medium size-medium\" alt=\"\" srcset=\"https:\/\/rosarinos.edu.uy\/wp-content\/uploads\/2023\/06\/23-1-300x169.jpg 300w, https:\/\/rosarinos.edu.uy\/wp-content\/uploads\/2023\/06\/23-1-840x472.jpg 840w, https:\/\/rosarinos.edu.uy\/wp-content\/uploads\/2023\/06\/23-1-768x432.jpg 768w, https:\/\/rosarinos.edu.uy\/wp-content\/uploads\/2023\/06\/23-1.jpg 854w\" sizes=\"auto, (max-width: 300px) 85vw, 300px\" \/><\/a>\n\t\t\t<\/div><\/figure><figure class='gallery-item'>\n\t\t\t<div class='gallery-icon landscape'>\n\t\t\t\t<a href='https:\/\/rosarinos.edu.uy\/wp-content\/uploads\/2023\/06\/24-1.jpg'><img loading=\"lazy\" decoding=\"async\" width=\"300\" height=\"169\" src=\"https:\/\/rosarinos.edu.uy\/wp-content\/uploads\/2023\/06\/24-1-300x169.jpg\" class=\"attachment-medium size-medium\" alt=\"\" srcset=\"https:\/\/rosarinos.edu.uy\/wp-content\/uploads\/2023\/06\/24-1-300x169.jpg 300w, https:\/\/rosarinos.edu.uy\/wp-content\/uploads\/2023\/06\/24-1-840x472.jpg 840w, https:\/\/rosarinos.edu.uy\/wp-content\/uploads\/2023\/06\/24-1-768x432.jpg 768w, https:\/\/rosarinos.edu.uy\/wp-content\/uploads\/2023\/06\/24-1.jpg 854w\" sizes=\"auto, (max-width: 300px) 85vw, 300px\" \/><\/a>\n\t\t\t<\/div><\/figure><figure class='gallery-item'>\n\t\t\t<div class='gallery-icon landscape'>\n\t\t\t\t<a href='https:\/\/rosarinos.edu.uy\/wp-content\/uploads\/2023\/06\/25.jpg'><img loading=\"lazy\" decoding=\"async\" width=\"300\" height=\"169\" src=\"https:\/\/rosarinos.edu.uy\/wp-content\/uploads\/2023\/06\/25-300x169.jpg\" class=\"attachment-medium size-medium\" alt=\"\" srcset=\"https:\/\/rosarinos.edu.uy\/wp-content\/uploads\/2023\/06\/25-300x169.jpg 300w, https:\/\/rosarinos.edu.uy\/wp-content\/uploads\/2023\/06\/25-840x472.jpg 840w, https:\/\/rosarinos.edu.uy\/wp-content\/uploads\/2023\/06\/25-768x432.jpg 768w, https:\/\/rosarinos.edu.uy\/wp-content\/uploads\/2023\/06\/25.jpg 854w\" sizes=\"auto, (max-width: 300px) 85vw, 300px\" \/><\/a>\n\t\t\t<\/div><\/figure>\n\t\t<\/div>\n\n<h5><\/h5>\n<h5><\/h5>\n<h5>Palabras de Jos\u00e9 Castro en homenaje a Jos\u00e9 Artigas<\/h5>\n<p><span style=\"font-weight: 400;\">Querida comunidad educativa; queridos docentes, familias y alumnos rosarinos.<\/span><\/p>\n<p><span style=\"font-weight: 400;\">Me toca el alt\u00edsimo honor de evocar a Jos\u00e9 Artigas, Padre de la Patria.<\/span><\/p>\n<p><span style=\"font-weight: 400;\">Hoy lo recordamos no s\u00f3lo como el implacable estratega militar, el criollo, el caudillo, el visionario, Jefe de los Orientales, Protector de los Pueblos Libres, genio de la historia, el m\u00e1s brillante patriota de Am\u00e9rica del Sur. Hoy reflexionamos sobre las ra\u00edces religiosas y morales que lo llevaron a simbolizar el profundo sentimiento democr\u00e1tico, tolerante, igualitario, que hoy su legado inspira a nuestra Patria.<\/span><\/p>\n<p><span style=\"font-weight: 400;\">Hijo de un cat\u00f3lico franciscano, nacido y criado en un ambiente cat\u00f3lico, bautizado dos d\u00edas despu\u00e9s de su nacimiento en la parroquia de la Inmaculada Concepci\u00f3n de Montevideo, integr\u00f3 la cofrad\u00eda de Mar\u00eda Sant\u00edsima del Rosario, estudi\u00f3 en el convento franciscano San Bernardino y fue devoto de Mar\u00eda del Carmen, Artigas vio influida su personalidad por los valores cristianos que lo acompa\u00f1aron toda su vida.<\/span><\/p>\n<p><span style=\"font-weight: 400;\">Los religiosos que educaron al Pr\u00f3cer en su juventud sosten\u00edan que \u201cla soberan\u00eda no radica en el rey sino en el pueblo; la autoridad le llega al gobernante no de Dios sino del pueblo\u201d. Es de aqu\u00ed que se comprende mejor el contexto de su m\u00e1xima \u201cMi autoridad emana de vosotros y ella cesa ante vuestra presencia soberana\u201d. Un pensamiento revolucionario para la \u00e9poca. Un pensamiento cristiano.<\/span><\/p>\n<p><span style=\"font-weight: 400;\">La concepci\u00f3n democr\u00e1tica de Artigas se gest\u00f3 gracias a su fe cristiana. La fe le ense\u00f1\u00f3 la vinculaci\u00f3n que cada hombre y cada pueblo tiene con Dios; la fe le ense\u00f1\u00f3 los derechos inalienables de cada persona humana que Dios cre\u00f3, sin distinciones fundamentales, a su imagen y semejanza; la fe le ense\u00f1\u00f3 la igualdad de todos los hombres, porque todos somos hijos del mismo Padre com\u00fan que est\u00e1 en los cielos; la fe le ense\u00f1\u00f3 la libertad de los hijos de Dios; la fe le ense\u00f1\u00f3 la generosidad en el sacrificio al servicio del pueblo; la fe le ense\u00f1\u00f3 la nobleza de los humildes y la dignidad de la pobreza. Todos los hechos que rodean a Jos\u00e9 Artigas est\u00e1n signados por su condici\u00f3n de cat\u00f3lico. Como dijo el Papa Juan Pablo II en su visita al Uruguay: \u201cvuestra Patria naci\u00f3 cat\u00f3lica\u201d.<\/span><\/p>\n<p><span style=\"font-weight: 400;\">El lugar donde Artigas se preocup\u00f3 m\u00e1s por la cultura y la educaci\u00f3n de su pueblo fue en su cuartel general en Purificaci\u00f3n. Lugar que fue llamado Purificaci\u00f3n debido al calendario lit\u00fargico, que en la \u00e9poca colonial celebraba la\u00a0 \u201cPurificaci\u00f3n de la Bienaventurada Virgen Mar\u00eda\u201d. Ese sitio estrat\u00e9gico escogido por Artigas ten\u00eda entonces una impronta mariana, por la Virgen Mar\u00eda, y una impronta mesi\u00e1nica, por el Ni\u00f1o Jes\u00fas.<\/span><\/p>\n<p><span style=\"font-weight: 400;\">Firm\u00f3 all\u00ed la primera disposici\u00f3n para iniciar una instituci\u00f3n cultural en nuestro suelo: la biblioteca popular que ide\u00f3 junto al sacerdote D\u00e1maso Antonio Larra\u00f1aga. Dispuso all\u00ed tambi\u00e9n dos sacerdotes -Lamas y Otaz\u00fa- para la creaci\u00f3n de la \u201cEscuela de la Patria\u201d, hecho considerado como la piedra fundamental de la educaci\u00f3n cat\u00f3lica nacional. La preocupaci\u00f3n de Artigas era llevar adelante una educaci\u00f3n que deber\u00eda inspirar en los estudiantes \u201cel m\u00e1s alto entusiasmo por sostener su libertad\u201d.<\/span><\/p>\n<p><span style=\"font-weight: 400;\">Fue tambi\u00e9n en Purificaci\u00f3n donde Artigas suscribi\u00f3 y dio a conocer el revolucionario \u201cReglamento de Tierras\u201d, proclamando que \u201clos m\u00e1s infelices ser\u00e1n los m\u00e1s privilegiados\u201d, en una enunciaci\u00f3n sin dudas tambi\u00e9n enmarcada desde su profundo humanismo cristiano.<\/span><\/p>\n<p><span style=\"font-weight: 400;\">El final de la vida de Jos\u00e9 Artigas en el Paraguay, lo encontr\u00f3 tambi\u00e9n muy aferrado a sus valores. Los pobres de Ibiray, que tanto quer\u00edan a Jos\u00e9 Artigas, se reun\u00edan con \u00e9l a rezar el rosario. Oraban junto a Artigas y lo hac\u00edan incluso en guaran\u00ed.<\/span><\/p>\n<p><span style=\"font-weight: 400;\">Como reflexionara Zorrilla: \u201cese viejo de poncho que reza en Asunci\u00f3n el rosario que aprendi\u00f3 de ni\u00f1o en Montevideo, es la fe sincera, incontaminada, de la que brot\u00f3, como cosa sagrada, bajada del cielo, la independencia americana. Al igual que su hermano patriota George Washington que tambi\u00e9n rezaba de viejo las oraciones que aprendi\u00f3 de ni\u00f1o en su honrado hogar ingl\u00e9s\u201d.<\/span><\/p>\n<p><span style=\"font-weight: 400;\">Artigas en el Paraguay era un anciano alegre y sonriente. Am\u00f3 muy especialmente a los ni\u00f1os. El centro de su vida all\u00ed era la caridad, el amor a Dios y al pr\u00f3jimo. Como fiel disc\u00edpulo de Jes\u00fas le gustaba ense\u00f1ar a los ni\u00f1os la doctrina cristiana. Artigas fue catequista de los ni\u00f1os en Ibiray.<\/span><\/p>\n<p><span style=\"font-weight: 400;\">Para finalizar, elegimos quedarnos con las palabras de Jos\u00e9 Mar\u00eda Delgado, quien expres\u00f3 en honor al Padre de la Patria, dirigi\u00e9ndose a \u00e9l:<\/span><\/p>\n<p><span style=\"font-weight: 400;\">\u201cH\u00e9roes, no hay pueblo que no los haya;<\/span><\/p>\n<p><span style=\"font-weight: 400;\">Pero t\u00fa vienes de mucho m\u00e1s hondo, de mucho m\u00e1s lejos<\/span><\/p>\n<p><span style=\"font-weight: 400;\">Que de los talleres de la batalla:<\/span><\/p>\n<p><span style=\"font-weight: 400;\">T\u00fa vienes desde el fondo de los Evangelios<\/span><\/p>\n<p><span style=\"font-weight: 400;\">Trayendo en los hombros robustos el arca<\/span><\/p>\n<p><span style=\"font-weight: 400;\">De las libertades y la democracia,<\/span><\/p>\n<p><span style=\"font-weight: 400;\">Tallado como un Mois\u00e9s o un Abraham,<\/span><\/p>\n<p><span style=\"font-weight: 400;\">T\u00fa no eres el Capit\u00e1n,<\/span><\/p>\n<p><span style=\"font-weight: 400;\">Sino el Patriarca.<\/span><\/p>\n<p><span style=\"font-weight: 400;\">As\u00ed llevaste a tu pueblo sobre el flanco,<\/span><\/p>\n<p><span style=\"font-weight: 400;\">En \u00c9xodos que no tienen an\u00e1logos,<\/span><\/p>\n<p><span style=\"font-weight: 400;\">Como si fueras la tierra misma;<\/span><\/p>\n<p><span style=\"font-weight: 400;\">As\u00ed dictaste tus dec\u00e1logos,<\/span><\/p>\n<p><span style=\"font-weight: 400;\">As\u00ed ten\u00eda b\u00edblica fuerza tu voz<\/span><\/p>\n<p><span style=\"font-weight: 400;\">Y sol\u00edas subir como un viejo profeta,<\/span><\/p>\n<p><span style=\"font-weight: 400;\">A escuchar en lo alto de tu Meseta<\/span><\/p>\n<p><span style=\"font-weight: 400;\">La silenciosa palabra de Dios\u201d<\/span><\/p>\n","protected":false},"excerpt":{"rendered":"<p>El pasado 19 de junio, celebramos el acto protocolar en conmemoraci\u00f3n del Natalicio del Gral. Jos\u00e9 Gervasio Artigas. Adem\u00e1s, los alumnos de primer a\u00f1o prestaron su Promesa de Fidelidad al Pabell\u00f3n Nacional. #RosarinosAtlantida #CreciendoConHumanidad Palabras de Jos\u00e9 Castro en homenaje a Jos\u00e9 Artigas Querida comunidad educativa; queridos docentes, familias y alumnos rosarinos. Me toca el &hellip; <a href=\"https:\/\/rosarinos.edu.uy\/index.php\/2023\/06\/23\/acto-por-el-natalicio-de-jose-artigas\/\" class=\"more-link\">Continue reading<span class=\"screen-reader-text\"> \u00abActo por el Natalicio de Jos\u00e9 Artigas\u00bb<\/span><\/a><\/p>\n","protected":false},"author":4,"featured_media":2412,"comment_status":"closed","ping_status":"closed","sticky":false,"template":"","format":"standard","meta":{"footnotes":""},"categories":[4],"tags":[],"class_list":["post-2400","post","type-post","status-publish","format-standard","has-post-thumbnail","hentry","category-noticias"],"yoast_head":"<!-- This site is optimized with the Yoast SEO plugin v27.5 - https:\/\/yoast.com\/product\/yoast-seo-wordpress\/ -->\n<title>Acto por el Natalicio de Jos\u00e9 Artigas - Colegio Nuestra Se\u00f1ora del Rosario<\/title>\n<meta name=\"robots\" content=\"index, follow, max-snippet:-1, max-image-preview:large, max-video-preview:-1\" \/>\n<link rel=\"canonical\" href=\"https:\/\/rosarinos.edu.uy\/index.php\/2023\/06\/23\/acto-por-el-natalicio-de-jose-artigas\/\" \/>\n<meta property=\"og:locale\" content=\"es_ES\" \/>\n<meta property=\"og:type\" content=\"article\" \/>\n<meta property=\"og:title\" content=\"Acto por el Natalicio de Jos\u00e9 Artigas - Colegio Nuestra Se\u00f1ora del Rosario\" \/>\n<meta property=\"og:description\" content=\"El pasado 19 de junio, celebramos el acto protocolar en conmemoraci\u00f3n del Natalicio del Gral. Jos\u00e9 Gervasio Artigas. Adem\u00e1s, los alumnos de primer a\u00f1o prestaron su Promesa de Fidelidad al Pabell\u00f3n Nacional. #RosarinosAtlantida #CreciendoConHumanidad Palabras de Jos\u00e9 Castro en homenaje a Jos\u00e9 Artigas Querida comunidad educativa; queridos docentes, familias y alumnos rosarinos. Me toca el &hellip; Continue reading &quot;Acto por el Natalicio de Jos\u00e9 Artigas&quot;\" \/>\n<meta property=\"og:url\" content=\"https:\/\/rosarinos.edu.uy\/index.php\/2023\/06\/23\/acto-por-el-natalicio-de-jose-artigas\/\" \/>\n<meta property=\"og:site_name\" content=\"Colegio Nuestra Se\u00f1ora del Rosario\" \/>\n<meta property=\"article:published_time\" content=\"2023-06-23T18:11:22+00:00\" \/>\n<meta property=\"og:image\" content=\"https:\/\/rosarinos.edu.uy\/wp-content\/uploads\/2023\/06\/12-2.jpg\" \/>\n\t<meta property=\"og:image:width\" content=\"854\" \/>\n\t<meta property=\"og:image:height\" content=\"480\" \/>\n\t<meta property=\"og:image:type\" content=\"image\/jpeg\" \/>\n<meta name=\"author\" content=\"Jos\u00e9 Castro\" \/>\n<meta name=\"twitter:card\" content=\"summary_large_image\" \/>\n<meta name=\"twitter:label1\" content=\"Escrito por\" \/>\n\t<meta name=\"twitter:data1\" content=\"Jos\u00e9 Castro\" \/>\n\t<meta name=\"twitter:label2\" content=\"Tiempo de lectura\" \/>\n\t<meta name=\"twitter:data2\" content=\"5 minutos\" \/>\n<script type=\"application\/ld+json\" class=\"yoast-schema-graph\">{\"@context\":\"https:\\\/\\\/schema.org\",\"@graph\":[{\"@type\":\"Article\",\"@id\":\"https:\\\/\\\/rosarinos.edu.uy\\\/index.php\\\/2023\\\/06\\\/23\\\/acto-por-el-natalicio-de-jose-artigas\\\/#article\",\"isPartOf\":{\"@id\":\"https:\\\/\\\/rosarinos.edu.uy\\\/index.php\\\/2023\\\/06\\\/23\\\/acto-por-el-natalicio-de-jose-artigas\\\/\"},\"author\":{\"name\":\"Jos\u00e9 Castro\",\"@id\":\"https:\\\/\\\/rosarinos.edu.uy\\\/#\\\/schema\\\/person\\\/1f4852d1637b54b6aaf7c0699ee37537\"},\"headline\":\"Acto por el Natalicio de Jos\u00e9 Artigas\",\"datePublished\":\"2023-06-23T18:11:22+00:00\",\"mainEntityOfPage\":{\"@id\":\"https:\\\/\\\/rosarinos.edu.uy\\\/index.php\\\/2023\\\/06\\\/23\\\/acto-por-el-natalicio-de-jose-artigas\\\/\"},\"wordCount\":986,\"image\":{\"@id\":\"https:\\\/\\\/rosarinos.edu.uy\\\/index.php\\\/2023\\\/06\\\/23\\\/acto-por-el-natalicio-de-jose-artigas\\\/#primaryimage\"},\"thumbnailUrl\":\"https:\\\/\\\/rosarinos.edu.uy\\\/wp-content\\\/uploads\\\/2023\\\/06\\\/12-2.jpg\",\"articleSection\":[\"Noticias\"],\"inLanguage\":\"es\"},{\"@type\":\"WebPage\",\"@id\":\"https:\\\/\\\/rosarinos.edu.uy\\\/index.php\\\/2023\\\/06\\\/23\\\/acto-por-el-natalicio-de-jose-artigas\\\/\",\"url\":\"https:\\\/\\\/rosarinos.edu.uy\\\/index.php\\\/2023\\\/06\\\/23\\\/acto-por-el-natalicio-de-jose-artigas\\\/\",\"name\":\"Acto por el Natalicio de Jos\u00e9 Artigas - Colegio Nuestra Se\u00f1ora del Rosario\",\"isPartOf\":{\"@id\":\"https:\\\/\\\/rosarinos.edu.uy\\\/#website\"},\"primaryImageOfPage\":{\"@id\":\"https:\\\/\\\/rosarinos.edu.uy\\\/index.php\\\/2023\\\/06\\\/23\\\/acto-por-el-natalicio-de-jose-artigas\\\/#primaryimage\"},\"image\":{\"@id\":\"https:\\\/\\\/rosarinos.edu.uy\\\/index.php\\\/2023\\\/06\\\/23\\\/acto-por-el-natalicio-de-jose-artigas\\\/#primaryimage\"},\"thumbnailUrl\":\"https:\\\/\\\/rosarinos.edu.uy\\\/wp-content\\\/uploads\\\/2023\\\/06\\\/12-2.jpg\",\"datePublished\":\"2023-06-23T18:11:22+00:00\",\"author\":{\"@id\":\"https:\\\/\\\/rosarinos.edu.uy\\\/#\\\/schema\\\/person\\\/1f4852d1637b54b6aaf7c0699ee37537\"},\"breadcrumb\":{\"@id\":\"https:\\\/\\\/rosarinos.edu.uy\\\/index.php\\\/2023\\\/06\\\/23\\\/acto-por-el-natalicio-de-jose-artigas\\\/#breadcrumb\"},\"inLanguage\":\"es\",\"potentialAction\":[{\"@type\":\"ReadAction\",\"target\":[\"https:\\\/\\\/rosarinos.edu.uy\\\/index.php\\\/2023\\\/06\\\/23\\\/acto-por-el-natalicio-de-jose-artigas\\\/\"]}]},{\"@type\":\"ImageObject\",\"inLanguage\":\"es\",\"@id\":\"https:\\\/\\\/rosarinos.edu.uy\\\/index.php\\\/2023\\\/06\\\/23\\\/acto-por-el-natalicio-de-jose-artigas\\\/#primaryimage\",\"url\":\"https:\\\/\\\/rosarinos.edu.uy\\\/wp-content\\\/uploads\\\/2023\\\/06\\\/12-2.jpg\",\"contentUrl\":\"https:\\\/\\\/rosarinos.edu.uy\\\/wp-content\\\/uploads\\\/2023\\\/06\\\/12-2.jpg\",\"width\":854,\"height\":480},{\"@type\":\"BreadcrumbList\",\"@id\":\"https:\\\/\\\/rosarinos.edu.uy\\\/index.php\\\/2023\\\/06\\\/23\\\/acto-por-el-natalicio-de-jose-artigas\\\/#breadcrumb\",\"itemListElement\":[{\"@type\":\"ListItem\",\"position\":1,\"name\":\"Home\",\"item\":\"https:\\\/\\\/rosarinos.edu.uy\\\/\"},{\"@type\":\"ListItem\",\"position\":2,\"name\":\"Acto por el Natalicio de Jos\u00e9 Artigas\"}]},{\"@type\":\"WebSite\",\"@id\":\"https:\\\/\\\/rosarinos.edu.uy\\\/#website\",\"url\":\"https:\\\/\\\/rosarinos.edu.uy\\\/\",\"name\":\"Colegio Nuestra Se\u00f1ora del Rosario\",\"description\":\"Nuestra identidad como Colegio se compone de la suma de distintos aspectos que nos hacen una instituci\u00f3n educativa con caracter\u00edsticas propias, donde toda la comunidad educativa vive una experiencia \u00fanica.\",\"potentialAction\":[{\"@type\":\"SearchAction\",\"target\":{\"@type\":\"EntryPoint\",\"urlTemplate\":\"https:\\\/\\\/rosarinos.edu.uy\\\/?s={search_term_string}\"},\"query-input\":{\"@type\":\"PropertyValueSpecification\",\"valueRequired\":true,\"valueName\":\"search_term_string\"}}],\"inLanguage\":\"es\"},{\"@type\":\"Person\",\"@id\":\"https:\\\/\\\/rosarinos.edu.uy\\\/#\\\/schema\\\/person\\\/1f4852d1637b54b6aaf7c0699ee37537\",\"name\":\"Jos\u00e9 Castro\",\"url\":\"https:\\\/\\\/rosarinos.edu.uy\\\/index.php\\\/author\\\/jcastro\\\/\"}]}<\/script>\n<!-- \/ Yoast SEO plugin. -->","yoast_head_json":{"title":"Acto por el Natalicio de Jos\u00e9 Artigas - Colegio Nuestra Se\u00f1ora del Rosario","robots":{"index":"index","follow":"follow","max-snippet":"max-snippet:-1","max-image-preview":"max-image-preview:large","max-video-preview":"max-video-preview:-1"},"canonical":"https:\/\/rosarinos.edu.uy\/index.php\/2023\/06\/23\/acto-por-el-natalicio-de-jose-artigas\/","og_locale":"es_ES","og_type":"article","og_title":"Acto por el Natalicio de Jos\u00e9 Artigas - Colegio Nuestra Se\u00f1ora del Rosario","og_description":"El pasado 19 de junio, celebramos el acto protocolar en conmemoraci\u00f3n del Natalicio del Gral. Jos\u00e9 Gervasio Artigas. Adem\u00e1s, los alumnos de primer a\u00f1o prestaron su Promesa de Fidelidad al Pabell\u00f3n Nacional. #RosarinosAtlantida #CreciendoConHumanidad Palabras de Jos\u00e9 Castro en homenaje a Jos\u00e9 Artigas Querida comunidad educativa; queridos docentes, familias y alumnos rosarinos. Me toca el &hellip; Continue reading \"Acto por el Natalicio de Jos\u00e9 Artigas\"","og_url":"https:\/\/rosarinos.edu.uy\/index.php\/2023\/06\/23\/acto-por-el-natalicio-de-jose-artigas\/","og_site_name":"Colegio Nuestra Se\u00f1ora del Rosario","article_published_time":"2023-06-23T18:11:22+00:00","og_image":[{"width":854,"height":480,"url":"https:\/\/rosarinos.edu.uy\/wp-content\/uploads\/2023\/06\/12-2.jpg","type":"image\/jpeg"}],"author":"Jos\u00e9 Castro","twitter_card":"summary_large_image","twitter_misc":{"Escrito por":"Jos\u00e9 Castro","Tiempo de lectura":"5 minutos"},"schema":{"@context":"https:\/\/schema.org","@graph":[{"@type":"Article","@id":"https:\/\/rosarinos.edu.uy\/index.php\/2023\/06\/23\/acto-por-el-natalicio-de-jose-artigas\/#article","isPartOf":{"@id":"https:\/\/rosarinos.edu.uy\/index.php\/2023\/06\/23\/acto-por-el-natalicio-de-jose-artigas\/"},"author":{"name":"Jos\u00e9 Castro","@id":"https:\/\/rosarinos.edu.uy\/#\/schema\/person\/1f4852d1637b54b6aaf7c0699ee37537"},"headline":"Acto por el Natalicio de Jos\u00e9 Artigas","datePublished":"2023-06-23T18:11:22+00:00","mainEntityOfPage":{"@id":"https:\/\/rosarinos.edu.uy\/index.php\/2023\/06\/23\/acto-por-el-natalicio-de-jose-artigas\/"},"wordCount":986,"image":{"@id":"https:\/\/rosarinos.edu.uy\/index.php\/2023\/06\/23\/acto-por-el-natalicio-de-jose-artigas\/#primaryimage"},"thumbnailUrl":"https:\/\/rosarinos.edu.uy\/wp-content\/uploads\/2023\/06\/12-2.jpg","articleSection":["Noticias"],"inLanguage":"es"},{"@type":"WebPage","@id":"https:\/\/rosarinos.edu.uy\/index.php\/2023\/06\/23\/acto-por-el-natalicio-de-jose-artigas\/","url":"https:\/\/rosarinos.edu.uy\/index.php\/2023\/06\/23\/acto-por-el-natalicio-de-jose-artigas\/","name":"Acto por el Natalicio de Jos\u00e9 Artigas - Colegio Nuestra Se\u00f1ora del Rosario","isPartOf":{"@id":"https:\/\/rosarinos.edu.uy\/#website"},"primaryImageOfPage":{"@id":"https:\/\/rosarinos.edu.uy\/index.php\/2023\/06\/23\/acto-por-el-natalicio-de-jose-artigas\/#primaryimage"},"image":{"@id":"https:\/\/rosarinos.edu.uy\/index.php\/2023\/06\/23\/acto-por-el-natalicio-de-jose-artigas\/#primaryimage"},"thumbnailUrl":"https:\/\/rosarinos.edu.uy\/wp-content\/uploads\/2023\/06\/12-2.jpg","datePublished":"2023-06-23T18:11:22+00:00","author":{"@id":"https:\/\/rosarinos.edu.uy\/#\/schema\/person\/1f4852d1637b54b6aaf7c0699ee37537"},"breadcrumb":{"@id":"https:\/\/rosarinos.edu.uy\/index.php\/2023\/06\/23\/acto-por-el-natalicio-de-jose-artigas\/#breadcrumb"},"inLanguage":"es","potentialAction":[{"@type":"ReadAction","target":["https:\/\/rosarinos.edu.uy\/index.php\/2023\/06\/23\/acto-por-el-natalicio-de-jose-artigas\/"]}]},{"@type":"ImageObject","inLanguage":"es","@id":"https:\/\/rosarinos.edu.uy\/index.php\/2023\/06\/23\/acto-por-el-natalicio-de-jose-artigas\/#primaryimage","url":"https:\/\/rosarinos.edu.uy\/wp-content\/uploads\/2023\/06\/12-2.jpg","contentUrl":"https:\/\/rosarinos.edu.uy\/wp-content\/uploads\/2023\/06\/12-2.jpg","width":854,"height":480},{"@type":"BreadcrumbList","@id":"https:\/\/rosarinos.edu.uy\/index.php\/2023\/06\/23\/acto-por-el-natalicio-de-jose-artigas\/#breadcrumb","itemListElement":[{"@type":"ListItem","position":1,"name":"Home","item":"https:\/\/rosarinos.edu.uy\/"},{"@type":"ListItem","position":2,"name":"Acto por el Natalicio de Jos\u00e9 Artigas"}]},{"@type":"WebSite","@id":"https:\/\/rosarinos.edu.uy\/#website","url":"https:\/\/rosarinos.edu.uy\/","name":"Colegio Nuestra Se\u00f1ora del Rosario","description":"Nuestra identidad como Colegio se compone de la suma de distintos aspectos que nos hacen una instituci\u00f3n educativa con caracter\u00edsticas propias, donde toda la comunidad educativa vive una experiencia \u00fanica.","potentialAction":[{"@type":"SearchAction","target":{"@type":"EntryPoint","urlTemplate":"https:\/\/rosarinos.edu.uy\/?s={search_term_string}"},"query-input":{"@type":"PropertyValueSpecification","valueRequired":true,"valueName":"search_term_string"}}],"inLanguage":"es"},{"@type":"Person","@id":"https:\/\/rosarinos.edu.uy\/#\/schema\/person\/1f4852d1637b54b6aaf7c0699ee37537","name":"Jos\u00e9 Castro","url":"https:\/\/rosarinos.edu.uy\/index.php\/author\/jcastro\/"}]}},"_links":{"self":[{"href":"https:\/\/rosarinos.edu.uy\/index.php\/wp-json\/wp\/v2\/posts\/2400","targetHints":{"allow":["GET"]}}],"collection":[{"href":"https:\/\/rosarinos.edu.uy\/index.php\/wp-json\/wp\/v2\/posts"}],"about":[{"href":"https:\/\/rosarinos.edu.uy\/index.php\/wp-json\/wp\/v2\/types\/post"}],"author":[{"embeddable":true,"href":"https:\/\/rosarinos.edu.uy\/index.php\/wp-json\/wp\/v2\/users\/4"}],"replies":[{"embeddable":true,"href":"https:\/\/rosarinos.edu.uy\/index.php\/wp-json\/wp\/v2\/comments?post=2400"}],"version-history":[{"count":2,"href":"https:\/\/rosarinos.edu.uy\/index.php\/wp-json\/wp\/v2\/posts\/2400\/revisions"}],"predecessor-version":[{"id":2427,"href":"https:\/\/rosarinos.edu.uy\/index.php\/wp-json\/wp\/v2\/posts\/2400\/revisions\/2427"}],"wp:featuredmedia":[{"embeddable":true,"href":"https:\/\/rosarinos.edu.uy\/index.php\/wp-json\/wp\/v2\/media\/2412"}],"wp:attachment":[{"href":"https:\/\/rosarinos.edu.uy\/index.php\/wp-json\/wp\/v2\/media?parent=2400"}],"wp:term":[{"taxonomy":"category","embeddable":true,"href":"https:\/\/rosarinos.edu.uy\/index.php\/wp-json\/wp\/v2\/categories?post=2400"},{"taxonomy":"post_tag","embeddable":true,"href":"https:\/\/rosarinos.edu.uy\/index.php\/wp-json\/wp\/v2\/tags?post=2400"}],"curies":[{"name":"wp","href":"https:\/\/api.w.org\/{rel}","templated":true}]}}