{"id":2342,"date":"2023-06-07T16:55:42","date_gmt":"2023-06-07T19:55:42","guid":{"rendered":"https:\/\/rosarinos.edu.uy\/?p=2342"},"modified":"2023-06-07T16:55:42","modified_gmt":"2023-06-07T19:55:42","slug":"dia-del-medio-ambiente-feria-de-ciencias","status":"publish","type":"post","link":"https:\/\/rosarinos.edu.uy\/index.php\/2023\/06\/07\/dia-del-medio-ambiente-feria-de-ciencias\/","title":{"rendered":"D\u00eda del Medio Ambiente &#8211; Feria de Ciencias"},"content":{"rendered":"<div id='gallery-1' class='gallery galleryid-2342 gallery-columns-3 gallery-size-medium'><figure class='gallery-item'>\n\t\t\t<div class='gallery-icon landscape'>\n\t\t\t\t<a href='https:\/\/rosarinos.edu.uy\/wp-content\/uploads\/2023\/06\/1.jpg'><img loading=\"lazy\" decoding=\"async\" width=\"300\" height=\"169\" src=\"https:\/\/rosarinos.edu.uy\/wp-content\/uploads\/2023\/06\/1-300x169.jpg\" class=\"attachment-medium size-medium\" alt=\"\" srcset=\"https:\/\/rosarinos.edu.uy\/wp-content\/uploads\/2023\/06\/1-300x169.jpg 300w, https:\/\/rosarinos.edu.uy\/wp-content\/uploads\/2023\/06\/1-840x472.jpg 840w, https:\/\/rosarinos.edu.uy\/wp-content\/uploads\/2023\/06\/1-768x432.jpg 768w, https:\/\/rosarinos.edu.uy\/wp-content\/uploads\/2023\/06\/1.jpg 854w\" sizes=\"auto, (max-width: 300px) 85vw, 300px\" \/><\/a>\n\t\t\t<\/div><\/figure><figure class='gallery-item'>\n\t\t\t<div class='gallery-icon landscape'>\n\t\t\t\t<a href='https:\/\/rosarinos.edu.uy\/wp-content\/uploads\/2023\/06\/2.jpg'><img loading=\"lazy\" decoding=\"async\" width=\"300\" height=\"169\" src=\"https:\/\/rosarinos.edu.uy\/wp-content\/uploads\/2023\/06\/2-300x169.jpg\" class=\"attachment-medium size-medium\" alt=\"\" srcset=\"https:\/\/rosarinos.edu.uy\/wp-content\/uploads\/2023\/06\/2-300x169.jpg 300w, https:\/\/rosarinos.edu.uy\/wp-content\/uploads\/2023\/06\/2-840x472.jpg 840w, https:\/\/rosarinos.edu.uy\/wp-content\/uploads\/2023\/06\/2-768x432.jpg 768w, https:\/\/rosarinos.edu.uy\/wp-content\/uploads\/2023\/06\/2.jpg 854w\" sizes=\"auto, (max-width: 300px) 85vw, 300px\" \/><\/a>\n\t\t\t<\/div><\/figure><figure class='gallery-item'>\n\t\t\t<div class='gallery-icon landscape'>\n\t\t\t\t<a href='https:\/\/rosarinos.edu.uy\/wp-content\/uploads\/2023\/06\/3.jpg'><img loading=\"lazy\" decoding=\"async\" width=\"300\" height=\"169\" src=\"https:\/\/rosarinos.edu.uy\/wp-content\/uploads\/2023\/06\/3-300x169.jpg\" class=\"attachment-medium size-medium\" alt=\"\" srcset=\"https:\/\/rosarinos.edu.uy\/wp-content\/uploads\/2023\/06\/3-300x169.jpg 300w, https:\/\/rosarinos.edu.uy\/wp-content\/uploads\/2023\/06\/3-840x472.jpg 840w, https:\/\/rosarinos.edu.uy\/wp-content\/uploads\/2023\/06\/3-768x432.jpg 768w, https:\/\/rosarinos.edu.uy\/wp-content\/uploads\/2023\/06\/3.jpg 854w\" sizes=\"auto, (max-width: 300px) 85vw, 300px\" \/><\/a>\n\t\t\t<\/div><\/figure><figure class='gallery-item'>\n\t\t\t<div class='gallery-icon landscape'>\n\t\t\t\t<a href='https:\/\/rosarinos.edu.uy\/wp-content\/uploads\/2023\/06\/4.jpg'><img loading=\"lazy\" decoding=\"async\" width=\"300\" height=\"169\" src=\"https:\/\/rosarinos.edu.uy\/wp-content\/uploads\/2023\/06\/4-300x169.jpg\" class=\"attachment-medium size-medium\" alt=\"\" srcset=\"https:\/\/rosarinos.edu.uy\/wp-content\/uploads\/2023\/06\/4-300x169.jpg 300w, https:\/\/rosarinos.edu.uy\/wp-content\/uploads\/2023\/06\/4-840x472.jpg 840w, https:\/\/rosarinos.edu.uy\/wp-content\/uploads\/2023\/06\/4-768x432.jpg 768w, https:\/\/rosarinos.edu.uy\/wp-content\/uploads\/2023\/06\/4.jpg 854w\" sizes=\"auto, (max-width: 300px) 85vw, 300px\" \/><\/a>\n\t\t\t<\/div><\/figure><figure class='gallery-item'>\n\t\t\t<div class='gallery-icon landscape'>\n\t\t\t\t<a href='https:\/\/rosarinos.edu.uy\/wp-content\/uploads\/2023\/06\/5.jpg'><img loading=\"lazy\" decoding=\"async\" width=\"300\" height=\"169\" src=\"https:\/\/rosarinos.edu.uy\/wp-content\/uploads\/2023\/06\/5-300x169.jpg\" class=\"attachment-medium size-medium\" alt=\"\" srcset=\"https:\/\/rosarinos.edu.uy\/wp-content\/uploads\/2023\/06\/5-300x169.jpg 300w, https:\/\/rosarinos.edu.uy\/wp-content\/uploads\/2023\/06\/5-840x472.jpg 840w, https:\/\/rosarinos.edu.uy\/wp-content\/uploads\/2023\/06\/5-768x432.jpg 768w, https:\/\/rosarinos.edu.uy\/wp-content\/uploads\/2023\/06\/5.jpg 854w\" sizes=\"auto, (max-width: 300px) 85vw, 300px\" \/><\/a>\n\t\t\t<\/div><\/figure><figure class='gallery-item'>\n\t\t\t<div class='gallery-icon landscape'>\n\t\t\t\t<a href='https:\/\/rosarinos.edu.uy\/wp-content\/uploads\/2023\/06\/6.jpg'><img loading=\"lazy\" decoding=\"async\" width=\"300\" height=\"169\" src=\"https:\/\/rosarinos.edu.uy\/wp-content\/uploads\/2023\/06\/6-300x169.jpg\" class=\"attachment-medium size-medium\" alt=\"\" srcset=\"https:\/\/rosarinos.edu.uy\/wp-content\/uploads\/2023\/06\/6-300x169.jpg 300w, https:\/\/rosarinos.edu.uy\/wp-content\/uploads\/2023\/06\/6-840x472.jpg 840w, https:\/\/rosarinos.edu.uy\/wp-content\/uploads\/2023\/06\/6-768x432.jpg 768w, https:\/\/rosarinos.edu.uy\/wp-content\/uploads\/2023\/06\/6.jpg 854w\" sizes=\"auto, (max-width: 300px) 85vw, 300px\" \/><\/a>\n\t\t\t<\/div><\/figure><figure class='gallery-item'>\n\t\t\t<div class='gallery-icon landscape'>\n\t\t\t\t<a href='https:\/\/rosarinos.edu.uy\/wp-content\/uploads\/2023\/06\/7.jpg'><img loading=\"lazy\" decoding=\"async\" width=\"300\" height=\"169\" src=\"https:\/\/rosarinos.edu.uy\/wp-content\/uploads\/2023\/06\/7-300x169.jpg\" class=\"attachment-medium size-medium\" alt=\"\" srcset=\"https:\/\/rosarinos.edu.uy\/wp-content\/uploads\/2023\/06\/7-300x169.jpg 300w, https:\/\/rosarinos.edu.uy\/wp-content\/uploads\/2023\/06\/7-840x472.jpg 840w, https:\/\/rosarinos.edu.uy\/wp-content\/uploads\/2023\/06\/7-768x432.jpg 768w, https:\/\/rosarinos.edu.uy\/wp-content\/uploads\/2023\/06\/7.jpg 854w\" sizes=\"auto, (max-width: 300px) 85vw, 300px\" \/><\/a>\n\t\t\t<\/div><\/figure><figure class='gallery-item'>\n\t\t\t<div class='gallery-icon landscape'>\n\t\t\t\t<a href='https:\/\/rosarinos.edu.uy\/wp-content\/uploads\/2023\/06\/8.jpg'><img loading=\"lazy\" decoding=\"async\" width=\"300\" height=\"169\" src=\"https:\/\/rosarinos.edu.uy\/wp-content\/uploads\/2023\/06\/8-300x169.jpg\" class=\"attachment-medium size-medium\" alt=\"\" srcset=\"https:\/\/rosarinos.edu.uy\/wp-content\/uploads\/2023\/06\/8-300x169.jpg 300w, https:\/\/rosarinos.edu.uy\/wp-content\/uploads\/2023\/06\/8-840x472.jpg 840w, https:\/\/rosarinos.edu.uy\/wp-content\/uploads\/2023\/06\/8-768x432.jpg 768w, https:\/\/rosarinos.edu.uy\/wp-content\/uploads\/2023\/06\/8.jpg 854w\" sizes=\"auto, (max-width: 300px) 85vw, 300px\" \/><\/a>\n\t\t\t<\/div><\/figure><figure class='gallery-item'>\n\t\t\t<div class='gallery-icon landscape'>\n\t\t\t\t<a href='https:\/\/rosarinos.edu.uy\/wp-content\/uploads\/2023\/06\/9.jpg'><img loading=\"lazy\" decoding=\"async\" width=\"300\" height=\"169\" src=\"https:\/\/rosarinos.edu.uy\/wp-content\/uploads\/2023\/06\/9-300x169.jpg\" class=\"attachment-medium size-medium\" alt=\"\" srcset=\"https:\/\/rosarinos.edu.uy\/wp-content\/uploads\/2023\/06\/9-300x169.jpg 300w, https:\/\/rosarinos.edu.uy\/wp-content\/uploads\/2023\/06\/9-840x472.jpg 840w, https:\/\/rosarinos.edu.uy\/wp-content\/uploads\/2023\/06\/9-768x432.jpg 768w, https:\/\/rosarinos.edu.uy\/wp-content\/uploads\/2023\/06\/9.jpg 854w\" sizes=\"auto, (max-width: 300px) 85vw, 300px\" \/><\/a>\n\t\t\t<\/div><\/figure><figure class='gallery-item'>\n\t\t\t<div class='gallery-icon landscape'>\n\t\t\t\t<a href='https:\/\/rosarinos.edu.uy\/wp-content\/uploads\/2023\/06\/10.jpg'><img loading=\"lazy\" decoding=\"async\" width=\"300\" height=\"169\" src=\"https:\/\/rosarinos.edu.uy\/wp-content\/uploads\/2023\/06\/10-300x169.jpg\" class=\"attachment-medium size-medium\" alt=\"\" srcset=\"https:\/\/rosarinos.edu.uy\/wp-content\/uploads\/2023\/06\/10-300x169.jpg 300w, https:\/\/rosarinos.edu.uy\/wp-content\/uploads\/2023\/06\/10-840x472.jpg 840w, https:\/\/rosarinos.edu.uy\/wp-content\/uploads\/2023\/06\/10-768x432.jpg 768w, https:\/\/rosarinos.edu.uy\/wp-content\/uploads\/2023\/06\/10.jpg 854w\" sizes=\"auto, (max-width: 300px) 85vw, 300px\" \/><\/a>\n\t\t\t<\/div><\/figure><figure class='gallery-item'>\n\t\t\t<div class='gallery-icon landscape'>\n\t\t\t\t<a href='https:\/\/rosarinos.edu.uy\/wp-content\/uploads\/2023\/06\/11.jpg'><img loading=\"lazy\" decoding=\"async\" width=\"300\" height=\"169\" src=\"https:\/\/rosarinos.edu.uy\/wp-content\/uploads\/2023\/06\/11-300x169.jpg\" class=\"attachment-medium size-medium\" alt=\"\" srcset=\"https:\/\/rosarinos.edu.uy\/wp-content\/uploads\/2023\/06\/11-300x169.jpg 300w, https:\/\/rosarinos.edu.uy\/wp-content\/uploads\/2023\/06\/11-840x472.jpg 840w, https:\/\/rosarinos.edu.uy\/wp-content\/uploads\/2023\/06\/11-768x432.jpg 768w, https:\/\/rosarinos.edu.uy\/wp-content\/uploads\/2023\/06\/11.jpg 854w\" sizes=\"auto, (max-width: 300px) 85vw, 300px\" \/><\/a>\n\t\t\t<\/div><\/figure><figure class='gallery-item'>\n\t\t\t<div class='gallery-icon landscape'>\n\t\t\t\t<a href='https:\/\/rosarinos.edu.uy\/wp-content\/uploads\/2023\/06\/12.jpg'><img loading=\"lazy\" decoding=\"async\" width=\"300\" height=\"169\" src=\"https:\/\/rosarinos.edu.uy\/wp-content\/uploads\/2023\/06\/12-300x169.jpg\" class=\"attachment-medium size-medium\" alt=\"\" srcset=\"https:\/\/rosarinos.edu.uy\/wp-content\/uploads\/2023\/06\/12-300x169.jpg 300w, https:\/\/rosarinos.edu.uy\/wp-content\/uploads\/2023\/06\/12-840x472.jpg 840w, https:\/\/rosarinos.edu.uy\/wp-content\/uploads\/2023\/06\/12-768x432.jpg 768w, https:\/\/rosarinos.edu.uy\/wp-content\/uploads\/2023\/06\/12.jpg 854w\" sizes=\"auto, (max-width: 300px) 85vw, 300px\" \/><\/a>\n\t\t\t<\/div><\/figure><figure class='gallery-item'>\n\t\t\t<div class='gallery-icon landscape'>\n\t\t\t\t<a href='https:\/\/rosarinos.edu.uy\/wp-content\/uploads\/2023\/06\/13.jpg'><img loading=\"lazy\" decoding=\"async\" width=\"300\" height=\"169\" src=\"https:\/\/rosarinos.edu.uy\/wp-content\/uploads\/2023\/06\/13-300x169.jpg\" class=\"attachment-medium size-medium\" alt=\"\" srcset=\"https:\/\/rosarinos.edu.uy\/wp-content\/uploads\/2023\/06\/13-300x169.jpg 300w, https:\/\/rosarinos.edu.uy\/wp-content\/uploads\/2023\/06\/13-840x472.jpg 840w, https:\/\/rosarinos.edu.uy\/wp-content\/uploads\/2023\/06\/13-768x432.jpg 768w, https:\/\/rosarinos.edu.uy\/wp-content\/uploads\/2023\/06\/13.jpg 854w\" sizes=\"auto, (max-width: 300px) 85vw, 300px\" \/><\/a>\n\t\t\t<\/div><\/figure><figure class='gallery-item'>\n\t\t\t<div class='gallery-icon landscape'>\n\t\t\t\t<a href='https:\/\/rosarinos.edu.uy\/wp-content\/uploads\/2023\/06\/14.jpg'><img loading=\"lazy\" decoding=\"async\" width=\"300\" height=\"169\" src=\"https:\/\/rosarinos.edu.uy\/wp-content\/uploads\/2023\/06\/14-300x169.jpg\" class=\"attachment-medium size-medium\" alt=\"\" srcset=\"https:\/\/rosarinos.edu.uy\/wp-content\/uploads\/2023\/06\/14-300x169.jpg 300w, https:\/\/rosarinos.edu.uy\/wp-content\/uploads\/2023\/06\/14-840x472.jpg 840w, https:\/\/rosarinos.edu.uy\/wp-content\/uploads\/2023\/06\/14-768x432.jpg 768w, https:\/\/rosarinos.edu.uy\/wp-content\/uploads\/2023\/06\/14.jpg 854w\" sizes=\"auto, (max-width: 300px) 85vw, 300px\" \/><\/a>\n\t\t\t<\/div><\/figure><figure class='gallery-item'>\n\t\t\t<div class='gallery-icon landscape'>\n\t\t\t\t<a href='https:\/\/rosarinos.edu.uy\/wp-content\/uploads\/2023\/06\/15.jpg'><img loading=\"lazy\" decoding=\"async\" width=\"300\" height=\"169\" src=\"https:\/\/rosarinos.edu.uy\/wp-content\/uploads\/2023\/06\/15-300x169.jpg\" class=\"attachment-medium size-medium\" alt=\"\" srcset=\"https:\/\/rosarinos.edu.uy\/wp-content\/uploads\/2023\/06\/15-300x169.jpg 300w, https:\/\/rosarinos.edu.uy\/wp-content\/uploads\/2023\/06\/15-840x472.jpg 840w, https:\/\/rosarinos.edu.uy\/wp-content\/uploads\/2023\/06\/15-768x432.jpg 768w, https:\/\/rosarinos.edu.uy\/wp-content\/uploads\/2023\/06\/15.jpg 854w\" sizes=\"auto, (max-width: 300px) 85vw, 300px\" \/><\/a>\n\t\t\t<\/div><\/figure>\n\t\t<\/div>\n\n<p>En el marco de la celebraci\u00f3n del D\u00eda mundial del Medioambiente, nuestros alumnos de primaria realizaron una muestra abierta a las familias del Proyecto \u201cActividades ecol\u00f3gicas y ambientalistas para desarrollar la inteligencia naturalista\u201d. Llevado a cabo con la Profesora de Ciencias Daniela Valecillo.<\/p>\n<p>Distintos equipos investigaron, produjeron y presentaron sus trabajos enfocados en la promoci\u00f3n de la salud ambiental.<\/p>\n<p>Para la presentaci\u00f3n, los equipos reutilizaron y adaptaron maquetas ya disponibles en el Cole realizadas por otros compa\u00f1eros para proyectos anteriores. De esta forma le dieron un nuevo uso a materiales usados, una de las claves del cuidado de la salud ambiental: reutilizar.<\/p>\n<p>Recibieron a las familias en un espacio preparado especialmente por ellos con mucho entusiasmo y responsabilidad. A continuaci\u00f3n fueron mostrando lo producido y explicando conceptos adquiridos. De esta forma se propici\u00f3 un momento de intercambio ameno, familiar y edificante para todos los presentes. Nuestros estudiantes se mostraron entusiasmados y felices de mostrar a sus familias el producto de su trabajo y estas a su vez dejaron transparentar su orgullo por sus nietos, sobrinos e hijos.<\/p>\n<p>El proyecto:<\/p>\n<p>Estas actividades se enmarcan en un proyecto anual dise\u00f1ado por la docente. Dicha propuesta se encuentra dirigida a los ni\u00f1os de la Etapa de Educaci\u00f3n Primaria, para su implementaci\u00f3n y puesta en pr\u00e1ctica en las actividades pedag\u00f3gicas planificadas, donde puedan desarrollar actividades ecol\u00f3gicas para la estimulaci\u00f3n de la inteligencia naturalista en los ni\u00f1os y ni\u00f1as por medio de experiencias que les permita construir su aprendizaje. La inteligencia naturalista se refiere a la habilidad de los seres humanos incluidos los ni\u00f1os y ni\u00f1as de esta Etapa de la educaci\u00f3n, reconocer patrones en la naturaleza, la cual permite diferenciar entre seres vivos, as\u00ed como clasificar objetos, encontrar relaciones entre ecosistemas y crearles de esta manera sensibilidad ante hechos de su entorno natural.<\/p>\n<p>Conjuntamente, los chicos recibieron a la prensa local e interactuaron con ellos mostrando su trabajo y realizando al final del evento entrevistas individuales.<\/p>\n<p>Agradecemos a quienes colaboraron con esta instancia desde el impulso, producci\u00f3n e implementaci\u00f3n. La familia Rosarina promueve y fomenta estas instancias por su riqueza tanto en el marco conceptual como en su dimensi\u00f3n e importancia en el desarrollo de seres emocionales y responsables.<\/p>\n","protected":false},"excerpt":{"rendered":"<p>En el marco de la celebraci\u00f3n del D\u00eda mundial del Medioambiente, nuestros alumnos de primaria realizaron una muestra abierta a las familias del Proyecto \u201cActividades ecol\u00f3gicas y ambientalistas para desarrollar la inteligencia naturalista\u201d. Llevado a cabo con la Profesora de Ciencias Daniela Valecillo. Distintos equipos investigaron, produjeron y presentaron sus trabajos enfocados en la promoci\u00f3n &hellip; <a href=\"https:\/\/rosarinos.edu.uy\/index.php\/2023\/06\/07\/dia-del-medio-ambiente-feria-de-ciencias\/\" class=\"more-link\">Continue reading<span class=\"screen-reader-text\"> \u00abD\u00eda del Medio Ambiente &#8211; Feria de Ciencias\u00bb<\/span><\/a><\/p>\n","protected":false},"author":4,"featured_media":2343,"comment_status":"closed","ping_status":"closed","sticky":false,"template":"","format":"standard","meta":{"footnotes":""},"categories":[4],"tags":[],"class_list":["post-2342","post","type-post","status-publish","format-standard","has-post-thumbnail","hentry","category-noticias"],"yoast_head":"<!-- This site is optimized with the Yoast SEO plugin v27.5 - https:\/\/yoast.com\/product\/yoast-seo-wordpress\/ -->\n<title>D\u00eda del Medio Ambiente - Feria de Ciencias - Colegio Nuestra Se\u00f1ora del Rosario<\/title>\n<meta name=\"robots\" content=\"index, follow, max-snippet:-1, max-image-preview:large, max-video-preview:-1\" \/>\n<link rel=\"canonical\" href=\"https:\/\/rosarinos.edu.uy\/index.php\/2023\/06\/07\/dia-del-medio-ambiente-feria-de-ciencias\/\" \/>\n<meta property=\"og:locale\" content=\"es_ES\" \/>\n<meta property=\"og:type\" content=\"article\" \/>\n<meta property=\"og:title\" content=\"D\u00eda del Medio Ambiente - Feria de Ciencias - Colegio Nuestra Se\u00f1ora del Rosario\" \/>\n<meta property=\"og:description\" content=\"En el marco de la celebraci\u00f3n del D\u00eda mundial del Medioambiente, nuestros alumnos de primaria realizaron una muestra abierta a las familias del Proyecto \u201cActividades ecol\u00f3gicas y ambientalistas para desarrollar la inteligencia naturalista\u201d. Llevado a cabo con la Profesora de Ciencias Daniela Valecillo. Distintos equipos investigaron, produjeron y presentaron sus trabajos enfocados en la promoci\u00f3n &hellip; Continue reading &quot;D\u00eda del Medio Ambiente &#8211; Feria de Ciencias&quot;\" \/>\n<meta property=\"og:url\" content=\"https:\/\/rosarinos.edu.uy\/index.php\/2023\/06\/07\/dia-del-medio-ambiente-feria-de-ciencias\/\" \/>\n<meta property=\"og:site_name\" content=\"Colegio Nuestra Se\u00f1ora del Rosario\" \/>\n<meta property=\"article:published_time\" content=\"2023-06-07T19:55:42+00:00\" \/>\n<meta property=\"og:image\" content=\"https:\/\/rosarinos.edu.uy\/wp-content\/uploads\/2023\/06\/1.jpg\" \/>\n\t<meta property=\"og:image:width\" content=\"854\" \/>\n\t<meta property=\"og:image:height\" content=\"480\" \/>\n\t<meta property=\"og:image:type\" content=\"image\/jpeg\" \/>\n<meta name=\"author\" content=\"Jos\u00e9 Castro\" \/>\n<meta name=\"twitter:card\" content=\"summary_large_image\" \/>\n<meta name=\"twitter:label1\" content=\"Escrito por\" \/>\n\t<meta name=\"twitter:data1\" content=\"Jos\u00e9 Castro\" \/>\n\t<meta name=\"twitter:label2\" content=\"Tiempo de lectura\" \/>\n\t<meta name=\"twitter:data2\" content=\"2 minutos\" \/>\n<script type=\"application\/ld+json\" class=\"yoast-schema-graph\">{\"@context\":\"https:\\\/\\\/schema.org\",\"@graph\":[{\"@type\":\"Article\",\"@id\":\"https:\\\/\\\/rosarinos.edu.uy\\\/index.php\\\/2023\\\/06\\\/07\\\/dia-del-medio-ambiente-feria-de-ciencias\\\/#article\",\"isPartOf\":{\"@id\":\"https:\\\/\\\/rosarinos.edu.uy\\\/index.php\\\/2023\\\/06\\\/07\\\/dia-del-medio-ambiente-feria-de-ciencias\\\/\"},\"author\":{\"name\":\"Jos\u00e9 Castro\",\"@id\":\"https:\\\/\\\/rosarinos.edu.uy\\\/#\\\/schema\\\/person\\\/1f4852d1637b54b6aaf7c0699ee37537\"},\"headline\":\"D\u00eda del Medio Ambiente &#8211; Feria de Ciencias\",\"datePublished\":\"2023-06-07T19:55:42+00:00\",\"mainEntityOfPage\":{\"@id\":\"https:\\\/\\\/rosarinos.edu.uy\\\/index.php\\\/2023\\\/06\\\/07\\\/dia-del-medio-ambiente-feria-de-ciencias\\\/\"},\"wordCount\":403,\"image\":{\"@id\":\"https:\\\/\\\/rosarinos.edu.uy\\\/index.php\\\/2023\\\/06\\\/07\\\/dia-del-medio-ambiente-feria-de-ciencias\\\/#primaryimage\"},\"thumbnailUrl\":\"https:\\\/\\\/rosarinos.edu.uy\\\/wp-content\\\/uploads\\\/2023\\\/06\\\/1.jpg\",\"articleSection\":[\"Noticias\"],\"inLanguage\":\"es\"},{\"@type\":\"WebPage\",\"@id\":\"https:\\\/\\\/rosarinos.edu.uy\\\/index.php\\\/2023\\\/06\\\/07\\\/dia-del-medio-ambiente-feria-de-ciencias\\\/\",\"url\":\"https:\\\/\\\/rosarinos.edu.uy\\\/index.php\\\/2023\\\/06\\\/07\\\/dia-del-medio-ambiente-feria-de-ciencias\\\/\",\"name\":\"D\u00eda del Medio Ambiente - Feria de Ciencias - Colegio Nuestra Se\u00f1ora del Rosario\",\"isPartOf\":{\"@id\":\"https:\\\/\\\/rosarinos.edu.uy\\\/#website\"},\"primaryImageOfPage\":{\"@id\":\"https:\\\/\\\/rosarinos.edu.uy\\\/index.php\\\/2023\\\/06\\\/07\\\/dia-del-medio-ambiente-feria-de-ciencias\\\/#primaryimage\"},\"image\":{\"@id\":\"https:\\\/\\\/rosarinos.edu.uy\\\/index.php\\\/2023\\\/06\\\/07\\\/dia-del-medio-ambiente-feria-de-ciencias\\\/#primaryimage\"},\"thumbnailUrl\":\"https:\\\/\\\/rosarinos.edu.uy\\\/wp-content\\\/uploads\\\/2023\\\/06\\\/1.jpg\",\"datePublished\":\"2023-06-07T19:55:42+00:00\",\"author\":{\"@id\":\"https:\\\/\\\/rosarinos.edu.uy\\\/#\\\/schema\\\/person\\\/1f4852d1637b54b6aaf7c0699ee37537\"},\"breadcrumb\":{\"@id\":\"https:\\\/\\\/rosarinos.edu.uy\\\/index.php\\\/2023\\\/06\\\/07\\\/dia-del-medio-ambiente-feria-de-ciencias\\\/#breadcrumb\"},\"inLanguage\":\"es\",\"potentialAction\":[{\"@type\":\"ReadAction\",\"target\":[\"https:\\\/\\\/rosarinos.edu.uy\\\/index.php\\\/2023\\\/06\\\/07\\\/dia-del-medio-ambiente-feria-de-ciencias\\\/\"]}]},{\"@type\":\"ImageObject\",\"inLanguage\":\"es\",\"@id\":\"https:\\\/\\\/rosarinos.edu.uy\\\/index.php\\\/2023\\\/06\\\/07\\\/dia-del-medio-ambiente-feria-de-ciencias\\\/#primaryimage\",\"url\":\"https:\\\/\\\/rosarinos.edu.uy\\\/wp-content\\\/uploads\\\/2023\\\/06\\\/1.jpg\",\"contentUrl\":\"https:\\\/\\\/rosarinos.edu.uy\\\/wp-content\\\/uploads\\\/2023\\\/06\\\/1.jpg\",\"width\":854,\"height\":480},{\"@type\":\"BreadcrumbList\",\"@id\":\"https:\\\/\\\/rosarinos.edu.uy\\\/index.php\\\/2023\\\/06\\\/07\\\/dia-del-medio-ambiente-feria-de-ciencias\\\/#breadcrumb\",\"itemListElement\":[{\"@type\":\"ListItem\",\"position\":1,\"name\":\"Home\",\"item\":\"https:\\\/\\\/rosarinos.edu.uy\\\/\"},{\"@type\":\"ListItem\",\"position\":2,\"name\":\"D\u00eda del Medio Ambiente &#8211; Feria de Ciencias\"}]},{\"@type\":\"WebSite\",\"@id\":\"https:\\\/\\\/rosarinos.edu.uy\\\/#website\",\"url\":\"https:\\\/\\\/rosarinos.edu.uy\\\/\",\"name\":\"Colegio Nuestra Se\u00f1ora del Rosario\",\"description\":\"Nuestra identidad como Colegio se compone de la suma de distintos aspectos que nos hacen una instituci\u00f3n educativa con caracter\u00edsticas propias, donde toda la comunidad educativa vive una experiencia \u00fanica.\",\"potentialAction\":[{\"@type\":\"SearchAction\",\"target\":{\"@type\":\"EntryPoint\",\"urlTemplate\":\"https:\\\/\\\/rosarinos.edu.uy\\\/?s={search_term_string}\"},\"query-input\":{\"@type\":\"PropertyValueSpecification\",\"valueRequired\":true,\"valueName\":\"search_term_string\"}}],\"inLanguage\":\"es\"},{\"@type\":\"Person\",\"@id\":\"https:\\\/\\\/rosarinos.edu.uy\\\/#\\\/schema\\\/person\\\/1f4852d1637b54b6aaf7c0699ee37537\",\"name\":\"Jos\u00e9 Castro\",\"url\":\"https:\\\/\\\/rosarinos.edu.uy\\\/index.php\\\/author\\\/jcastro\\\/\"}]}<\/script>\n<!-- \/ Yoast SEO plugin. -->","yoast_head_json":{"title":"D\u00eda del Medio Ambiente - Feria de Ciencias - Colegio Nuestra Se\u00f1ora del Rosario","robots":{"index":"index","follow":"follow","max-snippet":"max-snippet:-1","max-image-preview":"max-image-preview:large","max-video-preview":"max-video-preview:-1"},"canonical":"https:\/\/rosarinos.edu.uy\/index.php\/2023\/06\/07\/dia-del-medio-ambiente-feria-de-ciencias\/","og_locale":"es_ES","og_type":"article","og_title":"D\u00eda del Medio Ambiente - Feria de Ciencias - Colegio Nuestra Se\u00f1ora del Rosario","og_description":"En el marco de la celebraci\u00f3n del D\u00eda mundial del Medioambiente, nuestros alumnos de primaria realizaron una muestra abierta a las familias del Proyecto \u201cActividades ecol\u00f3gicas y ambientalistas para desarrollar la inteligencia naturalista\u201d. Llevado a cabo con la Profesora de Ciencias Daniela Valecillo. Distintos equipos investigaron, produjeron y presentaron sus trabajos enfocados en la promoci\u00f3n &hellip; Continue reading \"D\u00eda del Medio Ambiente &#8211; Feria de Ciencias\"","og_url":"https:\/\/rosarinos.edu.uy\/index.php\/2023\/06\/07\/dia-del-medio-ambiente-feria-de-ciencias\/","og_site_name":"Colegio Nuestra Se\u00f1ora del Rosario","article_published_time":"2023-06-07T19:55:42+00:00","og_image":[{"width":854,"height":480,"url":"https:\/\/rosarinos.edu.uy\/wp-content\/uploads\/2023\/06\/1.jpg","type":"image\/jpeg"}],"author":"Jos\u00e9 Castro","twitter_card":"summary_large_image","twitter_misc":{"Escrito por":"Jos\u00e9 Castro","Tiempo de lectura":"2 minutos"},"schema":{"@context":"https:\/\/schema.org","@graph":[{"@type":"Article","@id":"https:\/\/rosarinos.edu.uy\/index.php\/2023\/06\/07\/dia-del-medio-ambiente-feria-de-ciencias\/#article","isPartOf":{"@id":"https:\/\/rosarinos.edu.uy\/index.php\/2023\/06\/07\/dia-del-medio-ambiente-feria-de-ciencias\/"},"author":{"name":"Jos\u00e9 Castro","@id":"https:\/\/rosarinos.edu.uy\/#\/schema\/person\/1f4852d1637b54b6aaf7c0699ee37537"},"headline":"D\u00eda del Medio Ambiente &#8211; Feria de Ciencias","datePublished":"2023-06-07T19:55:42+00:00","mainEntityOfPage":{"@id":"https:\/\/rosarinos.edu.uy\/index.php\/2023\/06\/07\/dia-del-medio-ambiente-feria-de-ciencias\/"},"wordCount":403,"image":{"@id":"https:\/\/rosarinos.edu.uy\/index.php\/2023\/06\/07\/dia-del-medio-ambiente-feria-de-ciencias\/#primaryimage"},"thumbnailUrl":"https:\/\/rosarinos.edu.uy\/wp-content\/uploads\/2023\/06\/1.jpg","articleSection":["Noticias"],"inLanguage":"es"},{"@type":"WebPage","@id":"https:\/\/rosarinos.edu.uy\/index.php\/2023\/06\/07\/dia-del-medio-ambiente-feria-de-ciencias\/","url":"https:\/\/rosarinos.edu.uy\/index.php\/2023\/06\/07\/dia-del-medio-ambiente-feria-de-ciencias\/","name":"D\u00eda del Medio Ambiente - Feria de Ciencias - Colegio Nuestra Se\u00f1ora del Rosario","isPartOf":{"@id":"https:\/\/rosarinos.edu.uy\/#website"},"primaryImageOfPage":{"@id":"https:\/\/rosarinos.edu.uy\/index.php\/2023\/06\/07\/dia-del-medio-ambiente-feria-de-ciencias\/#primaryimage"},"image":{"@id":"https:\/\/rosarinos.edu.uy\/index.php\/2023\/06\/07\/dia-del-medio-ambiente-feria-de-ciencias\/#primaryimage"},"thumbnailUrl":"https:\/\/rosarinos.edu.uy\/wp-content\/uploads\/2023\/06\/1.jpg","datePublished":"2023-06-07T19:55:42+00:00","author":{"@id":"https:\/\/rosarinos.edu.uy\/#\/schema\/person\/1f4852d1637b54b6aaf7c0699ee37537"},"breadcrumb":{"@id":"https:\/\/rosarinos.edu.uy\/index.php\/2023\/06\/07\/dia-del-medio-ambiente-feria-de-ciencias\/#breadcrumb"},"inLanguage":"es","potentialAction":[{"@type":"ReadAction","target":["https:\/\/rosarinos.edu.uy\/index.php\/2023\/06\/07\/dia-del-medio-ambiente-feria-de-ciencias\/"]}]},{"@type":"ImageObject","inLanguage":"es","@id":"https:\/\/rosarinos.edu.uy\/index.php\/2023\/06\/07\/dia-del-medio-ambiente-feria-de-ciencias\/#primaryimage","url":"https:\/\/rosarinos.edu.uy\/wp-content\/uploads\/2023\/06\/1.jpg","contentUrl":"https:\/\/rosarinos.edu.uy\/wp-content\/uploads\/2023\/06\/1.jpg","width":854,"height":480},{"@type":"BreadcrumbList","@id":"https:\/\/rosarinos.edu.uy\/index.php\/2023\/06\/07\/dia-del-medio-ambiente-feria-de-ciencias\/#breadcrumb","itemListElement":[{"@type":"ListItem","position":1,"name":"Home","item":"https:\/\/rosarinos.edu.uy\/"},{"@type":"ListItem","position":2,"name":"D\u00eda del Medio Ambiente &#8211; Feria de Ciencias"}]},{"@type":"WebSite","@id":"https:\/\/rosarinos.edu.uy\/#website","url":"https:\/\/rosarinos.edu.uy\/","name":"Colegio Nuestra Se\u00f1ora del Rosario","description":"Nuestra identidad como Colegio se compone de la suma de distintos aspectos que nos hacen una instituci\u00f3n educativa con caracter\u00edsticas propias, donde toda la comunidad educativa vive una experiencia \u00fanica.","potentialAction":[{"@type":"SearchAction","target":{"@type":"EntryPoint","urlTemplate":"https:\/\/rosarinos.edu.uy\/?s={search_term_string}"},"query-input":{"@type":"PropertyValueSpecification","valueRequired":true,"valueName":"search_term_string"}}],"inLanguage":"es"},{"@type":"Person","@id":"https:\/\/rosarinos.edu.uy\/#\/schema\/person\/1f4852d1637b54b6aaf7c0699ee37537","name":"Jos\u00e9 Castro","url":"https:\/\/rosarinos.edu.uy\/index.php\/author\/jcastro\/"}]}},"_links":{"self":[{"href":"https:\/\/rosarinos.edu.uy\/index.php\/wp-json\/wp\/v2\/posts\/2342","targetHints":{"allow":["GET"]}}],"collection":[{"href":"https:\/\/rosarinos.edu.uy\/index.php\/wp-json\/wp\/v2\/posts"}],"about":[{"href":"https:\/\/rosarinos.edu.uy\/index.php\/wp-json\/wp\/v2\/types\/post"}],"author":[{"embeddable":true,"href":"https:\/\/rosarinos.edu.uy\/index.php\/wp-json\/wp\/v2\/users\/4"}],"replies":[{"embeddable":true,"href":"https:\/\/rosarinos.edu.uy\/index.php\/wp-json\/wp\/v2\/comments?post=2342"}],"version-history":[{"count":1,"href":"https:\/\/rosarinos.edu.uy\/index.php\/wp-json\/wp\/v2\/posts\/2342\/revisions"}],"predecessor-version":[{"id":2358,"href":"https:\/\/rosarinos.edu.uy\/index.php\/wp-json\/wp\/v2\/posts\/2342\/revisions\/2358"}],"wp:featuredmedia":[{"embeddable":true,"href":"https:\/\/rosarinos.edu.uy\/index.php\/wp-json\/wp\/v2\/media\/2343"}],"wp:attachment":[{"href":"https:\/\/rosarinos.edu.uy\/index.php\/wp-json\/wp\/v2\/media?parent=2342"}],"wp:term":[{"taxonomy":"category","embeddable":true,"href":"https:\/\/rosarinos.edu.uy\/index.php\/wp-json\/wp\/v2\/categories?post=2342"},{"taxonomy":"post_tag","embeddable":true,"href":"https:\/\/rosarinos.edu.uy\/index.php\/wp-json\/wp\/v2\/tags?post=2342"}],"curies":[{"name":"wp","href":"https:\/\/api.w.org\/{rel}","templated":true}]}}