{"id":1462,"date":"2022-04-18T07:26:46","date_gmt":"2022-04-18T10:26:46","guid":{"rendered":"https:\/\/rosarinos.edu.uy\/?p=1462"},"modified":"2022-04-18T07:26:46","modified_gmt":"2022-04-18T10:26:46","slug":"rosarinos-brindara-asesoramiento-estrategico-a-otras-instituciones-educativas-catolicas-del-pais","status":"publish","type":"post","link":"https:\/\/rosarinos.edu.uy\/index.php\/2022\/04\/18\/rosarinos-brindara-asesoramiento-estrategico-a-otras-instituciones-educativas-catolicas-del-pais\/","title":{"rendered":"Rosarinos brindar\u00e1 asesoramiento estrat\u00e9gico a otras instituciones educativas cat\u00f3licas del pa\u00eds"},"content":{"rendered":"<p><span style=\"font-weight: 400;\">En los \u00faltimos meses, ya se cuentan en al menos cinco las organizaciones que brindan educaci\u00f3n formal-cat\u00f3lica en el Uruguay que se han contactado con autoridades del Colegio Nuestra Se\u00f1ora del Rosario a fin de conformar una red de apoyo estrat\u00e9gico que permita a otros colegios del interior del pa\u00eds inspirarse en el proceso de gesti\u00f3n de transformaciones que viene realizando la instituci\u00f3n en Atl\u00e1ntida desde 2019.<\/span><\/p>\n<p><span style=\"font-weight: 400;\">El proceso de transformaciones que viene llevando adelante el Colegio Nuestra Se\u00f1ora del Rosario le ha permitido resignificar la vigencia de su misi\u00f3n, vigorizar su visi\u00f3n y recuperar en 24 meses sus niveles de alumnado en una relaci\u00f3n del 58% con respecto al alumnado de 2020, luego de una ca\u00edda en los a\u00f1os anteriores, posicion\u00e1ndose en un lugar destacado entre los contados colegios privados del pa\u00eds cuyo alumnado ha crecido tanto en 2021 como en 2022.\u00a0 Adem\u00e1s, en comparaci\u00f3n con el punto de inicio de esta nueva gesti\u00f3n, se han incrementado en un 29% las horas de trabajo de todo el equipo humano, al ampliar considerablemente la oferta de cursos y servicios e incorporar una significativa cantidad de nuevos talentos.\u00a0<\/span><\/p>\n<p><span style=\"font-weight: 400;\">Desde hace alg\u00fan tiempo, la coyuntura organizacional externa e interna en la que se encuentran inmersos los colegios privados en el Uruguay se ha tornado cada vez m\u00e1s desafiante, implicando que la sustentabilidad y vigencia de una gran parte de estas instituciones se vea amenazada fuertemente. Una crisis multicausal que en mayor o menor medida ha afectado a todo el sector.<\/span><\/p>\n<p><span style=\"font-weight: 400;\">La educaci\u00f3n privada viene sufriendo el embate de una \u201ctormenta perfecta\u201d en la que se han configurado como adversos casi todos los factores del tipo mercadot\u00e9cnicos, demogr\u00e1ficos, sociales, culturales, econ\u00f3micos, pol\u00edticos, geogr\u00e1ficos, tecnol\u00f3gicos, sanitario-pand\u00e9mico, entre otros.<\/span><\/p>\n<p><span style=\"font-weight: 400;\">Si se tuviera que hacer un \u201ctamizaje r\u00e1pido\u201d de estas instituciones y tomar un \u00fanico indicador como \u201cscreening\u201d de la situaci\u00f3n, se puede ver c\u00f3mo el alumnado del Uruguay que est\u00e1 matriculado en instituciones de educaci\u00f3n formal privada ha ido descendiendo considerablemente y contin\u00faa en esa tendencia. Se cuentan en decenas los casos de instituciones que lamentablemente se resolvieron por cierres totales o parciales o no tuvieron alternativa m\u00e1s que sumarse a absorciones con la consiguiente p\u00e9rdida de identidad y autonom\u00eda que estas conllevan.<\/span><\/p>\n<p><span style=\"font-weight: 400;\">En el tercer trimestre de 2019, luego de no haber estado exento de esta profunda crisis del sector, el Colegio Nuestra Se\u00f1ora del Rosario opt\u00f3 por un camino distinto y no ajeno a las complejidades. Sin embargo, a pesar de los desaf\u00edos que implicaba esa nueva trayectoria, se entendi\u00f3 que val\u00eda la pena recorrerla para evitar, en total contraposici\u00f3n con otros casos similares, un cierre parcial o total, la extinci\u00f3n de su identidad y\/o autonom\u00eda u otros escenarios de repliegue deliberado de posiciones.<\/span><\/p>\n<p><span style=\"font-weight: 400;\">Comenz\u00f3 as\u00ed una gesti\u00f3n en condiciones materiales e inmateriales casi absolutamente adversas y que, adem\u00e1s, como si fuera poco, se encontr\u00f3 con la pandemia por COVID-19 y la consiguiente e impactante suspensi\u00f3n de clases presenciales apenas a los seis meses de comenzado el trabajo. Pacientemente, el nuevo proyecto de gesti\u00f3n fue construyendo apoyos activos en toda la comunidad educativa, orientando las t\u00e9cnicas y el proyecto de centro a la realidad de las necesidades del Siglo XXI y reencontrando a la instituci\u00f3n con sus fortalezas hist\u00f3ricas, su verdadero y m\u00e1s importante capital: la confianza y el sentimiento de pertenencia de sus grupos de inter\u00e9s.<\/span><\/p>\n<p><span style=\"font-weight: 400;\">La historia de cada instituci\u00f3n, como la de un ser vivo, es \u00fanica e irrepetible. Sin perjuicio de ello, el inter\u00e9s que ha despertado la reestructura del Colegio Nuestra Se\u00f1ora del Rosario en instituciones similares del interior del pa\u00eds que se encuentran atravesando per\u00edodos cr\u00edticos, ha llevado a la instituci\u00f3n a finalmente aceptar propuestas de trabajo colaborativo a trav\u00e9s del asesoramiento y consultor\u00eda en \u00e1reas administrativas-mercadot\u00e9cnicas, aprendidas y aplicadas en forma activa en la experiencia rosarina, con un \u00e9nfasis en posicionamiento estrat\u00e9gico, orientaci\u00f3n al cliente, mercadotecnia de servicios, comunicaci\u00f3n estrat\u00e9gica, Net Promoter Score, identidad de marca, mejora continua y gesti\u00f3n del cambio.<\/span><\/p>\n<p><span style=\"font-weight: 400;\">Por m\u00e1s informaci\u00f3n:<\/span><\/p>\n<p><span style=\"font-weight: 400;\">info@rosarinos.edu.uy<\/span><\/p>\n","protected":false},"excerpt":{"rendered":"<p>En los \u00faltimos meses, ya se cuentan en al menos cinco las organizaciones que brindan educaci\u00f3n formal-cat\u00f3lica en el Uruguay que se han contactado con autoridades del Colegio Nuestra Se\u00f1ora del Rosario a fin de conformar una red de apoyo estrat\u00e9gico que permita a otros colegios del interior del pa\u00eds inspirarse en el proceso de &hellip; <a href=\"https:\/\/rosarinos.edu.uy\/index.php\/2022\/04\/18\/rosarinos-brindara-asesoramiento-estrategico-a-otras-instituciones-educativas-catolicas-del-pais\/\" class=\"more-link\">Continue reading<span class=\"screen-reader-text\"> \u00abRosarinos brindar\u00e1 asesoramiento estrat\u00e9gico a otras instituciones educativas cat\u00f3licas del pa\u00eds\u00bb<\/span><\/a><\/p>\n","protected":false},"author":4,"featured_media":1463,"comment_status":"closed","ping_status":"closed","sticky":false,"template":"","format":"standard","meta":{"footnotes":""},"categories":[4],"tags":[],"class_list":["post-1462","post","type-post","status-publish","format-standard","has-post-thumbnail","hentry","category-noticias"],"yoast_head":"<!-- This site is optimized with the Yoast SEO plugin v27.5 - https:\/\/yoast.com\/product\/yoast-seo-wordpress\/ -->\n<title>Rosarinos brindar\u00e1 asesoramiento estrat\u00e9gico a otras instituciones educativas cat\u00f3licas del pa\u00eds - Colegio Nuestra Se\u00f1ora del Rosario<\/title>\n<meta name=\"robots\" content=\"index, follow, max-snippet:-1, max-image-preview:large, max-video-preview:-1\" \/>\n<link rel=\"canonical\" href=\"https:\/\/rosarinos.edu.uy\/index.php\/2022\/04\/18\/rosarinos-brindara-asesoramiento-estrategico-a-otras-instituciones-educativas-catolicas-del-pais\/\" \/>\n<meta property=\"og:locale\" content=\"es_ES\" \/>\n<meta property=\"og:type\" content=\"article\" \/>\n<meta property=\"og:title\" content=\"Rosarinos brindar\u00e1 asesoramiento estrat\u00e9gico a otras instituciones educativas cat\u00f3licas del pa\u00eds - Colegio Nuestra Se\u00f1ora del Rosario\" \/>\n<meta property=\"og:description\" content=\"En los \u00faltimos meses, ya se cuentan en al menos cinco las organizaciones que brindan educaci\u00f3n formal-cat\u00f3lica en el Uruguay que se han contactado con autoridades del Colegio Nuestra Se\u00f1ora del Rosario a fin de conformar una red de apoyo estrat\u00e9gico que permita a otros colegios del interior del pa\u00eds inspirarse en el proceso de &hellip; Continue reading &quot;Rosarinos brindar\u00e1 asesoramiento estrat\u00e9gico a otras instituciones educativas cat\u00f3licas del pa\u00eds&quot;\" \/>\n<meta property=\"og:url\" content=\"https:\/\/rosarinos.edu.uy\/index.php\/2022\/04\/18\/rosarinos-brindara-asesoramiento-estrategico-a-otras-instituciones-educativas-catolicas-del-pais\/\" \/>\n<meta property=\"og:site_name\" content=\"Colegio Nuestra Se\u00f1ora del Rosario\" \/>\n<meta property=\"article:published_time\" content=\"2022-04-18T10:26:46+00:00\" \/>\n<meta property=\"og:image\" content=\"https:\/\/rosarinos.edu.uy\/wp-content\/uploads\/2022\/04\/Rosarinos-asesoramiento.png\" \/>\n\t<meta property=\"og:image:width\" content=\"854\" \/>\n\t<meta property=\"og:image:height\" content=\"480\" \/>\n\t<meta property=\"og:image:type\" content=\"image\/png\" \/>\n<meta name=\"author\" content=\"Jos\u00e9 Castro\" \/>\n<meta name=\"twitter:card\" content=\"summary_large_image\" \/>\n<meta name=\"twitter:label1\" content=\"Escrito por\" \/>\n\t<meta name=\"twitter:data1\" content=\"Jos\u00e9 Castro\" \/>\n\t<meta name=\"twitter:label2\" content=\"Tiempo de lectura\" \/>\n\t<meta name=\"twitter:data2\" content=\"4 minutos\" \/>\n<script type=\"application\/ld+json\" class=\"yoast-schema-graph\">{\"@context\":\"https:\\\/\\\/schema.org\",\"@graph\":[{\"@type\":\"Article\",\"@id\":\"https:\\\/\\\/rosarinos.edu.uy\\\/index.php\\\/2022\\\/04\\\/18\\\/rosarinos-brindara-asesoramiento-estrategico-a-otras-instituciones-educativas-catolicas-del-pais\\\/#article\",\"isPartOf\":{\"@id\":\"https:\\\/\\\/rosarinos.edu.uy\\\/index.php\\\/2022\\\/04\\\/18\\\/rosarinos-brindara-asesoramiento-estrategico-a-otras-instituciones-educativas-catolicas-del-pais\\\/\"},\"author\":{\"name\":\"Jos\u00e9 Castro\",\"@id\":\"https:\\\/\\\/rosarinos.edu.uy\\\/#\\\/schema\\\/person\\\/1f4852d1637b54b6aaf7c0699ee37537\"},\"headline\":\"Rosarinos brindar\u00e1 asesoramiento estrat\u00e9gico a otras instituciones educativas cat\u00f3licas del pa\u00eds\",\"datePublished\":\"2022-04-18T10:26:46+00:00\",\"mainEntityOfPage\":{\"@id\":\"https:\\\/\\\/rosarinos.edu.uy\\\/index.php\\\/2022\\\/04\\\/18\\\/rosarinos-brindara-asesoramiento-estrategico-a-otras-instituciones-educativas-catolicas-del-pais\\\/\"},\"wordCount\":739,\"image\":{\"@id\":\"https:\\\/\\\/rosarinos.edu.uy\\\/index.php\\\/2022\\\/04\\\/18\\\/rosarinos-brindara-asesoramiento-estrategico-a-otras-instituciones-educativas-catolicas-del-pais\\\/#primaryimage\"},\"thumbnailUrl\":\"https:\\\/\\\/rosarinos.edu.uy\\\/wp-content\\\/uploads\\\/2022\\\/04\\\/Rosarinos-asesoramiento.png\",\"articleSection\":[\"Noticias\"],\"inLanguage\":\"es\"},{\"@type\":\"WebPage\",\"@id\":\"https:\\\/\\\/rosarinos.edu.uy\\\/index.php\\\/2022\\\/04\\\/18\\\/rosarinos-brindara-asesoramiento-estrategico-a-otras-instituciones-educativas-catolicas-del-pais\\\/\",\"url\":\"https:\\\/\\\/rosarinos.edu.uy\\\/index.php\\\/2022\\\/04\\\/18\\\/rosarinos-brindara-asesoramiento-estrategico-a-otras-instituciones-educativas-catolicas-del-pais\\\/\",\"name\":\"Rosarinos brindar\u00e1 asesoramiento estrat\u00e9gico a otras instituciones educativas cat\u00f3licas del pa\u00eds - Colegio Nuestra Se\u00f1ora del Rosario\",\"isPartOf\":{\"@id\":\"https:\\\/\\\/rosarinos.edu.uy\\\/#website\"},\"primaryImageOfPage\":{\"@id\":\"https:\\\/\\\/rosarinos.edu.uy\\\/index.php\\\/2022\\\/04\\\/18\\\/rosarinos-brindara-asesoramiento-estrategico-a-otras-instituciones-educativas-catolicas-del-pais\\\/#primaryimage\"},\"image\":{\"@id\":\"https:\\\/\\\/rosarinos.edu.uy\\\/index.php\\\/2022\\\/04\\\/18\\\/rosarinos-brindara-asesoramiento-estrategico-a-otras-instituciones-educativas-catolicas-del-pais\\\/#primaryimage\"},\"thumbnailUrl\":\"https:\\\/\\\/rosarinos.edu.uy\\\/wp-content\\\/uploads\\\/2022\\\/04\\\/Rosarinos-asesoramiento.png\",\"datePublished\":\"2022-04-18T10:26:46+00:00\",\"author\":{\"@id\":\"https:\\\/\\\/rosarinos.edu.uy\\\/#\\\/schema\\\/person\\\/1f4852d1637b54b6aaf7c0699ee37537\"},\"breadcrumb\":{\"@id\":\"https:\\\/\\\/rosarinos.edu.uy\\\/index.php\\\/2022\\\/04\\\/18\\\/rosarinos-brindara-asesoramiento-estrategico-a-otras-instituciones-educativas-catolicas-del-pais\\\/#breadcrumb\"},\"inLanguage\":\"es\",\"potentialAction\":[{\"@type\":\"ReadAction\",\"target\":[\"https:\\\/\\\/rosarinos.edu.uy\\\/index.php\\\/2022\\\/04\\\/18\\\/rosarinos-brindara-asesoramiento-estrategico-a-otras-instituciones-educativas-catolicas-del-pais\\\/\"]}]},{\"@type\":\"ImageObject\",\"inLanguage\":\"es\",\"@id\":\"https:\\\/\\\/rosarinos.edu.uy\\\/index.php\\\/2022\\\/04\\\/18\\\/rosarinos-brindara-asesoramiento-estrategico-a-otras-instituciones-educativas-catolicas-del-pais\\\/#primaryimage\",\"url\":\"https:\\\/\\\/rosarinos.edu.uy\\\/wp-content\\\/uploads\\\/2022\\\/04\\\/Rosarinos-asesoramiento.png\",\"contentUrl\":\"https:\\\/\\\/rosarinos.edu.uy\\\/wp-content\\\/uploads\\\/2022\\\/04\\\/Rosarinos-asesoramiento.png\",\"width\":854,\"height\":480},{\"@type\":\"BreadcrumbList\",\"@id\":\"https:\\\/\\\/rosarinos.edu.uy\\\/index.php\\\/2022\\\/04\\\/18\\\/rosarinos-brindara-asesoramiento-estrategico-a-otras-instituciones-educativas-catolicas-del-pais\\\/#breadcrumb\",\"itemListElement\":[{\"@type\":\"ListItem\",\"position\":1,\"name\":\"Home\",\"item\":\"https:\\\/\\\/rosarinos.edu.uy\\\/\"},{\"@type\":\"ListItem\",\"position\":2,\"name\":\"Rosarinos brindar\u00e1 asesoramiento estrat\u00e9gico a otras instituciones educativas cat\u00f3licas del pa\u00eds\"}]},{\"@type\":\"WebSite\",\"@id\":\"https:\\\/\\\/rosarinos.edu.uy\\\/#website\",\"url\":\"https:\\\/\\\/rosarinos.edu.uy\\\/\",\"name\":\"Colegio Nuestra Se\u00f1ora del Rosario\",\"description\":\"Nuestra identidad como Colegio se compone de la suma de distintos aspectos que nos hacen una instituci\u00f3n educativa con caracter\u00edsticas propias, donde toda la comunidad educativa vive una experiencia \u00fanica.\",\"potentialAction\":[{\"@type\":\"SearchAction\",\"target\":{\"@type\":\"EntryPoint\",\"urlTemplate\":\"https:\\\/\\\/rosarinos.edu.uy\\\/?s={search_term_string}\"},\"query-input\":{\"@type\":\"PropertyValueSpecification\",\"valueRequired\":true,\"valueName\":\"search_term_string\"}}],\"inLanguage\":\"es\"},{\"@type\":\"Person\",\"@id\":\"https:\\\/\\\/rosarinos.edu.uy\\\/#\\\/schema\\\/person\\\/1f4852d1637b54b6aaf7c0699ee37537\",\"name\":\"Jos\u00e9 Castro\",\"url\":\"https:\\\/\\\/rosarinos.edu.uy\\\/index.php\\\/author\\\/jcastro\\\/\"}]}<\/script>\n<!-- \/ Yoast SEO plugin. -->","yoast_head_json":{"title":"Rosarinos brindar\u00e1 asesoramiento estrat\u00e9gico a otras instituciones educativas cat\u00f3licas del pa\u00eds - Colegio Nuestra Se\u00f1ora del Rosario","robots":{"index":"index","follow":"follow","max-snippet":"max-snippet:-1","max-image-preview":"max-image-preview:large","max-video-preview":"max-video-preview:-1"},"canonical":"https:\/\/rosarinos.edu.uy\/index.php\/2022\/04\/18\/rosarinos-brindara-asesoramiento-estrategico-a-otras-instituciones-educativas-catolicas-del-pais\/","og_locale":"es_ES","og_type":"article","og_title":"Rosarinos brindar\u00e1 asesoramiento estrat\u00e9gico a otras instituciones educativas cat\u00f3licas del pa\u00eds - Colegio Nuestra Se\u00f1ora del Rosario","og_description":"En los \u00faltimos meses, ya se cuentan en al menos cinco las organizaciones que brindan educaci\u00f3n formal-cat\u00f3lica en el Uruguay que se han contactado con autoridades del Colegio Nuestra Se\u00f1ora del Rosario a fin de conformar una red de apoyo estrat\u00e9gico que permita a otros colegios del interior del pa\u00eds inspirarse en el proceso de &hellip; Continue reading \"Rosarinos brindar\u00e1 asesoramiento estrat\u00e9gico a otras instituciones educativas cat\u00f3licas del pa\u00eds\"","og_url":"https:\/\/rosarinos.edu.uy\/index.php\/2022\/04\/18\/rosarinos-brindara-asesoramiento-estrategico-a-otras-instituciones-educativas-catolicas-del-pais\/","og_site_name":"Colegio Nuestra Se\u00f1ora del Rosario","article_published_time":"2022-04-18T10:26:46+00:00","og_image":[{"width":854,"height":480,"url":"https:\/\/rosarinos.edu.uy\/wp-content\/uploads\/2022\/04\/Rosarinos-asesoramiento.png","type":"image\/png"}],"author":"Jos\u00e9 Castro","twitter_card":"summary_large_image","twitter_misc":{"Escrito por":"Jos\u00e9 Castro","Tiempo de lectura":"4 minutos"},"schema":{"@context":"https:\/\/schema.org","@graph":[{"@type":"Article","@id":"https:\/\/rosarinos.edu.uy\/index.php\/2022\/04\/18\/rosarinos-brindara-asesoramiento-estrategico-a-otras-instituciones-educativas-catolicas-del-pais\/#article","isPartOf":{"@id":"https:\/\/rosarinos.edu.uy\/index.php\/2022\/04\/18\/rosarinos-brindara-asesoramiento-estrategico-a-otras-instituciones-educativas-catolicas-del-pais\/"},"author":{"name":"Jos\u00e9 Castro","@id":"https:\/\/rosarinos.edu.uy\/#\/schema\/person\/1f4852d1637b54b6aaf7c0699ee37537"},"headline":"Rosarinos brindar\u00e1 asesoramiento estrat\u00e9gico a otras instituciones educativas cat\u00f3licas del pa\u00eds","datePublished":"2022-04-18T10:26:46+00:00","mainEntityOfPage":{"@id":"https:\/\/rosarinos.edu.uy\/index.php\/2022\/04\/18\/rosarinos-brindara-asesoramiento-estrategico-a-otras-instituciones-educativas-catolicas-del-pais\/"},"wordCount":739,"image":{"@id":"https:\/\/rosarinos.edu.uy\/index.php\/2022\/04\/18\/rosarinos-brindara-asesoramiento-estrategico-a-otras-instituciones-educativas-catolicas-del-pais\/#primaryimage"},"thumbnailUrl":"https:\/\/rosarinos.edu.uy\/wp-content\/uploads\/2022\/04\/Rosarinos-asesoramiento.png","articleSection":["Noticias"],"inLanguage":"es"},{"@type":"WebPage","@id":"https:\/\/rosarinos.edu.uy\/index.php\/2022\/04\/18\/rosarinos-brindara-asesoramiento-estrategico-a-otras-instituciones-educativas-catolicas-del-pais\/","url":"https:\/\/rosarinos.edu.uy\/index.php\/2022\/04\/18\/rosarinos-brindara-asesoramiento-estrategico-a-otras-instituciones-educativas-catolicas-del-pais\/","name":"Rosarinos brindar\u00e1 asesoramiento estrat\u00e9gico a otras instituciones educativas cat\u00f3licas del pa\u00eds - Colegio Nuestra Se\u00f1ora del Rosario","isPartOf":{"@id":"https:\/\/rosarinos.edu.uy\/#website"},"primaryImageOfPage":{"@id":"https:\/\/rosarinos.edu.uy\/index.php\/2022\/04\/18\/rosarinos-brindara-asesoramiento-estrategico-a-otras-instituciones-educativas-catolicas-del-pais\/#primaryimage"},"image":{"@id":"https:\/\/rosarinos.edu.uy\/index.php\/2022\/04\/18\/rosarinos-brindara-asesoramiento-estrategico-a-otras-instituciones-educativas-catolicas-del-pais\/#primaryimage"},"thumbnailUrl":"https:\/\/rosarinos.edu.uy\/wp-content\/uploads\/2022\/04\/Rosarinos-asesoramiento.png","datePublished":"2022-04-18T10:26:46+00:00","author":{"@id":"https:\/\/rosarinos.edu.uy\/#\/schema\/person\/1f4852d1637b54b6aaf7c0699ee37537"},"breadcrumb":{"@id":"https:\/\/rosarinos.edu.uy\/index.php\/2022\/04\/18\/rosarinos-brindara-asesoramiento-estrategico-a-otras-instituciones-educativas-catolicas-del-pais\/#breadcrumb"},"inLanguage":"es","potentialAction":[{"@type":"ReadAction","target":["https:\/\/rosarinos.edu.uy\/index.php\/2022\/04\/18\/rosarinos-brindara-asesoramiento-estrategico-a-otras-instituciones-educativas-catolicas-del-pais\/"]}]},{"@type":"ImageObject","inLanguage":"es","@id":"https:\/\/rosarinos.edu.uy\/index.php\/2022\/04\/18\/rosarinos-brindara-asesoramiento-estrategico-a-otras-instituciones-educativas-catolicas-del-pais\/#primaryimage","url":"https:\/\/rosarinos.edu.uy\/wp-content\/uploads\/2022\/04\/Rosarinos-asesoramiento.png","contentUrl":"https:\/\/rosarinos.edu.uy\/wp-content\/uploads\/2022\/04\/Rosarinos-asesoramiento.png","width":854,"height":480},{"@type":"BreadcrumbList","@id":"https:\/\/rosarinos.edu.uy\/index.php\/2022\/04\/18\/rosarinos-brindara-asesoramiento-estrategico-a-otras-instituciones-educativas-catolicas-del-pais\/#breadcrumb","itemListElement":[{"@type":"ListItem","position":1,"name":"Home","item":"https:\/\/rosarinos.edu.uy\/"},{"@type":"ListItem","position":2,"name":"Rosarinos brindar\u00e1 asesoramiento estrat\u00e9gico a otras instituciones educativas cat\u00f3licas del pa\u00eds"}]},{"@type":"WebSite","@id":"https:\/\/rosarinos.edu.uy\/#website","url":"https:\/\/rosarinos.edu.uy\/","name":"Colegio Nuestra Se\u00f1ora del Rosario","description":"Nuestra identidad como Colegio se compone de la suma de distintos aspectos que nos hacen una instituci\u00f3n educativa con caracter\u00edsticas propias, donde toda la comunidad educativa vive una experiencia \u00fanica.","potentialAction":[{"@type":"SearchAction","target":{"@type":"EntryPoint","urlTemplate":"https:\/\/rosarinos.edu.uy\/?s={search_term_string}"},"query-input":{"@type":"PropertyValueSpecification","valueRequired":true,"valueName":"search_term_string"}}],"inLanguage":"es"},{"@type":"Person","@id":"https:\/\/rosarinos.edu.uy\/#\/schema\/person\/1f4852d1637b54b6aaf7c0699ee37537","name":"Jos\u00e9 Castro","url":"https:\/\/rosarinos.edu.uy\/index.php\/author\/jcastro\/"}]}},"_links":{"self":[{"href":"https:\/\/rosarinos.edu.uy\/index.php\/wp-json\/wp\/v2\/posts\/1462","targetHints":{"allow":["GET"]}}],"collection":[{"href":"https:\/\/rosarinos.edu.uy\/index.php\/wp-json\/wp\/v2\/posts"}],"about":[{"href":"https:\/\/rosarinos.edu.uy\/index.php\/wp-json\/wp\/v2\/types\/post"}],"author":[{"embeddable":true,"href":"https:\/\/rosarinos.edu.uy\/index.php\/wp-json\/wp\/v2\/users\/4"}],"replies":[{"embeddable":true,"href":"https:\/\/rosarinos.edu.uy\/index.php\/wp-json\/wp\/v2\/comments?post=1462"}],"version-history":[{"count":10,"href":"https:\/\/rosarinos.edu.uy\/index.php\/wp-json\/wp\/v2\/posts\/1462\/revisions"}],"predecessor-version":[{"id":1473,"href":"https:\/\/rosarinos.edu.uy\/index.php\/wp-json\/wp\/v2\/posts\/1462\/revisions\/1473"}],"wp:featuredmedia":[{"embeddable":true,"href":"https:\/\/rosarinos.edu.uy\/index.php\/wp-json\/wp\/v2\/media\/1463"}],"wp:attachment":[{"href":"https:\/\/rosarinos.edu.uy\/index.php\/wp-json\/wp\/v2\/media?parent=1462"}],"wp:term":[{"taxonomy":"category","embeddable":true,"href":"https:\/\/rosarinos.edu.uy\/index.php\/wp-json\/wp\/v2\/categories?post=1462"},{"taxonomy":"post_tag","embeddable":true,"href":"https:\/\/rosarinos.edu.uy\/index.php\/wp-json\/wp\/v2\/tags?post=1462"}],"curies":[{"name":"wp","href":"https:\/\/api.w.org\/{rel}","templated":true}]}}