{"id":1343,"date":"2022-02-15T14:25:51","date_gmt":"2022-02-15T17:25:51","guid":{"rendered":"https:\/\/rosarinos.edu.uy\/?p=1343"},"modified":"2022-02-16T10:27:25","modified_gmt":"2022-02-16T13:27:25","slug":"calendario-de-inicio-de-ano-lectivo-2022","status":"publish","type":"post","link":"https:\/\/rosarinos.edu.uy\/index.php\/2022\/02\/15\/calendario-de-inicio-de-ano-lectivo-2022\/","title":{"rendered":"Calendario de inicio de a\u00f1o lectivo 2022"},"content":{"rendered":"<p><b>EVENTOS INSTITUCIONALES DE FEBRERO\u00a0<\/b><\/p>\n<p><span style=\"font-weight: 400;\">Reuni\u00f3n con familias 1\u00ba Ciclo B\u00e1sico &#8211; Lunes 21\u00a0 8:30 h<\/span><\/p>\n<p><span style=\"font-weight: 400;\">Reuni\u00f3n con familias inicial 2- Lunes 21\u00a0 10:30 h<\/span><\/p>\n<p><span style=\"font-weight: 400;\">Reuni\u00f3n con familias 1\u00ba primaria- Lunes 21 15:30 h<\/span><\/p>\n<p><span style=\"font-weight: 400;\">Reuni\u00f3n con familias 2\u00ba y 3\u00ba Ciclo B\u00e1sico &#8211; Martes 22\u00a0 8:30 h<\/span><\/p>\n<p><span style=\"font-weight: 400;\">Reuni\u00f3n con familias inicial 3- Martes 22\u00a0 10:30 h<\/span><\/p>\n<p><span style=\"font-weight: 400;\">Reuni\u00f3n con familias 2\u00ba Primaria- Martes 22\u00a0 15:30 h<\/span><\/p>\n<p><span style=\"font-weight: 400;\">Reuni\u00f3n con familias 1\u00ba Bachillerato (4to A\u00f1o Liceo) &#8211; Mi\u00e9rcoles 23\u00a0 8:30 h<\/span><\/p>\n<p><span style=\"font-weight: 400;\">Reuni\u00f3n con familias inicial 4- Mi\u00e9rcoles 23\u00a0 10:30 h<\/span><\/p>\n<p><span style=\"font-weight: 400;\">Reuni\u00f3n con familias 3\u00ba Primaria- Mi\u00e9rcoles 23\u00a0 14:30 h<\/span><\/p>\n<p><span style=\"font-weight: 400;\">Reuni\u00f3n con familias 4\u00ba Primaria- Mi\u00e9rcoles 23\u00a0 15:30 h<\/span><\/p>\n<p><span style=\"font-weight: 400;\">Reuni\u00f3n con familias inicial 5- Jueves 24\u00a0 10:30 h<\/span><\/p>\n<p><span style=\"font-weight: 400;\">Reuni\u00f3n con familias 5\u00ba Primaria- Jueves 24\u00a0 14:30 h<\/span><\/p>\n<p><span style=\"font-weight: 400;\">Reuni\u00f3n con familias 6\u00ba Primaria- Jueves 24\u00a0 15:30 h<\/span><\/p>\n<h5>Prueba diagn\u00f3stico de ingl\u00e9s (obligatoria) &#8211; Viernes 25 de febrero &#8211; 08:00 h &#8211; (Es para todos aquellos alumnos de EDUCACI\u00d3N SECUNDARIA que no hayan dado examen de ingl\u00e9s de International House en el Colegio).<\/h5>\n<p>&nbsp;<\/p>\n<p><b>EVENTOS INSTITUCIONALES DE MARZO<\/b><\/p>\n<p><span style=\"font-weight: 400;\">Carnaval &#8211; Martes 1\u00a0<\/span><\/p>\n<p><strong>Jornada de integraci\u00f3n nivel inicial &#8211; Jueves 3\u00a0 9:00 h<\/strong><\/p>\n<p><strong>Jornada de integraci\u00f3n 1\u00ba primaria &#8211; Jueves 3\u00a0 16:00 h<\/strong><\/p>\n<p><strong>Jornada de integraci\u00f3n 1\u00ba Ciclo B\u00e1sico &#8211; Viernes 4\u00a0 9:00 h<\/strong><\/p>\n<h5><\/h5>\n<h5><span style=\"font-weight: 400;\">Comienzo de clases Secundaria- Lunes 7\u00a0 8:00 h<\/span><\/h5>\n<h5><span style=\"font-weight: 400;\">Comienzo de clases Inicial y Primaria &#8211; Lunes 7\u00a0 13:00 h<\/span><\/h5>\n<h5><span style=\"font-weight: 400;\">Comienzo de clases extracurriculares Inicial y Primaria &#8211; Martes 8\u00a0 9:00 h<\/span><\/h5>\n<p>&nbsp;<\/p>\n<p>Links de inter\u00e9s:<\/p>\n<p><a href=\"https:\/\/rosarinos.edu.uy\/index.php\/listas-de-materiales\/\">Lista de materiales 2022<\/a><\/p>\n<p><a href=\"https:\/\/rosarinos.edu.uy\/index.php\/uniforme\/\">Uniforme 2022<\/a><\/p>\n<p>&nbsp;<\/p>\n<p><img loading=\"lazy\" decoding=\"async\" class=\"alignnone size-large wp-image-1352\" src=\"https:\/\/rosarinos.edu.uy\/wp-content\/uploads\/2022\/02\/eventos-institucionales-Nuestra-senora-del-rosario-3-840x473.png\" alt=\"\" width=\"840\" height=\"473\" srcset=\"https:\/\/rosarinos.edu.uy\/wp-content\/uploads\/2022\/02\/eventos-institucionales-Nuestra-senora-del-rosario-3-840x473.png 840w, https:\/\/rosarinos.edu.uy\/wp-content\/uploads\/2022\/02\/eventos-institucionales-Nuestra-senora-del-rosario-3-300x169.png 300w, https:\/\/rosarinos.edu.uy\/wp-content\/uploads\/2022\/02\/eventos-institucionales-Nuestra-senora-del-rosario-3-768x432.png 768w, https:\/\/rosarinos.edu.uy\/wp-content\/uploads\/2022\/02\/eventos-institucionales-Nuestra-senora-del-rosario-3-1536x864.png 1536w, https:\/\/rosarinos.edu.uy\/wp-content\/uploads\/2022\/02\/eventos-institucionales-Nuestra-senora-del-rosario-3-1200x675.png 1200w, https:\/\/rosarinos.edu.uy\/wp-content\/uploads\/2022\/02\/eventos-institucionales-Nuestra-senora-del-rosario-3.png 1920w\" sizes=\"auto, (max-width: 709px) 85vw, (max-width: 909px) 67vw, (max-width: 1362px) 62vw, 840px\" \/><\/p>\n<p>&nbsp;<\/p>\n<p><img loading=\"lazy\" decoding=\"async\" class=\"alignnone size-large wp-image-1349\" src=\"https:\/\/rosarinos.edu.uy\/wp-content\/uploads\/2022\/02\/WhatsApp-Image-2022-02-09-at-3.23.25-PM-840x473.jpeg\" alt=\"\" width=\"840\" height=\"473\" srcset=\"https:\/\/rosarinos.edu.uy\/wp-content\/uploads\/2022\/02\/WhatsApp-Image-2022-02-09-at-3.23.25-PM-840x473.jpeg 840w, https:\/\/rosarinos.edu.uy\/wp-content\/uploads\/2022\/02\/WhatsApp-Image-2022-02-09-at-3.23.25-PM-300x169.jpeg 300w, https:\/\/rosarinos.edu.uy\/wp-content\/uploads\/2022\/02\/WhatsApp-Image-2022-02-09-at-3.23.25-PM-768x432.jpeg 768w, https:\/\/rosarinos.edu.uy\/wp-content\/uploads\/2022\/02\/WhatsApp-Image-2022-02-09-at-3.23.25-PM-1536x864.jpeg 1536w, https:\/\/rosarinos.edu.uy\/wp-content\/uploads\/2022\/02\/WhatsApp-Image-2022-02-09-at-3.23.25-PM-1200x675.jpeg 1200w, https:\/\/rosarinos.edu.uy\/wp-content\/uploads\/2022\/02\/WhatsApp-Image-2022-02-09-at-3.23.25-PM.jpeg 1600w\" sizes=\"auto, (max-width: 709px) 85vw, (max-width: 909px) 67vw, (max-width: 1362px) 62vw, 840px\" \/><\/p>\n","protected":false},"excerpt":{"rendered":"<p>EVENTOS INSTITUCIONALES DE FEBRERO\u00a0 Reuni\u00f3n con familias 1\u00ba Ciclo B\u00e1sico &#8211; Lunes 21\u00a0 8:30 h Reuni\u00f3n con familias inicial 2- Lunes 21\u00a0 10:30 h Reuni\u00f3n con familias 1\u00ba primaria- Lunes 21 15:30 h Reuni\u00f3n con familias 2\u00ba y 3\u00ba Ciclo B\u00e1sico &#8211; Martes 22\u00a0 8:30 h Reuni\u00f3n con familias inicial 3- Martes 22\u00a0 10:30 h &hellip; <a href=\"https:\/\/rosarinos.edu.uy\/index.php\/2022\/02\/15\/calendario-de-inicio-de-ano-lectivo-2022\/\" class=\"more-link\">Continue reading<span class=\"screen-reader-text\"> \u00abCalendario de inicio de a\u00f1o lectivo 2022\u00bb<\/span><\/a><\/p>\n","protected":false},"author":4,"featured_media":1345,"comment_status":"closed","ping_status":"closed","sticky":false,"template":"","format":"standard","meta":{"footnotes":""},"categories":[4],"tags":[],"class_list":["post-1343","post","type-post","status-publish","format-standard","has-post-thumbnail","hentry","category-noticias"],"yoast_head":"<!-- This site is optimized with the Yoast SEO plugin v27.5 - https:\/\/yoast.com\/product\/yoast-seo-wordpress\/ -->\n<title>Calendario de inicio de a\u00f1o lectivo 2022 - Colegio Nuestra Se\u00f1ora del Rosario<\/title>\n<meta name=\"robots\" content=\"index, follow, max-snippet:-1, max-image-preview:large, max-video-preview:-1\" \/>\n<link rel=\"canonical\" href=\"https:\/\/rosarinos.edu.uy\/index.php\/2022\/02\/15\/calendario-de-inicio-de-ano-lectivo-2022\/\" \/>\n<meta property=\"og:locale\" content=\"es_ES\" \/>\n<meta property=\"og:type\" content=\"article\" \/>\n<meta property=\"og:title\" content=\"Calendario de inicio de a\u00f1o lectivo 2022 - Colegio Nuestra Se\u00f1ora del Rosario\" \/>\n<meta property=\"og:description\" content=\"EVENTOS INSTITUCIONALES DE FEBRERO\u00a0 Reuni\u00f3n con familias 1\u00ba Ciclo B\u00e1sico &#8211; Lunes 21\u00a0 8:30 h Reuni\u00f3n con familias inicial 2- Lunes 21\u00a0 10:30 h Reuni\u00f3n con familias 1\u00ba primaria- Lunes 21 15:30 h Reuni\u00f3n con familias 2\u00ba y 3\u00ba Ciclo B\u00e1sico &#8211; Martes 22\u00a0 8:30 h Reuni\u00f3n con familias inicial 3- Martes 22\u00a0 10:30 h &hellip; Continue reading &quot;Calendario de inicio de a\u00f1o lectivo 2022&quot;\" \/>\n<meta property=\"og:url\" content=\"https:\/\/rosarinos.edu.uy\/index.php\/2022\/02\/15\/calendario-de-inicio-de-ano-lectivo-2022\/\" \/>\n<meta property=\"og:site_name\" content=\"Colegio Nuestra Se\u00f1ora del Rosario\" \/>\n<meta property=\"article:published_time\" content=\"2022-02-15T17:25:51+00:00\" \/>\n<meta property=\"article:modified_time\" content=\"2022-02-16T13:27:25+00:00\" \/>\n<meta property=\"og:image\" content=\"https:\/\/rosarinos.edu.uy\/wp-content\/uploads\/2022\/02\/Educacion-Inicial-Primaria-y-Secundaria-854-x-480-px.png\" \/>\n\t<meta property=\"og:image:width\" content=\"854\" \/>\n\t<meta property=\"og:image:height\" content=\"480\" \/>\n\t<meta property=\"og:image:type\" content=\"image\/png\" \/>\n<meta name=\"author\" content=\"Jos\u00e9 Castro\" \/>\n<meta name=\"twitter:card\" content=\"summary_large_image\" \/>\n<meta name=\"twitter:label1\" content=\"Escrito por\" \/>\n\t<meta name=\"twitter:data1\" content=\"Jos\u00e9 Castro\" \/>\n\t<meta name=\"twitter:label2\" content=\"Tiempo de lectura\" \/>\n\t<meta name=\"twitter:data2\" content=\"2 minutos\" \/>\n<script type=\"application\/ld+json\" class=\"yoast-schema-graph\">{\"@context\":\"https:\\\/\\\/schema.org\",\"@graph\":[{\"@type\":\"Article\",\"@id\":\"https:\\\/\\\/rosarinos.edu.uy\\\/index.php\\\/2022\\\/02\\\/15\\\/calendario-de-inicio-de-ano-lectivo-2022\\\/#article\",\"isPartOf\":{\"@id\":\"https:\\\/\\\/rosarinos.edu.uy\\\/index.php\\\/2022\\\/02\\\/15\\\/calendario-de-inicio-de-ano-lectivo-2022\\\/\"},\"author\":{\"name\":\"Jos\u00e9 Castro\",\"@id\":\"https:\\\/\\\/rosarinos.edu.uy\\\/#\\\/schema\\\/person\\\/1f4852d1637b54b6aaf7c0699ee37537\"},\"headline\":\"Calendario de inicio de a\u00f1o lectivo 2022\",\"datePublished\":\"2022-02-15T17:25:51+00:00\",\"dateModified\":\"2022-02-16T13:27:25+00:00\",\"mainEntityOfPage\":{\"@id\":\"https:\\\/\\\/rosarinos.edu.uy\\\/index.php\\\/2022\\\/02\\\/15\\\/calendario-de-inicio-de-ano-lectivo-2022\\\/\"},\"wordCount\":230,\"image\":{\"@id\":\"https:\\\/\\\/rosarinos.edu.uy\\\/index.php\\\/2022\\\/02\\\/15\\\/calendario-de-inicio-de-ano-lectivo-2022\\\/#primaryimage\"},\"thumbnailUrl\":\"https:\\\/\\\/rosarinos.edu.uy\\\/wp-content\\\/uploads\\\/2022\\\/02\\\/Educacion-Inicial-Primaria-y-Secundaria-854-x-480-px.png\",\"articleSection\":[\"Noticias\"],\"inLanguage\":\"es\"},{\"@type\":\"WebPage\",\"@id\":\"https:\\\/\\\/rosarinos.edu.uy\\\/index.php\\\/2022\\\/02\\\/15\\\/calendario-de-inicio-de-ano-lectivo-2022\\\/\",\"url\":\"https:\\\/\\\/rosarinos.edu.uy\\\/index.php\\\/2022\\\/02\\\/15\\\/calendario-de-inicio-de-ano-lectivo-2022\\\/\",\"name\":\"Calendario de inicio de a\u00f1o lectivo 2022 - Colegio Nuestra Se\u00f1ora del Rosario\",\"isPartOf\":{\"@id\":\"https:\\\/\\\/rosarinos.edu.uy\\\/#website\"},\"primaryImageOfPage\":{\"@id\":\"https:\\\/\\\/rosarinos.edu.uy\\\/index.php\\\/2022\\\/02\\\/15\\\/calendario-de-inicio-de-ano-lectivo-2022\\\/#primaryimage\"},\"image\":{\"@id\":\"https:\\\/\\\/rosarinos.edu.uy\\\/index.php\\\/2022\\\/02\\\/15\\\/calendario-de-inicio-de-ano-lectivo-2022\\\/#primaryimage\"},\"thumbnailUrl\":\"https:\\\/\\\/rosarinos.edu.uy\\\/wp-content\\\/uploads\\\/2022\\\/02\\\/Educacion-Inicial-Primaria-y-Secundaria-854-x-480-px.png\",\"datePublished\":\"2022-02-15T17:25:51+00:00\",\"dateModified\":\"2022-02-16T13:27:25+00:00\",\"author\":{\"@id\":\"https:\\\/\\\/rosarinos.edu.uy\\\/#\\\/schema\\\/person\\\/1f4852d1637b54b6aaf7c0699ee37537\"},\"breadcrumb\":{\"@id\":\"https:\\\/\\\/rosarinos.edu.uy\\\/index.php\\\/2022\\\/02\\\/15\\\/calendario-de-inicio-de-ano-lectivo-2022\\\/#breadcrumb\"},\"inLanguage\":\"es\",\"potentialAction\":[{\"@type\":\"ReadAction\",\"target\":[\"https:\\\/\\\/rosarinos.edu.uy\\\/index.php\\\/2022\\\/02\\\/15\\\/calendario-de-inicio-de-ano-lectivo-2022\\\/\"]}]},{\"@type\":\"ImageObject\",\"inLanguage\":\"es\",\"@id\":\"https:\\\/\\\/rosarinos.edu.uy\\\/index.php\\\/2022\\\/02\\\/15\\\/calendario-de-inicio-de-ano-lectivo-2022\\\/#primaryimage\",\"url\":\"https:\\\/\\\/rosarinos.edu.uy\\\/wp-content\\\/uploads\\\/2022\\\/02\\\/Educacion-Inicial-Primaria-y-Secundaria-854-x-480-px.png\",\"contentUrl\":\"https:\\\/\\\/rosarinos.edu.uy\\\/wp-content\\\/uploads\\\/2022\\\/02\\\/Educacion-Inicial-Primaria-y-Secundaria-854-x-480-px.png\",\"width\":854,\"height\":480},{\"@type\":\"BreadcrumbList\",\"@id\":\"https:\\\/\\\/rosarinos.edu.uy\\\/index.php\\\/2022\\\/02\\\/15\\\/calendario-de-inicio-de-ano-lectivo-2022\\\/#breadcrumb\",\"itemListElement\":[{\"@type\":\"ListItem\",\"position\":1,\"name\":\"Home\",\"item\":\"https:\\\/\\\/rosarinos.edu.uy\\\/\"},{\"@type\":\"ListItem\",\"position\":2,\"name\":\"Calendario de inicio de a\u00f1o lectivo 2022\"}]},{\"@type\":\"WebSite\",\"@id\":\"https:\\\/\\\/rosarinos.edu.uy\\\/#website\",\"url\":\"https:\\\/\\\/rosarinos.edu.uy\\\/\",\"name\":\"Colegio Nuestra Se\u00f1ora del Rosario\",\"description\":\"Nuestra identidad como Colegio se compone de la suma de distintos aspectos que nos hacen una instituci\u00f3n educativa con caracter\u00edsticas propias, donde toda la comunidad educativa vive una experiencia \u00fanica.\",\"potentialAction\":[{\"@type\":\"SearchAction\",\"target\":{\"@type\":\"EntryPoint\",\"urlTemplate\":\"https:\\\/\\\/rosarinos.edu.uy\\\/?s={search_term_string}\"},\"query-input\":{\"@type\":\"PropertyValueSpecification\",\"valueRequired\":true,\"valueName\":\"search_term_string\"}}],\"inLanguage\":\"es\"},{\"@type\":\"Person\",\"@id\":\"https:\\\/\\\/rosarinos.edu.uy\\\/#\\\/schema\\\/person\\\/1f4852d1637b54b6aaf7c0699ee37537\",\"name\":\"Jos\u00e9 Castro\",\"url\":\"https:\\\/\\\/rosarinos.edu.uy\\\/index.php\\\/author\\\/jcastro\\\/\"}]}<\/script>\n<!-- \/ Yoast SEO plugin. -->","yoast_head_json":{"title":"Calendario de inicio de a\u00f1o lectivo 2022 - Colegio Nuestra Se\u00f1ora del Rosario","robots":{"index":"index","follow":"follow","max-snippet":"max-snippet:-1","max-image-preview":"max-image-preview:large","max-video-preview":"max-video-preview:-1"},"canonical":"https:\/\/rosarinos.edu.uy\/index.php\/2022\/02\/15\/calendario-de-inicio-de-ano-lectivo-2022\/","og_locale":"es_ES","og_type":"article","og_title":"Calendario de inicio de a\u00f1o lectivo 2022 - Colegio Nuestra Se\u00f1ora del Rosario","og_description":"EVENTOS INSTITUCIONALES DE FEBRERO\u00a0 Reuni\u00f3n con familias 1\u00ba Ciclo B\u00e1sico &#8211; Lunes 21\u00a0 8:30 h Reuni\u00f3n con familias inicial 2- Lunes 21\u00a0 10:30 h Reuni\u00f3n con familias 1\u00ba primaria- Lunes 21 15:30 h Reuni\u00f3n con familias 2\u00ba y 3\u00ba Ciclo B\u00e1sico &#8211; Martes 22\u00a0 8:30 h Reuni\u00f3n con familias inicial 3- Martes 22\u00a0 10:30 h &hellip; Continue reading \"Calendario de inicio de a\u00f1o lectivo 2022\"","og_url":"https:\/\/rosarinos.edu.uy\/index.php\/2022\/02\/15\/calendario-de-inicio-de-ano-lectivo-2022\/","og_site_name":"Colegio Nuestra Se\u00f1ora del Rosario","article_published_time":"2022-02-15T17:25:51+00:00","article_modified_time":"2022-02-16T13:27:25+00:00","og_image":[{"width":854,"height":480,"url":"https:\/\/rosarinos.edu.uy\/wp-content\/uploads\/2022\/02\/Educacion-Inicial-Primaria-y-Secundaria-854-x-480-px.png","type":"image\/png"}],"author":"Jos\u00e9 Castro","twitter_card":"summary_large_image","twitter_misc":{"Escrito por":"Jos\u00e9 Castro","Tiempo de lectura":"2 minutos"},"schema":{"@context":"https:\/\/schema.org","@graph":[{"@type":"Article","@id":"https:\/\/rosarinos.edu.uy\/index.php\/2022\/02\/15\/calendario-de-inicio-de-ano-lectivo-2022\/#article","isPartOf":{"@id":"https:\/\/rosarinos.edu.uy\/index.php\/2022\/02\/15\/calendario-de-inicio-de-ano-lectivo-2022\/"},"author":{"name":"Jos\u00e9 Castro","@id":"https:\/\/rosarinos.edu.uy\/#\/schema\/person\/1f4852d1637b54b6aaf7c0699ee37537"},"headline":"Calendario de inicio de a\u00f1o lectivo 2022","datePublished":"2022-02-15T17:25:51+00:00","dateModified":"2022-02-16T13:27:25+00:00","mainEntityOfPage":{"@id":"https:\/\/rosarinos.edu.uy\/index.php\/2022\/02\/15\/calendario-de-inicio-de-ano-lectivo-2022\/"},"wordCount":230,"image":{"@id":"https:\/\/rosarinos.edu.uy\/index.php\/2022\/02\/15\/calendario-de-inicio-de-ano-lectivo-2022\/#primaryimage"},"thumbnailUrl":"https:\/\/rosarinos.edu.uy\/wp-content\/uploads\/2022\/02\/Educacion-Inicial-Primaria-y-Secundaria-854-x-480-px.png","articleSection":["Noticias"],"inLanguage":"es"},{"@type":"WebPage","@id":"https:\/\/rosarinos.edu.uy\/index.php\/2022\/02\/15\/calendario-de-inicio-de-ano-lectivo-2022\/","url":"https:\/\/rosarinos.edu.uy\/index.php\/2022\/02\/15\/calendario-de-inicio-de-ano-lectivo-2022\/","name":"Calendario de inicio de a\u00f1o lectivo 2022 - Colegio Nuestra Se\u00f1ora del Rosario","isPartOf":{"@id":"https:\/\/rosarinos.edu.uy\/#website"},"primaryImageOfPage":{"@id":"https:\/\/rosarinos.edu.uy\/index.php\/2022\/02\/15\/calendario-de-inicio-de-ano-lectivo-2022\/#primaryimage"},"image":{"@id":"https:\/\/rosarinos.edu.uy\/index.php\/2022\/02\/15\/calendario-de-inicio-de-ano-lectivo-2022\/#primaryimage"},"thumbnailUrl":"https:\/\/rosarinos.edu.uy\/wp-content\/uploads\/2022\/02\/Educacion-Inicial-Primaria-y-Secundaria-854-x-480-px.png","datePublished":"2022-02-15T17:25:51+00:00","dateModified":"2022-02-16T13:27:25+00:00","author":{"@id":"https:\/\/rosarinos.edu.uy\/#\/schema\/person\/1f4852d1637b54b6aaf7c0699ee37537"},"breadcrumb":{"@id":"https:\/\/rosarinos.edu.uy\/index.php\/2022\/02\/15\/calendario-de-inicio-de-ano-lectivo-2022\/#breadcrumb"},"inLanguage":"es","potentialAction":[{"@type":"ReadAction","target":["https:\/\/rosarinos.edu.uy\/index.php\/2022\/02\/15\/calendario-de-inicio-de-ano-lectivo-2022\/"]}]},{"@type":"ImageObject","inLanguage":"es","@id":"https:\/\/rosarinos.edu.uy\/index.php\/2022\/02\/15\/calendario-de-inicio-de-ano-lectivo-2022\/#primaryimage","url":"https:\/\/rosarinos.edu.uy\/wp-content\/uploads\/2022\/02\/Educacion-Inicial-Primaria-y-Secundaria-854-x-480-px.png","contentUrl":"https:\/\/rosarinos.edu.uy\/wp-content\/uploads\/2022\/02\/Educacion-Inicial-Primaria-y-Secundaria-854-x-480-px.png","width":854,"height":480},{"@type":"BreadcrumbList","@id":"https:\/\/rosarinos.edu.uy\/index.php\/2022\/02\/15\/calendario-de-inicio-de-ano-lectivo-2022\/#breadcrumb","itemListElement":[{"@type":"ListItem","position":1,"name":"Home","item":"https:\/\/rosarinos.edu.uy\/"},{"@type":"ListItem","position":2,"name":"Calendario de inicio de a\u00f1o lectivo 2022"}]},{"@type":"WebSite","@id":"https:\/\/rosarinos.edu.uy\/#website","url":"https:\/\/rosarinos.edu.uy\/","name":"Colegio Nuestra Se\u00f1ora del Rosario","description":"Nuestra identidad como Colegio se compone de la suma de distintos aspectos que nos hacen una instituci\u00f3n educativa con caracter\u00edsticas propias, donde toda la comunidad educativa vive una experiencia \u00fanica.","potentialAction":[{"@type":"SearchAction","target":{"@type":"EntryPoint","urlTemplate":"https:\/\/rosarinos.edu.uy\/?s={search_term_string}"},"query-input":{"@type":"PropertyValueSpecification","valueRequired":true,"valueName":"search_term_string"}}],"inLanguage":"es"},{"@type":"Person","@id":"https:\/\/rosarinos.edu.uy\/#\/schema\/person\/1f4852d1637b54b6aaf7c0699ee37537","name":"Jos\u00e9 Castro","url":"https:\/\/rosarinos.edu.uy\/index.php\/author\/jcastro\/"}]}},"_links":{"self":[{"href":"https:\/\/rosarinos.edu.uy\/index.php\/wp-json\/wp\/v2\/posts\/1343","targetHints":{"allow":["GET"]}}],"collection":[{"href":"https:\/\/rosarinos.edu.uy\/index.php\/wp-json\/wp\/v2\/posts"}],"about":[{"href":"https:\/\/rosarinos.edu.uy\/index.php\/wp-json\/wp\/v2\/types\/post"}],"author":[{"embeddable":true,"href":"https:\/\/rosarinos.edu.uy\/index.php\/wp-json\/wp\/v2\/users\/4"}],"replies":[{"embeddable":true,"href":"https:\/\/rosarinos.edu.uy\/index.php\/wp-json\/wp\/v2\/comments?post=1343"}],"version-history":[{"count":7,"href":"https:\/\/rosarinos.edu.uy\/index.php\/wp-json\/wp\/v2\/posts\/1343\/revisions"}],"predecessor-version":[{"id":1354,"href":"https:\/\/rosarinos.edu.uy\/index.php\/wp-json\/wp\/v2\/posts\/1343\/revisions\/1354"}],"wp:featuredmedia":[{"embeddable":true,"href":"https:\/\/rosarinos.edu.uy\/index.php\/wp-json\/wp\/v2\/media\/1345"}],"wp:attachment":[{"href":"https:\/\/rosarinos.edu.uy\/index.php\/wp-json\/wp\/v2\/media?parent=1343"}],"wp:term":[{"taxonomy":"category","embeddable":true,"href":"https:\/\/rosarinos.edu.uy\/index.php\/wp-json\/wp\/v2\/categories?post=1343"},{"taxonomy":"post_tag","embeddable":true,"href":"https:\/\/rosarinos.edu.uy\/index.php\/wp-json\/wp\/v2\/tags?post=1343"}],"curies":[{"name":"wp","href":"https:\/\/api.w.org\/{rel}","templated":true}]}}