{"id":1323,"date":"2021-12-28T05:45:45","date_gmt":"2021-12-28T08:45:45","guid":{"rendered":"https:\/\/rosarinos.edu.uy\/?p=1323"},"modified":"2021-12-28T06:04:59","modified_gmt":"2021-12-28T09:04:59","slug":"mtra-lucia-costa-coordinadora-pedagogica-en-rosarinos","status":"publish","type":"post","link":"https:\/\/rosarinos.edu.uy\/index.php\/2021\/12\/28\/mtra-lucia-costa-coordinadora-pedagogica-en-rosarinos\/","title":{"rendered":"Mtra. Luc\u00eda Costa, coordinadora pedag\u00f3gica en Rosarinos"},"content":{"rendered":"<p><span style=\"font-weight: 400;\">Con la mirada puesta en el proceso de crecimiento en el que se encuentra el Colegio Nuestra Se\u00f1ora del Rosario, es que se est\u00e1n creando nuevos roles de cara al a\u00f1o lectivo 2022 a fin de consolidar la calidad del proyecto educativo rosarino en Atl\u00e1ntida, e ir m\u00e1s all\u00e1 en el camino de la mejora continua y la adaptaci\u00f3n a las nuevas realidades sociales, locales y de las personas.<\/span><\/p>\n<p><span style=\"font-weight: 400;\">Es as\u00ed que, se ha decidido contar con el rol de coordinador pedag\u00f3gico institucional. Nos encontramos en un mundo globalizado en el cual el trabajo en equipo, la innovaci\u00f3n, las fuerzas renovadoras resultan cruciales en el desarrollo de proyectos educativos para este tiempo y el porvenir.<\/span><\/p>\n<p><span style=\"font-weight: 400;\">La coordinaci\u00f3n pedag\u00f3gica se integrar\u00e1 al equipo de gesti\u00f3n de la instituci\u00f3n y tendr\u00e1 por cometido planificar la implementaci\u00f3n de las pol\u00edticas educativas del Colegio en el corto, mediano y largo plazo. Tendr\u00e1 a su cargo coordinar la agenda de la instituci\u00f3n, la coordinaci\u00f3n de los distintos equipos y niveles educativos del Colegio, la representaci\u00f3n de la instituci\u00f3n en toda instancia que se requiera un portavoz de car\u00e1cter t\u00e9cnico-educativo. As\u00ed tambi\u00e9n, oficiar\u00e1 de nexo entre los distintos grupos de inter\u00e9s de la comunidad educativa, contribuyendo a soluciones pr\u00e1cticas para los desaf\u00edos de la cotidianeidad, como lo son, la planificaci\u00f3n de turnos, reuniones, eventos, instancias de car\u00e1cter educativo, pastoral o cultural. Estar\u00e1 tambi\u00e9n entre sus tareas, la profundizaci\u00f3n de los programas focales de la instituci\u00f3n, como lo son la ense\u00f1anza de segundas lenguas, el aprendizaje sobre los cuidados del Medio Ambiente, las actividades deportivas y de integraci\u00f3n. Supervisar\u00e1 todas las actividades extracurriculares que la instituci\u00f3n brinda a sus alumnos en Educaci\u00f3n Inicial, Primaria y Secundaria. Procurar\u00e1 tambi\u00e9n la eficiente organizaci\u00f3n de los equipos y roles docentes para que en cada actividad se logren los mejores resultados posibles. Promover\u00e1 la comunicaci\u00f3n fluida entre las partes y para con los hogares, asegur\u00e1ndose de que la informaci\u00f3n fluya correctamente y de forma asertiva.<\/span><\/p>\n<p><span style=\"font-weight: 400;\">Se busca de esta manera dar un salto en la profesionalizaci\u00f3n y especificidad en funciones que resultan esenciales para seguir construyendo un futuro de vanguardia para el Colegio, con un crecimiento no s\u00f3lo cuantitativo sino tambi\u00e9n cualitativo.<\/span><\/p>\n<p><span style=\"font-weight: 400;\">Tras un exhaustivo proceso de an\u00e1lisis, las autoridades del Colegio le han pedido a la Mtra. Luc\u00eda Costa ocupar este rol. Luc\u00eda es una profesional con formaci\u00f3n docente en el \u00e1rea de Maestra de Educaci\u00f3n Com\u00fan y tambi\u00e9n en el \u00e1rea de la docencia de Matem\u00e1tica. Ha demostrado desde su ingreso al Colegio un gran compromiso con los valores humanos y t\u00e9cnicos que hacen a la instituci\u00f3n. Primero como maestra de clase y luego como coordinadora de actividades extracurriculares de Educaci\u00f3n Inicial y Primaria promovi\u00f3 acciones que se destacaron e involucraron a toda la comunidad educativa con gran alegr\u00eda y compromiso.<\/span><\/p>\n<p><span style=\"font-weight: 400;\">Es as\u00ed que confiamos en su persona y le deseamos el mayor de los \u00e9xitos en esta tarea.<\/span><\/p>\n<h5><span style=\"font-weight: 400;\">\u00a1Felicitaciones Luc\u00eda!<\/span><\/h5>\n","protected":false},"excerpt":{"rendered":"<p>Con la mirada puesta en el proceso de crecimiento en el que se encuentra el Colegio Nuestra Se\u00f1ora del Rosario, es que se est\u00e1n creando nuevos roles de cara al a\u00f1o lectivo 2022 a fin de consolidar la calidad del proyecto educativo rosarino en Atl\u00e1ntida, e ir m\u00e1s all\u00e1 en el camino de la mejora &hellip; <a href=\"https:\/\/rosarinos.edu.uy\/index.php\/2021\/12\/28\/mtra-lucia-costa-coordinadora-pedagogica-en-rosarinos\/\" class=\"more-link\">Continue reading<span class=\"screen-reader-text\"> \u00abMtra. Luc\u00eda Costa, coordinadora pedag\u00f3gica en Rosarinos\u00bb<\/span><\/a><\/p>\n","protected":false},"author":4,"featured_media":1325,"comment_status":"closed","ping_status":"closed","sticky":false,"template":"","format":"standard","meta":{"footnotes":""},"categories":[4,1],"tags":[],"class_list":["post-1323","post","type-post","status-publish","format-standard","has-post-thumbnail","hentry","category-noticias","category-sin-categoria"],"yoast_head":"<!-- This site is optimized with the Yoast SEO plugin v27.5 - https:\/\/yoast.com\/product\/yoast-seo-wordpress\/ -->\n<title>Mtra. Luc\u00eda Costa, coordinadora pedag\u00f3gica en Rosarinos - Colegio Nuestra Se\u00f1ora del Rosario<\/title>\n<meta name=\"robots\" content=\"index, follow, max-snippet:-1, max-image-preview:large, max-video-preview:-1\" \/>\n<link rel=\"canonical\" href=\"https:\/\/rosarinos.edu.uy\/index.php\/2021\/12\/28\/mtra-lucia-costa-coordinadora-pedagogica-en-rosarinos\/\" \/>\n<meta property=\"og:locale\" content=\"es_ES\" \/>\n<meta property=\"og:type\" content=\"article\" \/>\n<meta property=\"og:title\" content=\"Mtra. Luc\u00eda Costa, coordinadora pedag\u00f3gica en Rosarinos - Colegio Nuestra Se\u00f1ora del Rosario\" \/>\n<meta property=\"og:description\" content=\"Con la mirada puesta en el proceso de crecimiento en el que se encuentra el Colegio Nuestra Se\u00f1ora del Rosario, es que se est\u00e1n creando nuevos roles de cara al a\u00f1o lectivo 2022 a fin de consolidar la calidad del proyecto educativo rosarino en Atl\u00e1ntida, e ir m\u00e1s all\u00e1 en el camino de la mejora &hellip; Continue reading &quot;Mtra. Luc\u00eda Costa, coordinadora pedag\u00f3gica en Rosarinos&quot;\" \/>\n<meta property=\"og:url\" content=\"https:\/\/rosarinos.edu.uy\/index.php\/2021\/12\/28\/mtra-lucia-costa-coordinadora-pedagogica-en-rosarinos\/\" \/>\n<meta property=\"og:site_name\" content=\"Colegio Nuestra Se\u00f1ora del Rosario\" \/>\n<meta property=\"article:published_time\" content=\"2021-12-28T08:45:45+00:00\" \/>\n<meta property=\"article:modified_time\" content=\"2021-12-28T09:04:59+00:00\" \/>\n<meta property=\"og:image\" content=\"https:\/\/rosarinos.edu.uy\/wp-content\/uploads\/2021\/12\/lucia-Pequeno.png\" \/>\n\t<meta property=\"og:image:width\" content=\"854\" \/>\n\t<meta property=\"og:image:height\" content=\"480\" \/>\n\t<meta property=\"og:image:type\" content=\"image\/png\" \/>\n<meta name=\"author\" content=\"Jos\u00e9 Castro\" \/>\n<meta name=\"twitter:card\" content=\"summary_large_image\" \/>\n<meta name=\"twitter:label1\" content=\"Escrito por\" \/>\n\t<meta name=\"twitter:data1\" content=\"Jos\u00e9 Castro\" \/>\n\t<meta name=\"twitter:label2\" content=\"Tiempo de lectura\" \/>\n\t<meta name=\"twitter:data2\" content=\"3 minutos\" \/>\n<script type=\"application\/ld+json\" class=\"yoast-schema-graph\">{\"@context\":\"https:\\\/\\\/schema.org\",\"@graph\":[{\"@type\":\"Article\",\"@id\":\"https:\\\/\\\/rosarinos.edu.uy\\\/index.php\\\/2021\\\/12\\\/28\\\/mtra-lucia-costa-coordinadora-pedagogica-en-rosarinos\\\/#article\",\"isPartOf\":{\"@id\":\"https:\\\/\\\/rosarinos.edu.uy\\\/index.php\\\/2021\\\/12\\\/28\\\/mtra-lucia-costa-coordinadora-pedagogica-en-rosarinos\\\/\"},\"author\":{\"name\":\"Jos\u00e9 Castro\",\"@id\":\"https:\\\/\\\/rosarinos.edu.uy\\\/#\\\/schema\\\/person\\\/1f4852d1637b54b6aaf7c0699ee37537\"},\"headline\":\"Mtra. Luc\u00eda Costa, coordinadora pedag\u00f3gica en Rosarinos\",\"datePublished\":\"2021-12-28T08:45:45+00:00\",\"dateModified\":\"2021-12-28T09:04:59+00:00\",\"mainEntityOfPage\":{\"@id\":\"https:\\\/\\\/rosarinos.edu.uy\\\/index.php\\\/2021\\\/12\\\/28\\\/mtra-lucia-costa-coordinadora-pedagogica-en-rosarinos\\\/\"},\"wordCount\":544,\"image\":{\"@id\":\"https:\\\/\\\/rosarinos.edu.uy\\\/index.php\\\/2021\\\/12\\\/28\\\/mtra-lucia-costa-coordinadora-pedagogica-en-rosarinos\\\/#primaryimage\"},\"thumbnailUrl\":\"https:\\\/\\\/rosarinos.edu.uy\\\/wp-content\\\/uploads\\\/2021\\\/12\\\/lucia-Pequeno.png\",\"articleSection\":[\"Noticias\"],\"inLanguage\":\"es\"},{\"@type\":\"WebPage\",\"@id\":\"https:\\\/\\\/rosarinos.edu.uy\\\/index.php\\\/2021\\\/12\\\/28\\\/mtra-lucia-costa-coordinadora-pedagogica-en-rosarinos\\\/\",\"url\":\"https:\\\/\\\/rosarinos.edu.uy\\\/index.php\\\/2021\\\/12\\\/28\\\/mtra-lucia-costa-coordinadora-pedagogica-en-rosarinos\\\/\",\"name\":\"Mtra. Luc\u00eda Costa, coordinadora pedag\u00f3gica en Rosarinos - Colegio Nuestra Se\u00f1ora del Rosario\",\"isPartOf\":{\"@id\":\"https:\\\/\\\/rosarinos.edu.uy\\\/#website\"},\"primaryImageOfPage\":{\"@id\":\"https:\\\/\\\/rosarinos.edu.uy\\\/index.php\\\/2021\\\/12\\\/28\\\/mtra-lucia-costa-coordinadora-pedagogica-en-rosarinos\\\/#primaryimage\"},\"image\":{\"@id\":\"https:\\\/\\\/rosarinos.edu.uy\\\/index.php\\\/2021\\\/12\\\/28\\\/mtra-lucia-costa-coordinadora-pedagogica-en-rosarinos\\\/#primaryimage\"},\"thumbnailUrl\":\"https:\\\/\\\/rosarinos.edu.uy\\\/wp-content\\\/uploads\\\/2021\\\/12\\\/lucia-Pequeno.png\",\"datePublished\":\"2021-12-28T08:45:45+00:00\",\"dateModified\":\"2021-12-28T09:04:59+00:00\",\"author\":{\"@id\":\"https:\\\/\\\/rosarinos.edu.uy\\\/#\\\/schema\\\/person\\\/1f4852d1637b54b6aaf7c0699ee37537\"},\"breadcrumb\":{\"@id\":\"https:\\\/\\\/rosarinos.edu.uy\\\/index.php\\\/2021\\\/12\\\/28\\\/mtra-lucia-costa-coordinadora-pedagogica-en-rosarinos\\\/#breadcrumb\"},\"inLanguage\":\"es\",\"potentialAction\":[{\"@type\":\"ReadAction\",\"target\":[\"https:\\\/\\\/rosarinos.edu.uy\\\/index.php\\\/2021\\\/12\\\/28\\\/mtra-lucia-costa-coordinadora-pedagogica-en-rosarinos\\\/\"]}]},{\"@type\":\"ImageObject\",\"inLanguage\":\"es\",\"@id\":\"https:\\\/\\\/rosarinos.edu.uy\\\/index.php\\\/2021\\\/12\\\/28\\\/mtra-lucia-costa-coordinadora-pedagogica-en-rosarinos\\\/#primaryimage\",\"url\":\"https:\\\/\\\/rosarinos.edu.uy\\\/wp-content\\\/uploads\\\/2021\\\/12\\\/lucia-Pequeno.png\",\"contentUrl\":\"https:\\\/\\\/rosarinos.edu.uy\\\/wp-content\\\/uploads\\\/2021\\\/12\\\/lucia-Pequeno.png\",\"width\":854,\"height\":480},{\"@type\":\"BreadcrumbList\",\"@id\":\"https:\\\/\\\/rosarinos.edu.uy\\\/index.php\\\/2021\\\/12\\\/28\\\/mtra-lucia-costa-coordinadora-pedagogica-en-rosarinos\\\/#breadcrumb\",\"itemListElement\":[{\"@type\":\"ListItem\",\"position\":1,\"name\":\"Home\",\"item\":\"https:\\\/\\\/rosarinos.edu.uy\\\/\"},{\"@type\":\"ListItem\",\"position\":2,\"name\":\"Mtra. Luc\u00eda Costa, coordinadora pedag\u00f3gica en Rosarinos\"}]},{\"@type\":\"WebSite\",\"@id\":\"https:\\\/\\\/rosarinos.edu.uy\\\/#website\",\"url\":\"https:\\\/\\\/rosarinos.edu.uy\\\/\",\"name\":\"Colegio Nuestra Se\u00f1ora del Rosario\",\"description\":\"Nuestra identidad como Colegio se compone de la suma de distintos aspectos que nos hacen una instituci\u00f3n educativa con caracter\u00edsticas propias, donde toda la comunidad educativa vive una experiencia \u00fanica.\",\"potentialAction\":[{\"@type\":\"SearchAction\",\"target\":{\"@type\":\"EntryPoint\",\"urlTemplate\":\"https:\\\/\\\/rosarinos.edu.uy\\\/?s={search_term_string}\"},\"query-input\":{\"@type\":\"PropertyValueSpecification\",\"valueRequired\":true,\"valueName\":\"search_term_string\"}}],\"inLanguage\":\"es\"},{\"@type\":\"Person\",\"@id\":\"https:\\\/\\\/rosarinos.edu.uy\\\/#\\\/schema\\\/person\\\/1f4852d1637b54b6aaf7c0699ee37537\",\"name\":\"Jos\u00e9 Castro\",\"url\":\"https:\\\/\\\/rosarinos.edu.uy\\\/index.php\\\/author\\\/jcastro\\\/\"}]}<\/script>\n<!-- \/ Yoast SEO plugin. -->","yoast_head_json":{"title":"Mtra. Luc\u00eda Costa, coordinadora pedag\u00f3gica en Rosarinos - Colegio Nuestra Se\u00f1ora del Rosario","robots":{"index":"index","follow":"follow","max-snippet":"max-snippet:-1","max-image-preview":"max-image-preview:large","max-video-preview":"max-video-preview:-1"},"canonical":"https:\/\/rosarinos.edu.uy\/index.php\/2021\/12\/28\/mtra-lucia-costa-coordinadora-pedagogica-en-rosarinos\/","og_locale":"es_ES","og_type":"article","og_title":"Mtra. Luc\u00eda Costa, coordinadora pedag\u00f3gica en Rosarinos - Colegio Nuestra Se\u00f1ora del Rosario","og_description":"Con la mirada puesta en el proceso de crecimiento en el que se encuentra el Colegio Nuestra Se\u00f1ora del Rosario, es que se est\u00e1n creando nuevos roles de cara al a\u00f1o lectivo 2022 a fin de consolidar la calidad del proyecto educativo rosarino en Atl\u00e1ntida, e ir m\u00e1s all\u00e1 en el camino de la mejora &hellip; Continue reading \"Mtra. Luc\u00eda Costa, coordinadora pedag\u00f3gica en Rosarinos\"","og_url":"https:\/\/rosarinos.edu.uy\/index.php\/2021\/12\/28\/mtra-lucia-costa-coordinadora-pedagogica-en-rosarinos\/","og_site_name":"Colegio Nuestra Se\u00f1ora del Rosario","article_published_time":"2021-12-28T08:45:45+00:00","article_modified_time":"2021-12-28T09:04:59+00:00","og_image":[{"width":854,"height":480,"url":"https:\/\/rosarinos.edu.uy\/wp-content\/uploads\/2021\/12\/lucia-Pequeno.png","type":"image\/png"}],"author":"Jos\u00e9 Castro","twitter_card":"summary_large_image","twitter_misc":{"Escrito por":"Jos\u00e9 Castro","Tiempo de lectura":"3 minutos"},"schema":{"@context":"https:\/\/schema.org","@graph":[{"@type":"Article","@id":"https:\/\/rosarinos.edu.uy\/index.php\/2021\/12\/28\/mtra-lucia-costa-coordinadora-pedagogica-en-rosarinos\/#article","isPartOf":{"@id":"https:\/\/rosarinos.edu.uy\/index.php\/2021\/12\/28\/mtra-lucia-costa-coordinadora-pedagogica-en-rosarinos\/"},"author":{"name":"Jos\u00e9 Castro","@id":"https:\/\/rosarinos.edu.uy\/#\/schema\/person\/1f4852d1637b54b6aaf7c0699ee37537"},"headline":"Mtra. Luc\u00eda Costa, coordinadora pedag\u00f3gica en Rosarinos","datePublished":"2021-12-28T08:45:45+00:00","dateModified":"2021-12-28T09:04:59+00:00","mainEntityOfPage":{"@id":"https:\/\/rosarinos.edu.uy\/index.php\/2021\/12\/28\/mtra-lucia-costa-coordinadora-pedagogica-en-rosarinos\/"},"wordCount":544,"image":{"@id":"https:\/\/rosarinos.edu.uy\/index.php\/2021\/12\/28\/mtra-lucia-costa-coordinadora-pedagogica-en-rosarinos\/#primaryimage"},"thumbnailUrl":"https:\/\/rosarinos.edu.uy\/wp-content\/uploads\/2021\/12\/lucia-Pequeno.png","articleSection":["Noticias"],"inLanguage":"es"},{"@type":"WebPage","@id":"https:\/\/rosarinos.edu.uy\/index.php\/2021\/12\/28\/mtra-lucia-costa-coordinadora-pedagogica-en-rosarinos\/","url":"https:\/\/rosarinos.edu.uy\/index.php\/2021\/12\/28\/mtra-lucia-costa-coordinadora-pedagogica-en-rosarinos\/","name":"Mtra. Luc\u00eda Costa, coordinadora pedag\u00f3gica en Rosarinos - Colegio Nuestra Se\u00f1ora del Rosario","isPartOf":{"@id":"https:\/\/rosarinos.edu.uy\/#website"},"primaryImageOfPage":{"@id":"https:\/\/rosarinos.edu.uy\/index.php\/2021\/12\/28\/mtra-lucia-costa-coordinadora-pedagogica-en-rosarinos\/#primaryimage"},"image":{"@id":"https:\/\/rosarinos.edu.uy\/index.php\/2021\/12\/28\/mtra-lucia-costa-coordinadora-pedagogica-en-rosarinos\/#primaryimage"},"thumbnailUrl":"https:\/\/rosarinos.edu.uy\/wp-content\/uploads\/2021\/12\/lucia-Pequeno.png","datePublished":"2021-12-28T08:45:45+00:00","dateModified":"2021-12-28T09:04:59+00:00","author":{"@id":"https:\/\/rosarinos.edu.uy\/#\/schema\/person\/1f4852d1637b54b6aaf7c0699ee37537"},"breadcrumb":{"@id":"https:\/\/rosarinos.edu.uy\/index.php\/2021\/12\/28\/mtra-lucia-costa-coordinadora-pedagogica-en-rosarinos\/#breadcrumb"},"inLanguage":"es","potentialAction":[{"@type":"ReadAction","target":["https:\/\/rosarinos.edu.uy\/index.php\/2021\/12\/28\/mtra-lucia-costa-coordinadora-pedagogica-en-rosarinos\/"]}]},{"@type":"ImageObject","inLanguage":"es","@id":"https:\/\/rosarinos.edu.uy\/index.php\/2021\/12\/28\/mtra-lucia-costa-coordinadora-pedagogica-en-rosarinos\/#primaryimage","url":"https:\/\/rosarinos.edu.uy\/wp-content\/uploads\/2021\/12\/lucia-Pequeno.png","contentUrl":"https:\/\/rosarinos.edu.uy\/wp-content\/uploads\/2021\/12\/lucia-Pequeno.png","width":854,"height":480},{"@type":"BreadcrumbList","@id":"https:\/\/rosarinos.edu.uy\/index.php\/2021\/12\/28\/mtra-lucia-costa-coordinadora-pedagogica-en-rosarinos\/#breadcrumb","itemListElement":[{"@type":"ListItem","position":1,"name":"Home","item":"https:\/\/rosarinos.edu.uy\/"},{"@type":"ListItem","position":2,"name":"Mtra. Luc\u00eda Costa, coordinadora pedag\u00f3gica en Rosarinos"}]},{"@type":"WebSite","@id":"https:\/\/rosarinos.edu.uy\/#website","url":"https:\/\/rosarinos.edu.uy\/","name":"Colegio Nuestra Se\u00f1ora del Rosario","description":"Nuestra identidad como Colegio se compone de la suma de distintos aspectos que nos hacen una instituci\u00f3n educativa con caracter\u00edsticas propias, donde toda la comunidad educativa vive una experiencia \u00fanica.","potentialAction":[{"@type":"SearchAction","target":{"@type":"EntryPoint","urlTemplate":"https:\/\/rosarinos.edu.uy\/?s={search_term_string}"},"query-input":{"@type":"PropertyValueSpecification","valueRequired":true,"valueName":"search_term_string"}}],"inLanguage":"es"},{"@type":"Person","@id":"https:\/\/rosarinos.edu.uy\/#\/schema\/person\/1f4852d1637b54b6aaf7c0699ee37537","name":"Jos\u00e9 Castro","url":"https:\/\/rosarinos.edu.uy\/index.php\/author\/jcastro\/"}]}},"_links":{"self":[{"href":"https:\/\/rosarinos.edu.uy\/index.php\/wp-json\/wp\/v2\/posts\/1323","targetHints":{"allow":["GET"]}}],"collection":[{"href":"https:\/\/rosarinos.edu.uy\/index.php\/wp-json\/wp\/v2\/posts"}],"about":[{"href":"https:\/\/rosarinos.edu.uy\/index.php\/wp-json\/wp\/v2\/types\/post"}],"author":[{"embeddable":true,"href":"https:\/\/rosarinos.edu.uy\/index.php\/wp-json\/wp\/v2\/users\/4"}],"replies":[{"embeddable":true,"href":"https:\/\/rosarinos.edu.uy\/index.php\/wp-json\/wp\/v2\/comments?post=1323"}],"version-history":[{"count":1,"href":"https:\/\/rosarinos.edu.uy\/index.php\/wp-json\/wp\/v2\/posts\/1323\/revisions"}],"predecessor-version":[{"id":1326,"href":"https:\/\/rosarinos.edu.uy\/index.php\/wp-json\/wp\/v2\/posts\/1323\/revisions\/1326"}],"wp:featuredmedia":[{"embeddable":true,"href":"https:\/\/rosarinos.edu.uy\/index.php\/wp-json\/wp\/v2\/media\/1325"}],"wp:attachment":[{"href":"https:\/\/rosarinos.edu.uy\/index.php\/wp-json\/wp\/v2\/media?parent=1323"}],"wp:term":[{"taxonomy":"category","embeddable":true,"href":"https:\/\/rosarinos.edu.uy\/index.php\/wp-json\/wp\/v2\/categories?post=1323"},{"taxonomy":"post_tag","embeddable":true,"href":"https:\/\/rosarinos.edu.uy\/index.php\/wp-json\/wp\/v2\/tags?post=1323"}],"curies":[{"name":"wp","href":"https:\/\/api.w.org\/{rel}","templated":true}]}}