{"id":1183,"date":"2021-11-22T17:45:39","date_gmt":"2021-11-22T20:45:39","guid":{"rendered":"https:\/\/rosarinos.edu.uy\/?p=1183"},"modified":"2021-12-04T18:24:17","modified_gmt":"2021-12-04T21:24:17","slug":"calendario-de-cierre-de-actividades","status":"publish","type":"post","link":"https:\/\/rosarinos.edu.uy\/index.php\/2021\/11\/22\/calendario-de-cierre-de-actividades\/","title":{"rendered":"Calendario de cierre de actividades"},"content":{"rendered":"<h5>Educaci\u00f3n Inicial y Primaria<\/h5>\n<p>7 de diciembre &#8211; Kermesse &#8211; A beneficio de la fiesta de 6to. A\u00f1o de Primaria<\/p>\n<p>8 de diciembre &#8211; Muestra de 3er. A\u00f1o Primaria &#8211; 13:30 hs.<\/p>\n<p>8 de diciembre &#8211; Muestra de 4to. A\u00f1o Primaria &#8211; 16:00 hs.<\/p>\n<p>9 de diciembre &#8211; Muestra de 1er. A\u00f1o Primaria &#8211; 13:30 hs.<\/p>\n<p>9 de diciembre &#8211; Muestra de 5to. A\u00f1o Primaria &#8211; 14:30 hs.<\/p>\n<p>9 de diciembre &#8211; Muestra de 2do. A\u00f1o Primaria &#8211; 16:00 hs.<\/p>\n<p>10 de diciembre &#8211; Despedida de 6to. A\u00f1o Primaria &#8211; 14:30 hs.<\/p>\n<p>20 de diciembre &#8211; Muestra de Educaci\u00f3n Inicial niveles 3, 4 y 5 &#8211; 17:00 hs. (junto con el Acto de clausura)<\/p>\n<p><strong>17 de diciembre &#8211; Finalizaci\u00f3n de cursos<\/strong><\/p>\n<p>20 de diciembre &#8211; Acto de clausura &#8211; Educaci\u00f3n Inicial 3, 4 y 5 &#8211; 1er. A\u00f1o y 2do. A\u00f1o Primaria &#8211; 17:00 hs.<\/p>\n<p>21 de diciembre &#8211; Acto de clausura &#8211; 3er. A\u00f1o, 4to. A\u00f1o, 5to. A\u00f1o, 6to. A\u00f1o Primaria. &#8211; 17:00 hs.<\/p>\n<p>&nbsp;<\/p>\n<h5>Educaci\u00f3n Secundaria<\/h5>\n<p>26 de noviembre &#8211; Matin\u00e9e &#8211; 18:00 a 22:00 hs.<\/p>\n<p>6 al 10 de diciembre &#8211; Muestra fotogr\u00e1fica en pasillos del Colegio<\/p>\n<p>10 de diciembre &#8211; Paseo de fin de cursos<\/p>\n<p><strong>17 de diciembre &#8211; Finalizaci\u00f3n de cursos<\/strong><\/p>\n<p>21 de diciembre &#8211; Acto de clausura &#8211; 17:00 hs.<\/p>\n","protected":false},"excerpt":{"rendered":"<p>Educaci\u00f3n Inicial y Primaria 7 de diciembre &#8211; Kermesse &#8211; A beneficio de la fiesta de 6to. A\u00f1o de Primaria 8 de diciembre &#8211; Muestra de 3er. A\u00f1o Primaria &#8211; 13:30 hs. 8 de diciembre &#8211; Muestra de 4to. A\u00f1o Primaria &#8211; 16:00 hs. 9 de diciembre &#8211; Muestra de 1er. A\u00f1o Primaria &#8211; 13:30 &hellip; <a href=\"https:\/\/rosarinos.edu.uy\/index.php\/2021\/11\/22\/calendario-de-cierre-de-actividades\/\" class=\"more-link\">Continue reading<span class=\"screen-reader-text\"> \u00abCalendario de cierre de actividades\u00bb<\/span><\/a><\/p>\n","protected":false},"author":4,"featured_media":1184,"comment_status":"closed","ping_status":"closed","sticky":false,"template":"","format":"standard","meta":{"footnotes":""},"categories":[4],"tags":[],"class_list":["post-1183","post","type-post","status-publish","format-standard","has-post-thumbnail","hentry","category-noticias"],"yoast_head":"<!-- This site is optimized with the Yoast SEO plugin v27.5 - https:\/\/yoast.com\/product\/yoast-seo-wordpress\/ -->\n<title>Calendario de cierre de actividades - Colegio Nuestra Se\u00f1ora del Rosario<\/title>\n<meta name=\"robots\" content=\"index, follow, max-snippet:-1, max-image-preview:large, max-video-preview:-1\" \/>\n<link rel=\"canonical\" href=\"https:\/\/rosarinos.edu.uy\/index.php\/2021\/11\/22\/calendario-de-cierre-de-actividades\/\" \/>\n<meta property=\"og:locale\" content=\"es_ES\" \/>\n<meta property=\"og:type\" content=\"article\" \/>\n<meta property=\"og:title\" content=\"Calendario de cierre de actividades - Colegio Nuestra Se\u00f1ora del Rosario\" \/>\n<meta property=\"og:description\" content=\"Educaci\u00f3n Inicial y Primaria 7 de diciembre &#8211; Kermesse &#8211; A beneficio de la fiesta de 6to. A\u00f1o de Primaria 8 de diciembre &#8211; Muestra de 3er. A\u00f1o Primaria &#8211; 13:30 hs. 8 de diciembre &#8211; Muestra de 4to. A\u00f1o Primaria &#8211; 16:00 hs. 9 de diciembre &#8211; Muestra de 1er. A\u00f1o Primaria &#8211; 13:30 &hellip; Continue reading &quot;Calendario de cierre de actividades&quot;\" \/>\n<meta property=\"og:url\" content=\"https:\/\/rosarinos.edu.uy\/index.php\/2021\/11\/22\/calendario-de-cierre-de-actividades\/\" \/>\n<meta property=\"og:site_name\" content=\"Colegio Nuestra Se\u00f1ora del Rosario\" \/>\n<meta property=\"article:published_time\" content=\"2021-11-22T20:45:39+00:00\" \/>\n<meta property=\"article:modified_time\" content=\"2021-12-04T21:24:17+00:00\" \/>\n<meta property=\"og:image\" content=\"https:\/\/rosarinos.edu.uy\/wp-content\/uploads\/2021\/11\/cierre-2021.png\" \/>\n\t<meta property=\"og:image:width\" content=\"854\" \/>\n\t<meta property=\"og:image:height\" content=\"480\" \/>\n\t<meta property=\"og:image:type\" content=\"image\/png\" \/>\n<meta name=\"author\" content=\"Jos\u00e9 Castro\" \/>\n<meta name=\"twitter:card\" content=\"summary_large_image\" \/>\n<meta name=\"twitter:label1\" content=\"Escrito por\" \/>\n\t<meta name=\"twitter:data1\" content=\"Jos\u00e9 Castro\" \/>\n\t<meta name=\"twitter:label2\" content=\"Tiempo de lectura\" \/>\n\t<meta name=\"twitter:data2\" content=\"1 minuto\" \/>\n<script type=\"application\/ld+json\" class=\"yoast-schema-graph\">{\"@context\":\"https:\\\/\\\/schema.org\",\"@graph\":[{\"@type\":\"Article\",\"@id\":\"https:\\\/\\\/rosarinos.edu.uy\\\/index.php\\\/2021\\\/11\\\/22\\\/calendario-de-cierre-de-actividades\\\/#article\",\"isPartOf\":{\"@id\":\"https:\\\/\\\/rosarinos.edu.uy\\\/index.php\\\/2021\\\/11\\\/22\\\/calendario-de-cierre-de-actividades\\\/\"},\"author\":{\"name\":\"Jos\u00e9 Castro\",\"@id\":\"https:\\\/\\\/rosarinos.edu.uy\\\/#\\\/schema\\\/person\\\/1f4852d1637b54b6aaf7c0699ee37537\"},\"headline\":\"Calendario de cierre de actividades\",\"datePublished\":\"2021-11-22T20:45:39+00:00\",\"dateModified\":\"2021-12-04T21:24:17+00:00\",\"mainEntityOfPage\":{\"@id\":\"https:\\\/\\\/rosarinos.edu.uy\\\/index.php\\\/2021\\\/11\\\/22\\\/calendario-de-cierre-de-actividades\\\/\"},\"wordCount\":207,\"image\":{\"@id\":\"https:\\\/\\\/rosarinos.edu.uy\\\/index.php\\\/2021\\\/11\\\/22\\\/calendario-de-cierre-de-actividades\\\/#primaryimage\"},\"thumbnailUrl\":\"https:\\\/\\\/rosarinos.edu.uy\\\/wp-content\\\/uploads\\\/2021\\\/11\\\/cierre-2021.png\",\"articleSection\":[\"Noticias\"],\"inLanguage\":\"es\"},{\"@type\":\"WebPage\",\"@id\":\"https:\\\/\\\/rosarinos.edu.uy\\\/index.php\\\/2021\\\/11\\\/22\\\/calendario-de-cierre-de-actividades\\\/\",\"url\":\"https:\\\/\\\/rosarinos.edu.uy\\\/index.php\\\/2021\\\/11\\\/22\\\/calendario-de-cierre-de-actividades\\\/\",\"name\":\"Calendario de cierre de actividades - Colegio Nuestra Se\u00f1ora del Rosario\",\"isPartOf\":{\"@id\":\"https:\\\/\\\/rosarinos.edu.uy\\\/#website\"},\"primaryImageOfPage\":{\"@id\":\"https:\\\/\\\/rosarinos.edu.uy\\\/index.php\\\/2021\\\/11\\\/22\\\/calendario-de-cierre-de-actividades\\\/#primaryimage\"},\"image\":{\"@id\":\"https:\\\/\\\/rosarinos.edu.uy\\\/index.php\\\/2021\\\/11\\\/22\\\/calendario-de-cierre-de-actividades\\\/#primaryimage\"},\"thumbnailUrl\":\"https:\\\/\\\/rosarinos.edu.uy\\\/wp-content\\\/uploads\\\/2021\\\/11\\\/cierre-2021.png\",\"datePublished\":\"2021-11-22T20:45:39+00:00\",\"dateModified\":\"2021-12-04T21:24:17+00:00\",\"author\":{\"@id\":\"https:\\\/\\\/rosarinos.edu.uy\\\/#\\\/schema\\\/person\\\/1f4852d1637b54b6aaf7c0699ee37537\"},\"breadcrumb\":{\"@id\":\"https:\\\/\\\/rosarinos.edu.uy\\\/index.php\\\/2021\\\/11\\\/22\\\/calendario-de-cierre-de-actividades\\\/#breadcrumb\"},\"inLanguage\":\"es\",\"potentialAction\":[{\"@type\":\"ReadAction\",\"target\":[\"https:\\\/\\\/rosarinos.edu.uy\\\/index.php\\\/2021\\\/11\\\/22\\\/calendario-de-cierre-de-actividades\\\/\"]}]},{\"@type\":\"ImageObject\",\"inLanguage\":\"es\",\"@id\":\"https:\\\/\\\/rosarinos.edu.uy\\\/index.php\\\/2021\\\/11\\\/22\\\/calendario-de-cierre-de-actividades\\\/#primaryimage\",\"url\":\"https:\\\/\\\/rosarinos.edu.uy\\\/wp-content\\\/uploads\\\/2021\\\/11\\\/cierre-2021.png\",\"contentUrl\":\"https:\\\/\\\/rosarinos.edu.uy\\\/wp-content\\\/uploads\\\/2021\\\/11\\\/cierre-2021.png\",\"width\":854,\"height\":480},{\"@type\":\"BreadcrumbList\",\"@id\":\"https:\\\/\\\/rosarinos.edu.uy\\\/index.php\\\/2021\\\/11\\\/22\\\/calendario-de-cierre-de-actividades\\\/#breadcrumb\",\"itemListElement\":[{\"@type\":\"ListItem\",\"position\":1,\"name\":\"Home\",\"item\":\"https:\\\/\\\/rosarinos.edu.uy\\\/\"},{\"@type\":\"ListItem\",\"position\":2,\"name\":\"Calendario de cierre de actividades\"}]},{\"@type\":\"WebSite\",\"@id\":\"https:\\\/\\\/rosarinos.edu.uy\\\/#website\",\"url\":\"https:\\\/\\\/rosarinos.edu.uy\\\/\",\"name\":\"Colegio Nuestra Se\u00f1ora del Rosario\",\"description\":\"Nuestra identidad como Colegio se compone de la suma de distintos aspectos que nos hacen una instituci\u00f3n educativa con caracter\u00edsticas propias, donde toda la comunidad educativa vive una experiencia \u00fanica.\",\"potentialAction\":[{\"@type\":\"SearchAction\",\"target\":{\"@type\":\"EntryPoint\",\"urlTemplate\":\"https:\\\/\\\/rosarinos.edu.uy\\\/?s={search_term_string}\"},\"query-input\":{\"@type\":\"PropertyValueSpecification\",\"valueRequired\":true,\"valueName\":\"search_term_string\"}}],\"inLanguage\":\"es\"},{\"@type\":\"Person\",\"@id\":\"https:\\\/\\\/rosarinos.edu.uy\\\/#\\\/schema\\\/person\\\/1f4852d1637b54b6aaf7c0699ee37537\",\"name\":\"Jos\u00e9 Castro\",\"url\":\"https:\\\/\\\/rosarinos.edu.uy\\\/index.php\\\/author\\\/jcastro\\\/\"}]}<\/script>\n<!-- \/ Yoast SEO plugin. -->","yoast_head_json":{"title":"Calendario de cierre de actividades - Colegio Nuestra Se\u00f1ora del Rosario","robots":{"index":"index","follow":"follow","max-snippet":"max-snippet:-1","max-image-preview":"max-image-preview:large","max-video-preview":"max-video-preview:-1"},"canonical":"https:\/\/rosarinos.edu.uy\/index.php\/2021\/11\/22\/calendario-de-cierre-de-actividades\/","og_locale":"es_ES","og_type":"article","og_title":"Calendario de cierre de actividades - Colegio Nuestra Se\u00f1ora del Rosario","og_description":"Educaci\u00f3n Inicial y Primaria 7 de diciembre &#8211; Kermesse &#8211; A beneficio de la fiesta de 6to. A\u00f1o de Primaria 8 de diciembre &#8211; Muestra de 3er. A\u00f1o Primaria &#8211; 13:30 hs. 8 de diciembre &#8211; Muestra de 4to. A\u00f1o Primaria &#8211; 16:00 hs. 9 de diciembre &#8211; Muestra de 1er. A\u00f1o Primaria &#8211; 13:30 &hellip; Continue reading \"Calendario de cierre de actividades\"","og_url":"https:\/\/rosarinos.edu.uy\/index.php\/2021\/11\/22\/calendario-de-cierre-de-actividades\/","og_site_name":"Colegio Nuestra Se\u00f1ora del Rosario","article_published_time":"2021-11-22T20:45:39+00:00","article_modified_time":"2021-12-04T21:24:17+00:00","og_image":[{"width":854,"height":480,"url":"https:\/\/rosarinos.edu.uy\/wp-content\/uploads\/2021\/11\/cierre-2021.png","type":"image\/png"}],"author":"Jos\u00e9 Castro","twitter_card":"summary_large_image","twitter_misc":{"Escrito por":"Jos\u00e9 Castro","Tiempo de lectura":"1 minuto"},"schema":{"@context":"https:\/\/schema.org","@graph":[{"@type":"Article","@id":"https:\/\/rosarinos.edu.uy\/index.php\/2021\/11\/22\/calendario-de-cierre-de-actividades\/#article","isPartOf":{"@id":"https:\/\/rosarinos.edu.uy\/index.php\/2021\/11\/22\/calendario-de-cierre-de-actividades\/"},"author":{"name":"Jos\u00e9 Castro","@id":"https:\/\/rosarinos.edu.uy\/#\/schema\/person\/1f4852d1637b54b6aaf7c0699ee37537"},"headline":"Calendario de cierre de actividades","datePublished":"2021-11-22T20:45:39+00:00","dateModified":"2021-12-04T21:24:17+00:00","mainEntityOfPage":{"@id":"https:\/\/rosarinos.edu.uy\/index.php\/2021\/11\/22\/calendario-de-cierre-de-actividades\/"},"wordCount":207,"image":{"@id":"https:\/\/rosarinos.edu.uy\/index.php\/2021\/11\/22\/calendario-de-cierre-de-actividades\/#primaryimage"},"thumbnailUrl":"https:\/\/rosarinos.edu.uy\/wp-content\/uploads\/2021\/11\/cierre-2021.png","articleSection":["Noticias"],"inLanguage":"es"},{"@type":"WebPage","@id":"https:\/\/rosarinos.edu.uy\/index.php\/2021\/11\/22\/calendario-de-cierre-de-actividades\/","url":"https:\/\/rosarinos.edu.uy\/index.php\/2021\/11\/22\/calendario-de-cierre-de-actividades\/","name":"Calendario de cierre de actividades - Colegio Nuestra Se\u00f1ora del Rosario","isPartOf":{"@id":"https:\/\/rosarinos.edu.uy\/#website"},"primaryImageOfPage":{"@id":"https:\/\/rosarinos.edu.uy\/index.php\/2021\/11\/22\/calendario-de-cierre-de-actividades\/#primaryimage"},"image":{"@id":"https:\/\/rosarinos.edu.uy\/index.php\/2021\/11\/22\/calendario-de-cierre-de-actividades\/#primaryimage"},"thumbnailUrl":"https:\/\/rosarinos.edu.uy\/wp-content\/uploads\/2021\/11\/cierre-2021.png","datePublished":"2021-11-22T20:45:39+00:00","dateModified":"2021-12-04T21:24:17+00:00","author":{"@id":"https:\/\/rosarinos.edu.uy\/#\/schema\/person\/1f4852d1637b54b6aaf7c0699ee37537"},"breadcrumb":{"@id":"https:\/\/rosarinos.edu.uy\/index.php\/2021\/11\/22\/calendario-de-cierre-de-actividades\/#breadcrumb"},"inLanguage":"es","potentialAction":[{"@type":"ReadAction","target":["https:\/\/rosarinos.edu.uy\/index.php\/2021\/11\/22\/calendario-de-cierre-de-actividades\/"]}]},{"@type":"ImageObject","inLanguage":"es","@id":"https:\/\/rosarinos.edu.uy\/index.php\/2021\/11\/22\/calendario-de-cierre-de-actividades\/#primaryimage","url":"https:\/\/rosarinos.edu.uy\/wp-content\/uploads\/2021\/11\/cierre-2021.png","contentUrl":"https:\/\/rosarinos.edu.uy\/wp-content\/uploads\/2021\/11\/cierre-2021.png","width":854,"height":480},{"@type":"BreadcrumbList","@id":"https:\/\/rosarinos.edu.uy\/index.php\/2021\/11\/22\/calendario-de-cierre-de-actividades\/#breadcrumb","itemListElement":[{"@type":"ListItem","position":1,"name":"Home","item":"https:\/\/rosarinos.edu.uy\/"},{"@type":"ListItem","position":2,"name":"Calendario de cierre de actividades"}]},{"@type":"WebSite","@id":"https:\/\/rosarinos.edu.uy\/#website","url":"https:\/\/rosarinos.edu.uy\/","name":"Colegio Nuestra Se\u00f1ora del Rosario","description":"Nuestra identidad como Colegio se compone de la suma de distintos aspectos que nos hacen una instituci\u00f3n educativa con caracter\u00edsticas propias, donde toda la comunidad educativa vive una experiencia \u00fanica.","potentialAction":[{"@type":"SearchAction","target":{"@type":"EntryPoint","urlTemplate":"https:\/\/rosarinos.edu.uy\/?s={search_term_string}"},"query-input":{"@type":"PropertyValueSpecification","valueRequired":true,"valueName":"search_term_string"}}],"inLanguage":"es"},{"@type":"Person","@id":"https:\/\/rosarinos.edu.uy\/#\/schema\/person\/1f4852d1637b54b6aaf7c0699ee37537","name":"Jos\u00e9 Castro","url":"https:\/\/rosarinos.edu.uy\/index.php\/author\/jcastro\/"}]}},"_links":{"self":[{"href":"https:\/\/rosarinos.edu.uy\/index.php\/wp-json\/wp\/v2\/posts\/1183","targetHints":{"allow":["GET"]}}],"collection":[{"href":"https:\/\/rosarinos.edu.uy\/index.php\/wp-json\/wp\/v2\/posts"}],"about":[{"href":"https:\/\/rosarinos.edu.uy\/index.php\/wp-json\/wp\/v2\/types\/post"}],"author":[{"embeddable":true,"href":"https:\/\/rosarinos.edu.uy\/index.php\/wp-json\/wp\/v2\/users\/4"}],"replies":[{"embeddable":true,"href":"https:\/\/rosarinos.edu.uy\/index.php\/wp-json\/wp\/v2\/comments?post=1183"}],"version-history":[{"count":4,"href":"https:\/\/rosarinos.edu.uy\/index.php\/wp-json\/wp\/v2\/posts\/1183\/revisions"}],"predecessor-version":[{"id":1199,"href":"https:\/\/rosarinos.edu.uy\/index.php\/wp-json\/wp\/v2\/posts\/1183\/revisions\/1199"}],"wp:featuredmedia":[{"embeddable":true,"href":"https:\/\/rosarinos.edu.uy\/index.php\/wp-json\/wp\/v2\/media\/1184"}],"wp:attachment":[{"href":"https:\/\/rosarinos.edu.uy\/index.php\/wp-json\/wp\/v2\/media?parent=1183"}],"wp:term":[{"taxonomy":"category","embeddable":true,"href":"https:\/\/rosarinos.edu.uy\/index.php\/wp-json\/wp\/v2\/categories?post=1183"},{"taxonomy":"post_tag","embeddable":true,"href":"https:\/\/rosarinos.edu.uy\/index.php\/wp-json\/wp\/v2\/tags?post=1183"}],"curies":[{"name":"wp","href":"https:\/\/api.w.org\/{rel}","templated":true}]}}